{"id":52015,"date":"2025-04-01T21:11:15","date_gmt":"2025-04-02T00:11:15","guid":{"rendered":"https:\/\/radiorevelacionfm.cl\/?p=52015"},"modified":"2025-04-01T21:11:15","modified_gmt":"2025-04-02T00:11:15","slug":"se-inicia-la-entrega-de-antecedentes-para-el-pago-de-la-deuda-historica-estos-son-los-tramites-y-los-pasos-que-vienen","status":"publish","type":"post","link":"https:\/\/radiorevelacionfm.cl\/?p=52015","title":{"rendered":"Se inicia la entrega de antecedentes para el pago de la Deuda Hist\u00f3rica: estos son los tr\u00e1mites y los pasos que vienen"},"content":{"rendered":"<div class=\"flex_column av_one_full  flex_column_div av-zero-column-padding first  avia-builder-el-0  el_before_av_one_full  avia-builder-el-first  \" style='border-radius:0px; '><div  class='avia-image-container  av-styling-    avia-builder-el-1  avia-builder-el-no-sibling  avia-align-center '  itemprop=\"image\" itemscope=\"itemscope\" itemtype=\"https:\/\/schema.org\/ImageObject\"  ><div class='avia-image-container-inner'><div class='avia-image-overlay-wrap'><img decoding=\"async\" class='wp-image-52016 avia-img-lazy-loading-not-52016 avia_image' src=\"https:\/\/radiorevelacionfm.cl\/wp-content\/uploads\/2025\/04\/Deuda-Historica-4-1-1.jpg\" alt='' title='Deuda Hist\u00f3rica 4 (1) (1)' height=\"600\" width=\"900\"  itemprop=\"thumbnailUrl\" srcset=\"https:\/\/radiorevelacionfm.cl\/wp-content\/uploads\/2025\/04\/Deuda-Historica-4-1-1.jpg 900w, https:\/\/radiorevelacionfm.cl\/wp-content\/uploads\/2025\/04\/Deuda-Historica-4-1-1-300x200.jpg 300w, https:\/\/radiorevelacionfm.cl\/wp-content\/uploads\/2025\/04\/Deuda-Historica-4-1-1-768x512.jpg 768w, https:\/\/radiorevelacionfm.cl\/wp-content\/uploads\/2025\/04\/Deuda-Historica-4-1-1-705x470.jpg 705w, https:\/\/radiorevelacionfm.cl\/wp-content\/uploads\/2025\/04\/Deuda-Historica-4-1-1-450x300.jpg 450w, https:\/\/radiorevelacionfm.cl\/wp-content\/uploads\/2025\/04\/Deuda-Historica-4-1-1-600x400.jpg 600w\" sizes=\"(max-width: 900px) 100vw, 900px\" \/><\/div><\/div><\/div><\/div><div class=\"flex_column av_one_full  flex_column_div av-zero-column-padding first  avia-builder-el-2  el_after_av_one_full  el_before_av_one_full  column-top-margin\" style='border-radius:0px; '><section class=\"av_textblock_section \"  itemscope=\"itemscope\" itemtype=\"https:\/\/schema.org\/BlogPosting\" itemprop=\"blogPost\" ><div class='avia_textblock  '   itemprop=\"text\" ><p style=\"text-align: center;\"><span style=\"font-size: 18pt;\"><b>Se inicia la entrega de antecedentes para el pago de la Deuda Hist\u00f3rica: estos son los tr\u00e1mites y los pasos que vienen<\/b><\/span><\/p>\n<div id=\"gtx-trans\" style=\"position: absolute; left: -50px; top: 4.31534px;\">\n<div class=\"gtx-trans-icon\"><\/div>\n<\/div>\n<\/div><\/section><\/div><div class=\"flex_column av_one_full  flex_column_div av-zero-column-padding first  avia-builder-el-4  el_after_av_one_full  el_before_av_hr  column-top-margin\" style='border-radius:0px; '><section class=\"av_textblock_section \"  itemscope=\"itemscope\" itemtype=\"https:\/\/schema.org\/BlogPosting\" itemprop=\"blogPost\" ><div class='avia_textblock  '   itemprop=\"text\" ><p class=\"v1MsoNormal\" style=\"text-align: justify;\" align=\"center\"><em>El Seremi de Educaci\u00f3n de Ays\u00e9n (S) Claudio Rivera invit\u00f3 a todos los profesores y profesoras de la regi\u00f3n que figuran en la n\u00f3mina del Mineduc y a aquellos que no lo est\u00e1n a ingresar sus antecedentes en esta plataforma.<\/em><b><\/b><\/p>\n<p class=\"v1MsoNormal\" style=\"text-align: justify;\">Este lunes, el ministro de Educaci\u00f3n, Nicol\u00e1s Cataldo, junto a la subsecretaria de Educaci\u00f3n, Alejandra Arratia, y el presidente del Colegio de Profesoras y Profesores, Mario Aguilar, presentaron la nueva plataforma web para iniciar la entrega oficial de antecedentes, luego de que en enero de este a\u00f1o, el Gobierno promulgara la ley que entrega una soluci\u00f3n a la Deuda Hist\u00f3rica Docente, la que contempla un pago, por \u00fanica vez, de $4,5 millones a cada persona afectada, lo que beneficiar\u00eda a cerca de 57 mil docentes por la llamada Deuda Hist\u00f3rica, generada entre los a\u00f1os 1980 y 1987.<\/p>\n<p class=\"v1MsoNormal\" style=\"text-align: justify;\">Y a partir de este lunes 31 de marzo ya est\u00e1 habilitada la plataforma web en\u00a0<a href=\"https:\/\/soluciondeudahistorica.mineduc.cl\/\" target=\"_blank\" rel=\"noopener noreferrer\">https:\/\/soluciondeudahistorica.mineduc.cl\/<\/a>,\u00a0para que las y los profesores realicen los tr\u00e1mites necesarios para obtener el pago del beneficio, tanto quienes ya se encuentran en la n\u00f3mina con la que cuenta el Mineduc para identificar a las y los docentes que fueron parte del traspaso a la educaci\u00f3n municipal, como quienes no se encuentren en esa n\u00f3mina. Este proceso estar\u00e1 habilitado hasta el 31 de diciembre de 2026.<\/p>\n<p class=\"v1MsoNormal\" style=\"text-align: justify;\">El ministro de Educaci\u00f3n, Nicol\u00e1s Cataldo, dijo que \u201cestamos muy contentos como Gobierno de ir cumpliendo con el compromiso que hizo el Presidente Gabriel Boric\u201d y destac\u00f3 que la habilitaci\u00f3n de la plataforma \u201ces un paso m\u00e1s de este proceso hist\u00f3rico, que no tiene precedente, porque genera un poquito de justicia. Esperamos con esto ayudar a colegas que quiz\u00e1s lo est\u00e1n pasando mal, que tienen necesidades, pero tambi\u00e9n queremos con esto cerrar un cap\u00edtulo doloroso que se ha extendido mucho m\u00e1s de lo que se deber\u00eda\u201d.<\/p>\n<p class=\"v1MsoNormal\" style=\"text-align: justify;\"><b><\/b>En esa misma l\u00ednea<b>\u00a0el Seremi de Educaci\u00f3n de Ays\u00e9n (S) Claudio Rivera<\/b>\u00a0invit\u00f3 a todos los profesores y profesoras de la regi\u00f3n que figuran en la n\u00f3mina del Mineduc como aquellos que no lo est\u00e1n a ingresar sus antecedentes en esta plataforma subray\u00f3 que \u201cEl Gobierno del Presidente Boric cumple su compromiso con los profesores de Chile con\u00a0 la habilitaci\u00f3n de esta plataforma en marzo, y as\u00ed como se ha impulsado esta soluci\u00f3n seguiremos\u00a0 avanzando con convicci\u00f3n en el pago de la deuda hist\u00f3rica\u201d.<\/p>\n<p class=\"v1MsoNormal\" style=\"text-align: justify;\">El presidente del Colegio de Profesoras y Profesores, Mario Aguilar, plante\u00f3 que el pago de la deuda hist\u00f3rica \u201cviene a reconocer por parte del Estado el da\u00f1o que se produjo a las y los docentes. M\u00e1s all\u00e1 del monto, tiene mucha importancia que el Estado de Chile, a trav\u00e9s de este Gobierno, reconozca que hubo un da\u00f1o grande, que en estos 43 a\u00f1os no hab\u00eda tenido justicia ni reparaci\u00f3n, y hoy s\u00ed la tiene\u201d.<\/p>\n<p class=\"v1MsoNormal\" style=\"text-align: justify;\">Este proceso estar\u00e1 habilitado para todas las y los docentes, independiente de su edad, e independiente de si se encuentran o no en la n\u00f3mina de la que ya dispone el Ministerio de Educaci\u00f3n con los docentes ya identificados como parte del traspaso a la educaci\u00f3n municipal.<\/p>\n<p class=\"v1MsoNormal\" style=\"text-align: justify;\">Para realizar el pago se dividir\u00e1 a las y los docentes en seis grupos (ver tabla abajo), en consideraci\u00f3n a los cupos disponibles por a\u00f1o, priorizados seg\u00fan criterio de edad, comenzando con las personas de mayor edad a las de menor edad. Cada grupo recibir\u00e1 su pago en dos cuotas, en octubre del a\u00f1o asignado y en enero del a\u00f1o siguiente. Por ejemplo, el grupo de este a\u00f1o se le pagar\u00e1 su primera cuota en octubre de 2025 y la segunda en enero de 2026.<\/p>\n<p class=\"v1MsoNormal\" style=\"text-align: justify;\">Para definir las y los docentes que tendr\u00e1n su pago el 2025, el Mineduc dispuso que el 15 de junio de este a\u00f1o ser\u00e1 la fecha de corte<b>.\u00a0<\/b>Esto implica que las personas que entreguen sus antecedentes posterior a esa fecha, no podr\u00e1n optar al pago durante este a\u00f1o, aun cuando hacerlo previo a ese plazo no garantiza ser beneficiario durante 2025, dado que los 15.560 cupos disponibles de este a\u00f1o se asignar\u00e1n a las personas de mayor edad, de entre quienes cumplan con los requisitos durante este plazo.<\/p>\n<p class=\"v1MsoNormal\" style=\"text-align: justify;\">El aporte ser\u00e1 transmisible por causa de muerte si el\u00a0o la docente fallece entre la fecha en que presente la totalidad de los antecedentes que permitan dar cuenta que cumple con todos los requisitos exigidos por la Ley para obtener el aporte, y antes de percibirlo \u00edntegramente.<\/p>\n<p class=\"v1MsoNormal\" style=\"text-align: justify;\"><b><u>INGRESO A LA PLATAFORMA:<\/u><\/b><\/p>\n<p class=\"v1MsoNormal\" style=\"text-align: justify;\">Para ingresar sus antecedentes a la plataforma, las y los profesores deben tener:<\/p>\n<p class=\"v1MsoNormal\" style=\"text-align: justify;\">\u00b7\u00a0\u00a0\u00a0\u00a0\u00a0\u00a0\u00a0\u00a0La Clave \u00danica que entrega el Registro Civil.<\/p>\n<p class=\"v1MsoNormal\" style=\"text-align: justify;\">\u00b7\u00a0\u00a0\u00a0\u00a0\u00a0\u00a0\u00a0\u00a0Un correo electr\u00f3nico de acceso permanente, a trav\u00e9s del cual el Mineduc enviar\u00e1 informaci\u00f3n sobre el avance del proceso.<\/p>\n<p class=\"v1MsoNormal\" style=\"text-align: justify;\"><b><u>DOCUMENTOS QUE DEBEN PRESENTAR TODOS LOS DOCENTES:<\/u><\/b><\/p>\n<p class=\"v1MsoNormal\" style=\"text-align: justify;\">Una vez que los docentes ingresen a la plataforma deber\u00e1n cumplir con los siguientes tr\u00e1mites y plazos, seg\u00fan el caso en que se encuentren:<\/p>\n<p class=\"v1MsoNormal\" style=\"text-align: justify;\">1. Aceptar la declaraci\u00f3n jurada que indique no haber recibido el pago de la asignaci\u00f3n que gener\u00f3 la deuda hist\u00f3rica.<\/p>\n<p class=\"v1MsoNormal\" style=\"text-align: justify;\">2. Aceptar la declaraci\u00f3n jurada simple en que se indique la inexistencia de alguna demanda judicial en curso. En el caso de existir un juicio o reclamaci\u00f3n administrativa pendiente, podr\u00e1 adjuntar la copia de solicitud de desistimiento al tribunal respectivo, pero el pago solo se podr\u00e1 realizar cuando obtenga del tribunal la certificaci\u00f3n de que se encuentra firme y ejecutoriado el desistimiento total de las acciones, el que podr\u00e1 presentar <b>hasta la fecha de corte para la entrega de informaci\u00f3n que permita ser considerado en el \u00faltimo per\u00edodo de pago (15 de junio de 2030).<\/b><\/p>\n<p class=\"v1MsoNormal\" style=\"text-align: justify;\">3. Aceptar la declaraci\u00f3n jurada de desistimiento de acciones judiciales futuras.<\/p>\n<p class=\"v1MsoNormal\" style=\"text-align: justify;\">Estas declaraciones tendr\u00e1n un formato est\u00e1ndar y deber\u00e1n ser aceptadas en la misma plataforma. Una vez que ingresen los antecedentes, los docentes recibir\u00e1n en su correo electr\u00f3nico un\u00a0<b>certificado de finalizaci\u00f3n de la solicitud<\/b>.<\/p>\n<p class=\"v1MsoNormal\" style=\"text-align: justify;\"><b><u>DOCUMENTOS QUE DEBEN PRESENTAR QUIENES NO EST\u00c9N EN EL LISTADO DE DOCENTES TRASPASADOS DEL MINEDUC:<\/u><\/b><\/p>\n<p class=\"v1MsoNormal\" style=\"text-align: justify;\">Aquellos docentes afectados que no sean parte del registro de docentes traspasados del Mineduc, adem\u00e1s de cumplir con los tr\u00e1mites anteriormente descritos, tendr\u00e1n que subir a la plataforma, en el formato y tama\u00f1o que ah\u00ed se indica, los antecedentes que tengan disponibles que permitan determinar que fueron parte del proceso de traspaso de las escuelas p\u00fablicas a la administraci\u00f3n municipal, en el per\u00edodo 1980-1987.<\/p>\n<p class=\"v1MsoNormal\" style=\"text-align: justify;\">El Ministerio de Educaci\u00f3n, de todos modos, revisar\u00e1 en todas estas postulaciones su registro hist\u00f3rico de funcionarios, para realizar esta determinaci\u00f3n, por lo que contar con este tipo de antecedentes no es requisito para realizar esta postulaci\u00f3n.<\/p>\n<p class=\"v1MsoNormal\" style=\"text-align: justify;\"><b><u>PLAZOS DEL PAGO Y CUPOS<\/u><\/b><\/p>\n<p class=\"v1MsoNormal\" style=\"text-align: justify;\">Los docentes tendr\u00e1n hasta el 31 de diciembre de 2026 para hacer entrega de la informaci\u00f3n requerida en la plataforma\u00a0<a href=\"https:\/\/soluciondeudahistorica.mineduc.cl\/\" target=\"_blank\" rel=\"noopener noreferrer\">https:\/\/soluciondeudahistorica.mineduc.cl\/<\/a>: aportar su manifestaci\u00f3n de voluntad, presentar sus antecedentes y suscribir las declaraciones juradas.<\/p>\n<p class=\"v1MsoNormal\" style=\"text-align: justify;\">Para el proceso de pago 2025, la fecha de corte para la entrega de los antecedentes requeridos es el 15 de junio de este a\u00f1o. Considerando quienes hayan entregado la informaci\u00f3n hasta dicha fecha, y en los casos de quienes cumplan con todos los requisitos, el Mineduc definir\u00e1 al primer grupo de pago, que ser\u00e1 de 15.560 docentes, los que se seleccionar\u00e1n considerando a los de mayor edad, de entre quienes queden habilitados como beneficiarios para recibir el pago.<\/p>\n<table class=\"v1MsoNormalTable\" border=\"0\" cellspacing=\"0\" cellpadding=\"0\">\n<tbody>\n<tr>\n<td valign=\"top\" width=\"158\">\n<p class=\"v1MsoNormal\">Desde el 31 de marzo de 2025 hasta el 31 de diciembre de 2026<\/p>\n<\/td>\n<td valign=\"top\" width=\"443\">\n<p class=\"v1MsoNormal\">Plazo para entregar su manifestaci\u00f3n de voluntad, presentar sus antecedentes y firmar las declaraciones en la plataforma\u00a0<b>soluciondeudahistorica.mineduc.cl<\/b><\/p>\n<\/td>\n<\/tr>\n<tr>\n<td valign=\"top\" width=\"158\">\n<p class=\"v1MsoNormal\">15 de junio de 2025<\/p>\n<\/td>\n<td valign=\"top\" width=\"443\">\n<p class=\"v1MsoNormal\">Fecha de corte de entrega de informaci\u00f3n por parte de docentes que puedan ser parte del proceso de pago 2025<\/p>\n<\/td>\n<\/tr>\n<tr>\n<td valign=\"top\" width=\"158\">\n<p class=\"v1MsoNormal\">Octubre de 2025<\/p>\n<\/td>\n<td valign=\"top\" width=\"443\">\n<p class=\"v1MsoNormal\">Pago de la primera cuota al primer grupo de pago por parte de la Tesorer\u00eda General de la Rep\u00fablica.<\/p>\n<\/td>\n<\/tr>\n<tr>\n<td valign=\"top\" width=\"158\">\n<p class=\"v1MsoNormal\">Enero de 2026<\/p>\n<\/td>\n<td valign=\"top\" width=\"443\">\n<p class=\"v1MsoNormal\">Pago de la segunda cuota al primer grupo de pago por parte de la Tesorer\u00eda General de la Rep\u00fablica<\/p>\n<\/td>\n<\/tr>\n<\/tbody>\n<\/table>\n<p class=\"v1MsoNormal\" style=\"text-align: justify;\">Los cupos por cada a\u00f1o ser\u00e1n los siguientes, los que podr\u00e1n variar dependiendo de los antecedentes recibidos por el Mineduc:<\/p>\n<div style=\"text-align: justify;\" align=\"center\">\n<table class=\"v1MsoNormalTable\" border=\"0\" cellspacing=\"0\" cellpadding=\"0\">\n<tbody>\n<tr>\n<td rowspan=\"2\" width=\"141\">\n<p class=\"v1MsoNormal\" align=\"center\"><b>Periodos de pago<\/b><\/p>\n<p class=\"v1MsoNormal\" align=\"center\"><b>\u00a0<\/b><\/p>\n<\/td>\n<td colspan=\"2\" valign=\"top\" width=\"169\">\n<p class=\"v1MsoNormal\" align=\"center\"><b>Fechas de pago<\/b><\/p>\n<\/td>\n<td rowspan=\"2\" width=\"217\">\n<p class=\"v1MsoNormal\" align=\"center\"><b>Cupos para profesionales de la educaci\u00f3n\u00a0<\/b><\/p>\n<p class=\"v1MsoNormal\" align=\"center\"><b>\u00a0<\/b><\/p>\n<\/td>\n<\/tr>\n<tr>\n<td valign=\"top\" width=\"85\">\n<p class=\"v1MsoNormal\" align=\"center\"><b>Cuota 1<\/b><\/p>\n<\/td>\n<td valign=\"top\" width=\"85\">\n<p class=\"v1MsoNormal\" align=\"center\"><b>Cuota 2<\/b><\/p>\n<\/td>\n<\/tr>\n<tr>\n<td valign=\"top\" width=\"141\">\n<p class=\"v1MsoNormal\" align=\"center\">A\u00f1o 1 &#8211; 2025<\/p>\n<\/td>\n<td valign=\"top\" width=\"85\">\n<p class=\"v1MsoNormal\" align=\"center\">Octubre 2025<\/p>\n<\/td>\n<td valign=\"top\" width=\"85\">\n<p class=\"v1MsoNormal\" align=\"center\">Enero 2026<\/p>\n<\/td>\n<td valign=\"top\" width=\"217\">\n<p class=\"v1MsoNormal\" align=\"center\">15.560<\/p>\n<\/td>\n<\/tr>\n<tr>\n<td valign=\"top\" width=\"141\">\n<p class=\"v1MsoNormal\" align=\"center\">A\u00f1o 2 &#8211; 2026<\/p>\n<\/td>\n<td valign=\"top\" width=\"85\">\n<p class=\"v1MsoNormal\" align=\"center\">Octubre 2026<\/p>\n<\/td>\n<td valign=\"top\" width=\"85\">\n<p class=\"v1MsoNormal\" align=\"center\">Enero 2027<\/p>\n<\/td>\n<td valign=\"top\" width=\"217\">\n<p class=\"v1MsoNormal\" align=\"center\">6.300<\/p>\n<\/td>\n<\/tr>\n<tr>\n<td valign=\"top\" width=\"141\">\n<p class=\"v1MsoNormal\" align=\"center\">A\u00f1o 3 &#8211; 2027<\/p>\n<\/td>\n<td valign=\"top\" width=\"85\">\n<p class=\"v1MsoNormal\" align=\"center\">Octubre 2027<\/p>\n<\/td>\n<td valign=\"top\" width=\"85\">\n<p class=\"v1MsoNormal\" align=\"center\">Enero 2028<\/p>\n<\/td>\n<td valign=\"top\" width=\"217\">\n<p class=\"v1MsoNormal\" align=\"center\">6.000<\/p>\n<\/td>\n<\/tr>\n<tr>\n<td valign=\"top\" width=\"141\">\n<p class=\"v1MsoNormal\" align=\"center\">A\u00f1o 4 &#8211; 2028<\/p>\n<\/td>\n<td valign=\"top\" width=\"85\">\n<p class=\"v1MsoNormal\" align=\"center\">Octubre 2028<\/p>\n<\/td>\n<td valign=\"top\" width=\"85\">\n<p class=\"v1MsoNormal\" align=\"center\">Enero 2029<\/p>\n<\/td>\n<td valign=\"top\" width=\"217\">\n<p class=\"v1MsoNormal\" align=\"center\">7.500<\/p>\n<\/td>\n<\/tr>\n<tr>\n<td valign=\"top\" width=\"141\">\n<p class=\"v1MsoNormal\" align=\"center\">A\u00f1o 5 &#8211; 2029<\/p>\n<\/td>\n<td valign=\"top\" width=\"85\">\n<p class=\"v1MsoNormal\" align=\"center\">Octubre 2029<\/p>\n<\/td>\n<td valign=\"top\" width=\"85\">\n<p class=\"v1MsoNormal\" align=\"center\">Enero 2030<\/p>\n<\/td>\n<td valign=\"top\" width=\"217\">\n<p class=\"v1MsoNormal\" align=\"center\">6.800<\/p>\n<\/td>\n<\/tr>\n<tr>\n<td valign=\"top\" width=\"141\">\n<p class=\"v1MsoNormal\" align=\"center\">A\u00f1o 6 &#8211; 2030<\/p>\n<\/td>\n<td valign=\"top\" width=\"85\">\n<p class=\"v1MsoNormal\" align=\"center\">Octubre 2030<\/p>\n<\/td>\n<td valign=\"top\" width=\"85\">\n<p class=\"v1MsoNormal\" align=\"center\">Enero 2031<\/p>\n<\/td>\n<td valign=\"top\" width=\"217\">\n<p class=\"v1MsoNormal\" align=\"center\">15.400<\/p>\n<\/td>\n<\/tr>\n<tr>\n<td valign=\"top\" width=\"141\">\n<p class=\"v1MsoNormal\" align=\"center\"><b>Total<\/b><\/p>\n<\/td>\n<td valign=\"top\" width=\"85\">\n<p class=\"v1MsoNormal\" align=\"center\"><b>\u00a0<\/b><\/p>\n<\/td>\n<td valign=\"top\" width=\"85\">\n<p class=\"v1MsoNormal\" align=\"center\"><b>\u00a0<\/b><\/p>\n<\/td>\n<td valign=\"top\" width=\"217\">\n<p class=\"v1MsoNormal\" align=\"center\"><b>57.560<\/b><\/p>\n<\/td>\n<\/tr>\n<\/tbody>\n<\/table>\n<\/div>\n<p class=\"v1MsoNormal\" style=\"text-align: justify;\"><b>Revisar preguntas frecuentes en:<\/b>\u00a0<a href=\"https:\/\/soluciondeudahistorica.mineduc.cl\/preguntas-respuestas.html\" target=\"_blank\" rel=\"noopener noreferrer\">https:\/\/soluciondeudahistorica.mineduc.cl\/preguntas-respuestas.html<\/a><\/p>\n<\/div><\/section><\/div><div  style='height:50px' class='hr hr-invisible   avia-builder-el-6  el_after_av_one_full  el_before_av_social_share '><span class='hr-inner ' ><span class='hr-inner-style'><\/span><\/span><\/div><\/p>\n<div  class='av-social-sharing-box  avia-builder-el-7  el_after_av_hr  el_before_av_hr  '><div class='av-share-box'><h5 class='av-share-link-description av-no-toc '>Compartir esta noticia<\/h5><ul class='av-share-box-list noLightbox'><li class='av-share-link av-social-link-facebook' ><a target=\"_blank\" aria-label=\"Compartir en Facebook\" href='https:\/\/www.facebook.com\/sharer.php?u=https:\/\/radiorevelacionfm.cl\/?p=52015&#038;t=Se%20inicia%20la%20entrega%20de%20antecedentes%20para%20el%20pago%20de%20la%20Deuda%20Hist%C3%B3rica%3A%20estos%20son%20los%20tr%C3%A1mites%20y%20los%20pasos%20que%20vienen' aria-hidden='false' data-av_icon='\ue8f3' data-av_iconfont='entypo-fontello' title='' data-avia-related-tooltip='Compartir en Facebook' rel=\"noopener\"><span class='avia_hidden_link_text'>Compartir en Facebook<\/span><\/a><\/li><li class='av-share-link av-social-link-twitter' ><a target=\"_blank\" aria-label=\"Compartir en Twitter\" href='https:\/\/twitter.com\/share?text=Se%20inicia%20la%20entrega%20de%20antecedentes%20para%20el%20pago%20de%20la%20Deuda%20Hist%C3%B3rica%3A%20estos%20son%20los%20tr%C3%A1mites%20y%20los%20pasos%20que%20vienen&#038;url=https:\/\/radiorevelacionfm.cl\/?p=52015' aria-hidden='false' data-av_icon='\ue8f1' data-av_iconfont='entypo-fontello' title='' data-avia-related-tooltip='Compartir en Twitter' rel=\"noopener\"><span class='avia_hidden_link_text'>Compartir en Twitter<\/span><\/a><\/li><li class='av-share-link av-social-link-whatsapp' ><a target=\"_blank\" aria-label=\"Compartir en Whatsapp\" href='https:\/\/api.whatsapp.com\/send?text=https:\/\/radiorevelacionfm.cl\/?p=52015' aria-hidden='false' data-av_icon='\uf232' data-av_iconfont='entypo-fontello' title='' data-avia-related-tooltip='Compartir en Whatsapp' rel=\"noopener\"><span class='avia_hidden_link_text'>Compartir en Whatsapp<\/span><\/a><\/li><li class='av-share-link av-social-link-linkedin' ><a target=\"_blank\" aria-label=\"Compartir en LinkedIn\" href='https:\/\/linkedin.com\/shareArticle?mini=true&#038;title=Se%20inicia%20la%20entrega%20de%20antecedentes%20para%20el%20pago%20de%20la%20Deuda%20Hist%C3%B3rica%3A%20estos%20son%20los%20tr%C3%A1mites%20y%20los%20pasos%20que%20vienen&#038;url=https:\/\/radiorevelacionfm.cl\/?p=52015' aria-hidden='false' data-av_icon='\ue8fc' data-av_iconfont='entypo-fontello' title='' data-avia-related-tooltip='Compartir en LinkedIn' rel=\"noopener\"><span class='avia_hidden_link_text'>Compartir en LinkedIn<\/span><\/a><\/li><li class='av-share-link av-social-link-mail' ><a  aria-label=\"Compartir por correo\" href='mailto:?subject=Se%20inicia%20la%20entrega%20de%20antecedentes%20para%20el%20pago%20de%20la%20Deuda%20Hist%C3%B3rica%3A%20estos%20son%20los%20tr%C3%A1mites%20y%20los%20pasos%20que%20vienen&#038;body=https:\/\/radiorevelacionfm.cl\/?p=52015' aria-hidden='false' data-av_icon='\ue805' data-av_iconfont='entypo-fontello' title='' data-avia-related-tooltip='Compartir por correo'><span class='avia_hidden_link_text'>Compartir por correo<\/span><\/a><\/li><\/ul><\/div><\/div>\n<div  style='height:50px' class='hr hr-invisible   avia-builder-el-8  el_after_av_social_share  el_before_av_comments_list '><span class='hr-inner ' ><span class='hr-inner-style'><\/span><\/span><\/div>\n<div  class='av-buildercomment  av-blog-meta-html-info-disabled av-blog-meta-tag-disabled  '><\/div>\n","protected":false},"excerpt":{"rendered":"","protected":false},"author":1,"featured_media":52016,"comment_status":"closed","ping_status":"closed","sticky":false,"template":"","format":"standard","meta":{"footnotes":""},"categories":[49],"tags":[],"class_list":["post-52015","post","type-post","status-publish","format-standard","has-post-thumbnail","hentry","category-educacion"],"jetpack_featured_media_url":"https:\/\/radiorevelacionfm.cl\/wp-content\/uploads\/2025\/04\/Deuda-Historica-4-1-1.jpg","_links":{"self":[{"href":"https:\/\/radiorevelacionfm.cl\/index.php?rest_route=\/wp\/v2\/posts\/52015","targetHints":{"allow":["GET"]}}],"collection":[{"href":"https:\/\/radiorevelacionfm.cl\/index.php?rest_route=\/wp\/v2\/posts"}],"about":[{"href":"https:\/\/radiorevelacionfm.cl\/index.php?rest_route=\/wp\/v2\/types\/post"}],"author":[{"embeddable":true,"href":"https:\/\/radiorevelacionfm.cl\/index.php?rest_route=\/wp\/v2\/users\/1"}],"replies":[{"embeddable":true,"href":"https:\/\/radiorevelacionfm.cl\/index.php?rest_route=%2Fwp%2Fv2%2Fcomments&post=52015"}],"version-history":[{"count":2,"href":"https:\/\/radiorevelacionfm.cl\/index.php?rest_route=\/wp\/v2\/posts\/52015\/revisions"}],"predecessor-version":[{"id":52074,"href":"https:\/\/radiorevelacionfm.cl\/index.php?rest_route=\/wp\/v2\/posts\/52015\/revisions\/52074"}],"wp:featuredmedia":[{"embeddable":true,"href":"https:\/\/radiorevelacionfm.cl\/index.php?rest_route=\/wp\/v2\/media\/52016"}],"wp:attachment":[{"href":"https:\/\/radiorevelacionfm.cl\/index.php?rest_route=%2Fwp%2Fv2%2Fmedia&parent=52015"}],"wp:term":[{"taxonomy":"category","embeddable":true,"href":"https:\/\/radiorevelacionfm.cl\/index.php?rest_route=%2Fwp%2Fv2%2Fcategories&post=52015"},{"taxonomy":"post_tag","embeddable":true,"href":"https:\/\/radiorevelacionfm.cl\/index.php?rest_route=%2Fwp%2Fv2%2Ftags&post=52015"}],"curies":[{"name":"wp","href":"https:\/\/api.w.org\/{rel}","templated":true}]}}