{"id":52011,"date":"2025-04-01T09:59:24","date_gmt":"2025-04-01T12:59:24","guid":{"rendered":"https:\/\/radiorevelacionfm.cl\/?p=52011"},"modified":"2025-04-01T09:59:24","modified_gmt":"2025-04-01T12:59:24","slug":"concejala-de-cisnes-y-senadora-ordenes-se-reunen-con-ministro-de-energia","status":"publish","type":"post","link":"https:\/\/radiorevelacionfm.cl\/?p=52011","title":{"rendered":"Concejala de Cisnes y Senadora \u00d3rdenes se re\u00fanen con Ministro de Energ\u00eda"},"content":{"rendered":"<div class=\"flex_column av_one_full  flex_column_div av-zero-column-padding first  avia-builder-el-0  el_before_av_one_full  avia-builder-el-first  \" style='border-radius:0px; '><div  class='avia-image-container  av-styling-    avia-builder-el-1  avia-builder-el-no-sibling  avia-align-center '  itemprop=\"image\" itemscope=\"itemscope\" itemtype=\"https:\/\/schema.org\/ImageObject\"  ><div class='avia-image-container-inner'><div class='avia-image-overlay-wrap'><img decoding=\"async\" class='wp-image-52012 avia-img-lazy-loading-not-52012 avia_image' src=\"https:\/\/radiorevelacionfm.cl\/wp-content\/uploads\/2025\/03\/1-2025-03-31t215917_optimized.868-1.jpg\" alt='' title='1---2025-03-31t215917_optimized.868-(1)' height=\"600\" width=\"901\"  itemprop=\"thumbnailUrl\" srcset=\"https:\/\/radiorevelacionfm.cl\/wp-content\/uploads\/2025\/03\/1-2025-03-31t215917_optimized.868-1.jpg 901w, https:\/\/radiorevelacionfm.cl\/wp-content\/uploads\/2025\/03\/1-2025-03-31t215917_optimized.868-1-300x200.jpg 300w, https:\/\/radiorevelacionfm.cl\/wp-content\/uploads\/2025\/03\/1-2025-03-31t215917_optimized.868-1-768x511.jpg 768w, https:\/\/radiorevelacionfm.cl\/wp-content\/uploads\/2025\/03\/1-2025-03-31t215917_optimized.868-1-705x469.jpg 705w, https:\/\/radiorevelacionfm.cl\/wp-content\/uploads\/2025\/03\/1-2025-03-31t215917_optimized.868-1-450x300.jpg 450w, https:\/\/radiorevelacionfm.cl\/wp-content\/uploads\/2025\/03\/1-2025-03-31t215917_optimized.868-1-600x400.jpg 600w\" sizes=\"(max-width: 901px) 100vw, 901px\" \/><\/div><\/div><\/div><\/div><div class=\"flex_column av_one_full  flex_column_div av-zero-column-padding first  avia-builder-el-2  el_after_av_one_full  el_before_av_one_full  column-top-margin\" style='border-radius:0px; '><section class=\"av_textblock_section \"  itemscope=\"itemscope\" itemtype=\"https:\/\/schema.org\/BlogPosting\" itemprop=\"blogPost\" ><div class='avia_textblock  '   itemprop=\"text\" ><p style=\"text-align: center;\"><strong><span style=\"font-size: 18pt;\">Concejala de Cisnes y Senadora \u00d3rdenes se re\u00fanen con Ministro de Energ\u00eda<\/span><\/strong><\/p>\n<div id=\"gtx-trans\" style=\"position: absolute; left: -50px; top: 4.31534px;\">\n<div class=\"gtx-trans-icon\"><\/div>\n<\/div>\n<\/div><\/section><\/div><div class=\"flex_column av_one_full  flex_column_div av-zero-column-padding first  avia-builder-el-4  el_after_av_one_full  el_before_av_hr  column-top-margin\" style='border-radius:0px; '><section class=\"av_textblock_section \"  itemscope=\"itemscope\" itemtype=\"https:\/\/schema.org\/BlogPosting\" itemprop=\"blogPost\" ><div class='avia_textblock  '   itemprop=\"text\" ><p style=\"text-align: justify;\"><em>Las gestiones permitieron plantear diversas problem\u00e1ticas de la comuna que van desde el suministro el\u00e9ctrico, el fomento productivo y el sistema de salud.<\/em><\/p>\n<p style=\"text-align: justify;\">Hasta la sede del Senado lleg\u00f3 la concejal por la comuna de Cisnes, Paulina Zapata, para reunirse con la Senadora por Ays\u00e9n, Ximena \u00d3rdenes y abordar junto al ministro de Energ\u00eda, Diego Pardow, la problem\u00e1tica que vive Puerto Ra\u00fal Mar\u00edn Balmaceda, uno de los territorios m\u00e1s apartados de la Regi\u00f3n de Ays\u00e9n pero con mayor historia y que al d\u00eda de hoy tienen un sistema aislado de energ\u00eda que funciona a base de combustible y que es administrado por un Comit\u00e9 de Luz y que aun cuando cuenta con subsidio del Estado, \u00e9ste se vuelve insuficiente en los meses de alto consumo, adem\u00e1s de otros problemas t\u00e9cnicos.<\/p>\n<p style=\"text-align: justify;\">Paulina Zapata, concejala de Cisnes, agradeci\u00f3 las gestiones realizadas por la Senadora Ximena \u00d3rdenes que le permitieron reunirse con el ministro de Energ\u00eda, Diego Pardow, destacando que de esta forma se busca dar soluci\u00f3n a problem\u00e1ticas que afectan a cientos de familias. \u201cUno de los temas importantes que pudimos poner sobre la mesa es el sistema el\u00e9ctrico de Ra\u00fal Mar\u00edn Balmaceda, un sistema asilado que funciona a base de petr\u00f3leo con un subsidio\u00a0 que es menor al gasto de funcionamiento. Es un sistema que presenta muchas fallas, hay problemas en la red y a la fecha llevan 11 motores quemados, el \u00faltimo generador que llevaba un a\u00f1o funcionando, se quem\u00f3 el 3 o 4 de febrero\u00a0 afectando a la calidad de vida de todas de familias de esta localidad. Esta reuni\u00f3n es importante porque pudimos visibilizar este tema\u201d.<\/p>\n<p style=\"text-align: justify;\">Finalmente, adem\u00e1s del tema el\u00e9ctrico de Ra\u00fal Mar\u00edn Balmaceda, temas de emprendimiento y desarrollo productivo, la concejala pudo abordar \u201ccon la Senadora otras problem\u00e1ticas y ver c\u00f3mo como Estado nos hacemos cargo y somos capaces de llegar con una soluci\u00f3n\u201d, uno de ellos los temas de salud, entre los que destaca el CESFAM de La Junta que lleva m\u00e1s de 3 a\u00f1os sin director titular y s\u00f3lo ha sido administrado por directores subrogantes, lo cual no ha facilitado la toma de decisiones en este centro de salud.<\/p>\n<\/div><\/section><\/div><div  style='height:50px' class='hr hr-invisible   avia-builder-el-6  el_after_av_one_full  el_before_av_social_share '><span class='hr-inner ' ><span class='hr-inner-style'><\/span><\/span><\/div><\/p>\n<div  class='av-social-sharing-box  avia-builder-el-7  el_after_av_hr  el_before_av_hr  '><div class='av-share-box'><h5 class='av-share-link-description av-no-toc '>Compartir esta noticia<\/h5><ul class='av-share-box-list noLightbox'><li class='av-share-link av-social-link-facebook' ><a target=\"_blank\" aria-label=\"Compartir en Facebook\" href='https:\/\/www.facebook.com\/sharer.php?u=https:\/\/radiorevelacionfm.cl\/?p=52011&#038;t=Concejala%20de%20Cisnes%20y%20Senadora%20%C3%93rdenes%20se%20re%C3%BAnen%20con%20Ministro%20de%20Energ%C3%ADa' aria-hidden='false' data-av_icon='\ue8f3' data-av_iconfont='entypo-fontello' title='' data-avia-related-tooltip='Compartir en Facebook' rel=\"noopener\"><span class='avia_hidden_link_text'>Compartir en Facebook<\/span><\/a><\/li><li class='av-share-link av-social-link-twitter' ><a target=\"_blank\" aria-label=\"Compartir en Twitter\" href='https:\/\/twitter.com\/share?text=Concejala%20de%20Cisnes%20y%20Senadora%20%C3%93rdenes%20se%20re%C3%BAnen%20con%20Ministro%20de%20Energ%C3%ADa&#038;url=https:\/\/radiorevelacionfm.cl\/?p=52011' aria-hidden='false' data-av_icon='\ue8f1' data-av_iconfont='entypo-fontello' title='' data-avia-related-tooltip='Compartir en Twitter' rel=\"noopener\"><span class='avia_hidden_link_text'>Compartir en Twitter<\/span><\/a><\/li><li class='av-share-link av-social-link-whatsapp' ><a target=\"_blank\" aria-label=\"Compartir en Whatsapp\" href='https:\/\/api.whatsapp.com\/send?text=https:\/\/radiorevelacionfm.cl\/?p=52011' aria-hidden='false' data-av_icon='\uf232' data-av_iconfont='entypo-fontello' title='' data-avia-related-tooltip='Compartir en Whatsapp' rel=\"noopener\"><span class='avia_hidden_link_text'>Compartir en Whatsapp<\/span><\/a><\/li><li class='av-share-link av-social-link-linkedin' ><a target=\"_blank\" aria-label=\"Compartir en LinkedIn\" href='https:\/\/linkedin.com\/shareArticle?mini=true&#038;title=Concejala%20de%20Cisnes%20y%20Senadora%20%C3%93rdenes%20se%20re%C3%BAnen%20con%20Ministro%20de%20Energ%C3%ADa&#038;url=https:\/\/radiorevelacionfm.cl\/?p=52011' aria-hidden='false' data-av_icon='\ue8fc' data-av_iconfont='entypo-fontello' title='' data-avia-related-tooltip='Compartir en LinkedIn' rel=\"noopener\"><span class='avia_hidden_link_text'>Compartir en LinkedIn<\/span><\/a><\/li><li class='av-share-link av-social-link-mail' ><a  aria-label=\"Compartir por correo\" href='mailto:?subject=Concejala%20de%20Cisnes%20y%20Senadora%20%C3%93rdenes%20se%20re%C3%BAnen%20con%20Ministro%20de%20Energ%C3%ADa&#038;body=https:\/\/radiorevelacionfm.cl\/?p=52011' aria-hidden='false' data-av_icon='\ue805' data-av_iconfont='entypo-fontello' title='' data-avia-related-tooltip='Compartir por correo'><span class='avia_hidden_link_text'>Compartir por correo<\/span><\/a><\/li><\/ul><\/div><\/div>\n<div  style='height:50px' class='hr hr-invisible   avia-builder-el-8  el_after_av_social_share  el_before_av_comments_list '><span class='hr-inner ' ><span class='hr-inner-style'><\/span><\/span><\/div>\n<div  class='av-buildercomment  av-blog-meta-html-info-disabled av-blog-meta-tag-disabled  '><\/div>\n","protected":false},"excerpt":{"rendered":"","protected":false},"author":1,"featured_media":52012,"comment_status":"closed","ping_status":"closed","sticky":false,"template":"","format":"standard","meta":{"footnotes":""},"categories":[35],"tags":[],"class_list":["post-52011","post","type-post","status-publish","format-standard","has-post-thumbnail","hentry","category-politica"],"jetpack_featured_media_url":"https:\/\/radiorevelacionfm.cl\/wp-content\/uploads\/2025\/03\/1-2025-03-31t215917_optimized.868-1.jpg","_links":{"self":[{"href":"https:\/\/radiorevelacionfm.cl\/index.php?rest_route=\/wp\/v2\/posts\/52011","targetHints":{"allow":["GET"]}}],"collection":[{"href":"https:\/\/radiorevelacionfm.cl\/index.php?rest_route=\/wp\/v2\/posts"}],"about":[{"href":"https:\/\/radiorevelacionfm.cl\/index.php?rest_route=\/wp\/v2\/types\/post"}],"author":[{"embeddable":true,"href":"https:\/\/radiorevelacionfm.cl\/index.php?rest_route=\/wp\/v2\/users\/1"}],"replies":[{"embeddable":true,"href":"https:\/\/radiorevelacionfm.cl\/index.php?rest_route=%2Fwp%2Fv2%2Fcomments&post=52011"}],"version-history":[{"count":2,"href":"https:\/\/radiorevelacionfm.cl\/index.php?rest_route=\/wp\/v2\/posts\/52011\/revisions"}],"predecessor-version":[{"id":52018,"href":"https:\/\/radiorevelacionfm.cl\/index.php?rest_route=\/wp\/v2\/posts\/52011\/revisions\/52018"}],"wp:featuredmedia":[{"embeddable":true,"href":"https:\/\/radiorevelacionfm.cl\/index.php?rest_route=\/wp\/v2\/media\/52012"}],"wp:attachment":[{"href":"https:\/\/radiorevelacionfm.cl\/index.php?rest_route=%2Fwp%2Fv2%2Fmedia&parent=52011"}],"wp:term":[{"taxonomy":"category","embeddable":true,"href":"https:\/\/radiorevelacionfm.cl\/index.php?rest_route=%2Fwp%2Fv2%2Fcategories&post=52011"},{"taxonomy":"post_tag","embeddable":true,"href":"https:\/\/radiorevelacionfm.cl\/index.php?rest_route=%2Fwp%2Fv2%2Ftags&post=52011"}],"curies":[{"name":"wp","href":"https:\/\/api.w.org\/{rel}","templated":true}]}}