{"id":52002,"date":"2025-03-31T19:59:48","date_gmt":"2025-03-31T22:59:48","guid":{"rendered":"https:\/\/radiorevelacionfm.cl\/?p=52002"},"modified":"2025-03-31T19:59:48","modified_gmt":"2025-03-31T22:59:48","slug":"municipio-porteno-inicia-retiro-de-vehiculos-abandonados-en-calles-de-puerto-aysen","status":"publish","type":"post","link":"https:\/\/radiorevelacionfm.cl\/?p=52002","title":{"rendered":"Municipio porte\u00f1o inicia retiro de veh\u00edculos abandonados en calles de Puerto Ays\u00e9n"},"content":{"rendered":"<div class=\"flex_column av_one_full  flex_column_div av-zero-column-padding first  avia-builder-el-0  el_before_av_one_full  avia-builder-el-first  \" style='border-radius:0px; '><div  class='avia-image-container  av-styling-    avia-builder-el-1  avia-builder-el-no-sibling  avia-align-center '  itemprop=\"image\" itemscope=\"itemscope\" itemtype=\"https:\/\/schema.org\/ImageObject\"  ><div class='avia-image-container-inner'><div class='avia-image-overlay-wrap'><img decoding=\"async\" class='wp-image-52003 avia-img-lazy-loading-not-52003 avia_image' src=\"https:\/\/radiorevelacionfm.cl\/wp-content\/uploads\/2025\/03\/Imagen-de-WhatsApp-2025-03-31-a-las-19.03.45_99a00d9d-1-1.jpg\" alt='' title='Imagen de WhatsApp 2025-03-31 a las 19.03.45_99a00d9d (1) (1)' height=\"600\" width=\"898\"  itemprop=\"thumbnailUrl\" srcset=\"https:\/\/radiorevelacionfm.cl\/wp-content\/uploads\/2025\/03\/Imagen-de-WhatsApp-2025-03-31-a-las-19.03.45_99a00d9d-1-1.jpg 898w, https:\/\/radiorevelacionfm.cl\/wp-content\/uploads\/2025\/03\/Imagen-de-WhatsApp-2025-03-31-a-las-19.03.45_99a00d9d-1-1-300x200.jpg 300w, https:\/\/radiorevelacionfm.cl\/wp-content\/uploads\/2025\/03\/Imagen-de-WhatsApp-2025-03-31-a-las-19.03.45_99a00d9d-1-1-768x513.jpg 768w, https:\/\/radiorevelacionfm.cl\/wp-content\/uploads\/2025\/03\/Imagen-de-WhatsApp-2025-03-31-a-las-19.03.45_99a00d9d-1-1-705x471.jpg 705w, https:\/\/radiorevelacionfm.cl\/wp-content\/uploads\/2025\/03\/Imagen-de-WhatsApp-2025-03-31-a-las-19.03.45_99a00d9d-1-1-450x301.jpg 450w, https:\/\/radiorevelacionfm.cl\/wp-content\/uploads\/2025\/03\/Imagen-de-WhatsApp-2025-03-31-a-las-19.03.45_99a00d9d-1-1-600x401.jpg 600w\" sizes=\"(max-width: 898px) 100vw, 898px\" \/><\/div><\/div><\/div><\/div><div class=\"flex_column av_one_full  flex_column_div av-zero-column-padding first  avia-builder-el-2  el_after_av_one_full  el_before_av_one_full  column-top-margin\" style='border-radius:0px; '><section class=\"av_textblock_section \"  itemscope=\"itemscope\" itemtype=\"https:\/\/schema.org\/BlogPosting\" itemprop=\"blogPost\" ><div class='avia_textblock  '   itemprop=\"text\" ><p style=\"text-align: center;\"><strong><span style=\"font-size: 18pt;\">Municipio porte\u00f1o inicia retiro de veh\u00edculos abandonados en calles de Puerto Ays\u00e9n<\/span><\/strong><\/p>\n<div id=\"gtx-trans\" style=\"position: absolute; left: -50px; top: 4.31534px;\">\n<div class=\"gtx-trans-icon\"><\/div>\n<\/div>\n<\/div><\/section><\/div><div class=\"flex_column av_one_full  flex_column_div av-zero-column-padding first  avia-builder-el-4  el_after_av_one_full  el_before_av_hr  column-top-margin\" style='border-radius:0px; '><section class=\"av_textblock_section \"  itemscope=\"itemscope\" itemtype=\"https:\/\/schema.org\/BlogPosting\" itemprop=\"blogPost\" ><div class='avia_textblock  '   itemprop=\"text\" ><p style=\"text-align: justify;\">Este lunes, el municipio aysenino, a trav\u00e9s de la Direcci\u00f3n de Seguridad P\u00fablica, con la colaboraci\u00f3n de Carabineros de Chile, inici\u00f3 un operativo para retirar veh\u00edculos en condici\u00f3n de abandono, con desperfectos o mal estacionados, en espacios de uso p\u00fablico, y cuya ubicaci\u00f3n pongan en riesgo la integridad f\u00edsica de los peatones y\/o conductores, o entorpezcan el normal desplazamiento de toda clase de veh\u00edculos.<\/p>\n<p style=\"text-align: justify;\">En la primera etapa de la iniciativa, se removieron autom\u00f3viles sin patentes con larga data estacionados en el sector Costanera Condell, en Puerto Ays\u00e9n. El cual sumar\u00e1 durante las pr\u00f3ximas semanas veh\u00edculos ubicados en diversos sectores de la capital comunal, catastrados en un trabajo previo realizado por la Direcci\u00f3n de Seguridad P\u00fablica, que en total suman m\u00e1s de 80 autos.<\/p>\n<p style=\"text-align: justify;\">Este esfuerzo se enmarca en la labor de la nueva administraci\u00f3n que busca hacer eco de los requerimientos nacidos por la propia comunidad, a trav\u00e9s del cual se podr\u00e1 mejorar la seguridad y el orden vehicular en las calles de Puerto Ays\u00e9n, y que espera en la posterioridad, poder trasladarse hacia las dem\u00e1s localidades de la comuna.<\/p>\n<p style=\"text-align: justify;\">As\u00ed lo se\u00f1al\u00f3 el alcalde aysenino, Luis Mart\u00ednez, quien relev\u00f3 la importancia de esta iniciativa. \u201cPartimos haciendo algo que espera con muchas ansias la comunidad, en este proceso que esperamos m\u00e1s adelante poder extender hacia otros sectores de la comuna, porque sabemos que es una situaci\u00f3n que se repite, no s\u00f3lo aqu\u00ed. Con ello, vamos a poder sacar veh\u00edculos que puedan generar puntos de vandalismo y limpiar nuestra ciudad\u201d.<\/p>\n<p style=\"text-align: justify;\">De esta manera, el procedimiento para esta iniciativa es que cualquier persona podr\u00e1 denunciar la existencia de este tipo de veh\u00edculos en la Direcci\u00f3n de Tr\u00e1nsito y Transporte P\u00fablico, Seguridad P\u00fablica y Oficina de Partes del municipio. Los cuales, posteriormente, ser\u00e1n localizados por los inspectores municipales, quienes dejar\u00e1n una notificaci\u00f3n de aviso en el que se dejar\u00e1 constancia del estado de abandono con los datos de contacto. En el caso de ser veh\u00edculos identificables, transcurridos 15 d\u00edas corridos desde la notificaci\u00f3n, el veh\u00edculo abandonado ser\u00e1 retirado de la v\u00eda p\u00fablica, remiti\u00e9ndolo hasta el Aparcadero Concesionado.<\/p>\n<p style=\"text-align: justify;\">Si se trata de veh\u00edculos no identificables y no operativos se considerar\u00e1 para estos efectos como chatarra, para lo cual se proceder\u00e1 a su destrucci\u00f3n.<\/p>\n<p style=\"text-align: justify;\">\u201cSabemos que este es solo el primer paso, por lo que ya estamos trabajando en establecer criterios claros para evitar que las calles de nuestra comuna se conviertan en dep\u00f3sitos de autom\u00f3viles en desuso. Queremos que nuestra comuna sea un lugar donde el orden y la seguridad primen, y para ello es fundamental contar con herramientas que nos permitan actuar con rapidez y eficiencia en beneficio de nuestros vecinos\u201d, sostuvo la autoridad.<\/p>\n<p style=\"text-align: justify;\">La municipalidad de Ays\u00e9n hace un llamado a los vecinos a colaborar en este proceso, informando sobre veh\u00edculos en aparente estado de abandono y respetando las normativas de tr\u00e1nsito vigentes. \u201cEstos autom\u00f3viles, adem\u00e1s de generar un impacto visual negativo, afectan la seguridad y la movilidad de las y los vecinos, representando muchas veces un riesgo para los ciudadanos. Nuestro compromiso es devolverle a Puerto Ays\u00e9n y la comuna calles m\u00e1s limpias y seguras, eliminando focos de delincuencia y desorden\u201d, concluy\u00f3 el jefe comunal.<\/p>\n<\/div><\/section><\/div><div  style='height:50px' class='hr hr-invisible   avia-builder-el-6  el_after_av_one_full  el_before_av_social_share '><span class='hr-inner ' ><span class='hr-inner-style'><\/span><\/span><\/div><\/p>\n<div  class='av-social-sharing-box  avia-builder-el-7  el_after_av_hr  el_before_av_hr  '><div class='av-share-box'><h5 class='av-share-link-description av-no-toc '>Compartir esta noticia<\/h5><ul class='av-share-box-list noLightbox'><li class='av-share-link av-social-link-facebook' ><a target=\"_blank\" aria-label=\"Compartir en Facebook\" href='https:\/\/www.facebook.com\/sharer.php?u=https:\/\/radiorevelacionfm.cl\/?p=52002&#038;t=Municipio%20porte%C3%B1o%20inicia%20retiro%20de%20veh%C3%ADculos%20abandonados%20en%20calles%20de%20Puerto%20Ays%C3%A9n' aria-hidden='false' data-av_icon='\ue8f3' data-av_iconfont='entypo-fontello' title='' data-avia-related-tooltip='Compartir en Facebook' rel=\"noopener\"><span class='avia_hidden_link_text'>Compartir en Facebook<\/span><\/a><\/li><li class='av-share-link av-social-link-twitter' ><a target=\"_blank\" aria-label=\"Compartir en Twitter\" href='https:\/\/twitter.com\/share?text=Municipio%20porte%C3%B1o%20inicia%20retiro%20de%20veh%C3%ADculos%20abandonados%20en%20calles%20de%20Puerto%20Ays%C3%A9n&#038;url=https:\/\/radiorevelacionfm.cl\/?p=52002' aria-hidden='false' data-av_icon='\ue8f1' data-av_iconfont='entypo-fontello' title='' data-avia-related-tooltip='Compartir en Twitter' rel=\"noopener\"><span class='avia_hidden_link_text'>Compartir en Twitter<\/span><\/a><\/li><li class='av-share-link av-social-link-whatsapp' ><a target=\"_blank\" aria-label=\"Compartir en Whatsapp\" href='https:\/\/api.whatsapp.com\/send?text=https:\/\/radiorevelacionfm.cl\/?p=52002' aria-hidden='false' data-av_icon='\uf232' data-av_iconfont='entypo-fontello' title='' data-avia-related-tooltip='Compartir en Whatsapp' rel=\"noopener\"><span class='avia_hidden_link_text'>Compartir en Whatsapp<\/span><\/a><\/li><li class='av-share-link av-social-link-linkedin' ><a target=\"_blank\" aria-label=\"Compartir en LinkedIn\" href='https:\/\/linkedin.com\/shareArticle?mini=true&#038;title=Municipio%20porte%C3%B1o%20inicia%20retiro%20de%20veh%C3%ADculos%20abandonados%20en%20calles%20de%20Puerto%20Ays%C3%A9n&#038;url=https:\/\/radiorevelacionfm.cl\/?p=52002' aria-hidden='false' data-av_icon='\ue8fc' data-av_iconfont='entypo-fontello' title='' data-avia-related-tooltip='Compartir en LinkedIn' rel=\"noopener\"><span class='avia_hidden_link_text'>Compartir en LinkedIn<\/span><\/a><\/li><li class='av-share-link av-social-link-mail' ><a  aria-label=\"Compartir por correo\" href='mailto:?subject=Municipio%20porte%C3%B1o%20inicia%20retiro%20de%20veh%C3%ADculos%20abandonados%20en%20calles%20de%20Puerto%20Ays%C3%A9n&#038;body=https:\/\/radiorevelacionfm.cl\/?p=52002' aria-hidden='false' data-av_icon='\ue805' data-av_iconfont='entypo-fontello' title='' data-avia-related-tooltip='Compartir por correo'><span class='avia_hidden_link_text'>Compartir por correo<\/span><\/a><\/li><\/ul><\/div><\/div>\n<div  style='height:50px' class='hr hr-invisible   avia-builder-el-8  el_after_av_social_share  el_before_av_comments_list '><span class='hr-inner ' ><span class='hr-inner-style'><\/span><\/span><\/div>\n<div  class='av-buildercomment  av-blog-meta-html-info-disabled av-blog-meta-tag-disabled  '><\/div>\n","protected":false},"excerpt":{"rendered":"","protected":false},"author":1,"featured_media":52003,"comment_status":"closed","ping_status":"closed","sticky":false,"template":"","format":"standard","meta":{"footnotes":""},"categories":[38],"tags":[],"class_list":["post-52002","post","type-post","status-publish","format-standard","has-post-thumbnail","hentry","category-regional"],"jetpack_featured_media_url":"https:\/\/radiorevelacionfm.cl\/wp-content\/uploads\/2025\/03\/Imagen-de-WhatsApp-2025-03-31-a-las-19.03.45_99a00d9d-1-1.jpg","_links":{"self":[{"href":"https:\/\/radiorevelacionfm.cl\/index.php?rest_route=\/wp\/v2\/posts\/52002","targetHints":{"allow":["GET"]}}],"collection":[{"href":"https:\/\/radiorevelacionfm.cl\/index.php?rest_route=\/wp\/v2\/posts"}],"about":[{"href":"https:\/\/radiorevelacionfm.cl\/index.php?rest_route=\/wp\/v2\/types\/post"}],"author":[{"embeddable":true,"href":"https:\/\/radiorevelacionfm.cl\/index.php?rest_route=\/wp\/v2\/users\/1"}],"replies":[{"embeddable":true,"href":"https:\/\/radiorevelacionfm.cl\/index.php?rest_route=%2Fwp%2Fv2%2Fcomments&post=52002"}],"version-history":[{"count":2,"href":"https:\/\/radiorevelacionfm.cl\/index.php?rest_route=\/wp\/v2\/posts\/52002\/revisions"}],"predecessor-version":[{"id":52006,"href":"https:\/\/radiorevelacionfm.cl\/index.php?rest_route=\/wp\/v2\/posts\/52002\/revisions\/52006"}],"wp:featuredmedia":[{"embeddable":true,"href":"https:\/\/radiorevelacionfm.cl\/index.php?rest_route=\/wp\/v2\/media\/52003"}],"wp:attachment":[{"href":"https:\/\/radiorevelacionfm.cl\/index.php?rest_route=%2Fwp%2Fv2%2Fmedia&parent=52002"}],"wp:term":[{"taxonomy":"category","embeddable":true,"href":"https:\/\/radiorevelacionfm.cl\/index.php?rest_route=%2Fwp%2Fv2%2Fcategories&post=52002"},{"taxonomy":"post_tag","embeddable":true,"href":"https:\/\/radiorevelacionfm.cl\/index.php?rest_route=%2Fwp%2Fv2%2Ftags&post=52002"}],"curies":[{"name":"wp","href":"https:\/\/api.w.org\/{rel}","templated":true}]}}