{"id":51999,"date":"2025-04-01T09:48:46","date_gmt":"2025-04-01T12:48:46","guid":{"rendered":"https:\/\/radiorevelacionfm.cl\/?p=51999"},"modified":"2025-04-01T09:48:46","modified_gmt":"2025-04-01T12:48:46","slug":"8m-8-dirigentas-cartera-de-trabajo-y-prevision-social-finalizo-el-mes-de-la-mujer-homenajeando-a-dirigentas-sindicales-y-sociales","status":"publish","type":"post","link":"https:\/\/radiorevelacionfm.cl\/?p=51999","title":{"rendered":"8M-8 Dirigentas: Cartera de Trabajo y Previsi\u00f3n Social finaliz\u00f3 el Mes de la Mujer homenajeando a dirigentas sindicales y sociales"},"content":{"rendered":"<div class=\"flex_column av_one_full  flex_column_div av-zero-column-padding first  avia-builder-el-0  el_before_av_one_full  avia-builder-el-first  \" style='border-radius:0px; '><div  class='avia-image-container  av-styling-    avia-builder-el-1  avia-builder-el-no-sibling  avia-align-center '  itemprop=\"image\" itemscope=\"itemscope\" itemtype=\"https:\/\/schema.org\/ImageObject\"  ><div class='avia-image-container-inner'><div class='avia-image-overlay-wrap'><img decoding=\"async\" class='wp-image-52000 avia-img-lazy-loading-not-52000 avia_image' src=\"https:\/\/radiorevelacionfm.cl\/wp-content\/uploads\/2025\/03\/reconocimiento_8m8dirigentas_mintrabaysen-1_b-1_optimized.jpg\" alt='' title='reconocimiento_8m8dirigentas_mintrabaysen-(1)_b-(1)_optimized' height=\"600\" width=\"1328\"  itemprop=\"thumbnailUrl\" srcset=\"https:\/\/radiorevelacionfm.cl\/wp-content\/uploads\/2025\/03\/reconocimiento_8m8dirigentas_mintrabaysen-1_b-1_optimized.jpg 1328w, https:\/\/radiorevelacionfm.cl\/wp-content\/uploads\/2025\/03\/reconocimiento_8m8dirigentas_mintrabaysen-1_b-1_optimized-300x136.jpg 300w, https:\/\/radiorevelacionfm.cl\/wp-content\/uploads\/2025\/03\/reconocimiento_8m8dirigentas_mintrabaysen-1_b-1_optimized-1030x465.jpg 1030w, https:\/\/radiorevelacionfm.cl\/wp-content\/uploads\/2025\/03\/reconocimiento_8m8dirigentas_mintrabaysen-1_b-1_optimized-768x347.jpg 768w, https:\/\/radiorevelacionfm.cl\/wp-content\/uploads\/2025\/03\/reconocimiento_8m8dirigentas_mintrabaysen-1_b-1_optimized-705x319.jpg 705w, https:\/\/radiorevelacionfm.cl\/wp-content\/uploads\/2025\/03\/reconocimiento_8m8dirigentas_mintrabaysen-1_b-1_optimized-450x203.jpg 450w, https:\/\/radiorevelacionfm.cl\/wp-content\/uploads\/2025\/03\/reconocimiento_8m8dirigentas_mintrabaysen-1_b-1_optimized-600x271.jpg 600w\" sizes=\"(max-width: 1328px) 100vw, 1328px\" \/><\/div><\/div><\/div><\/div><div class=\"flex_column av_one_full  flex_column_div av-zero-column-padding first  avia-builder-el-2  el_after_av_one_full  el_before_av_one_full  column-top-margin\" style='border-radius:0px; '><section class=\"av_textblock_section \"  itemscope=\"itemscope\" itemtype=\"https:\/\/schema.org\/BlogPosting\" itemprop=\"blogPost\" ><div class='avia_textblock  '   itemprop=\"text\" ><p style=\"text-align: center;\"><strong><span style=\"font-size: 18pt;\">8M-8 Dirigentas: Cartera de Trabajo y Previsi\u00f3n Social finaliz\u00f3 el Mes de la Mujer homenajeando a dirigentas sindicales y sociales<\/span><\/strong><\/p>\n<div id=\"gtx-trans\" style=\"position: absolute; left: -50px; top: 4.31534px;\">\n<div class=\"gtx-trans-icon\"><\/div>\n<\/div>\n<\/div><\/section><\/div><div class=\"flex_column av_one_full  flex_column_div av-zero-column-padding first  avia-builder-el-4  el_after_av_one_full  el_before_av_hr  column-top-margin\" style='border-radius:0px; '><section class=\"av_textblock_section \"  itemscope=\"itemscope\" itemtype=\"https:\/\/schema.org\/BlogPosting\" itemprop=\"blogPost\" ><div class='avia_textblock  '   itemprop=\"text\" ><p style=\"text-align: justify;\"><i><span lang=\"ES\">Reconocer, Valorar y Visibilizar la lucha sindical y social de mujeres de nuestra Regi\u00f3n de Ays\u00e9n fue el prop\u00f3sito del reconocimiento, inspiraci\u00f3n para nuevas generaciones, destacando los avances en normativas con enfoque de g\u00e9nero y los desaf\u00edos que existen.<\/span><\/i><\/p>\n<p style=\"text-align: justify;\">Un emotivo acto se realiz\u00f3 en el Auditorio de la Mutual de Seguridad de Coyhaique denominado \u00ab8M-8Dirigentas\u00bb con el prop\u00f3sito de reconocer, valorar y visibilizar la lucha sindical y social de mujeres de nuestra Regi\u00f3n de Ays\u00e9n fue el centro del emotivo acto que realiz\u00f3 la Seremi del Trabajo y Previsi\u00f3n Social junto a sus servicios asociados, Instituto de Previsi\u00f3n Social, Direcci\u00f3n del Trabajo, Instituto de Seguridad Laboral y Sence, donde tambi\u00e9n se destacaron logros y desaf\u00edos, finalizando el Mes de la Mujer.<\/p>\n<p class=\"v1MsoNormal\" style=\"text-align: justify;\">\u00abPrecisamente el 8 de marzo, el Presidente hizo otro anuncio, que es una reforma constitucional y que est\u00e1 destinado precisamente a que haya una modificaci\u00f3n en los espacios de participaci\u00f3n pol\u00edtica de las mujeres, es decir, con esta reforma constitucional que ha presentado el Presidente de la Rep\u00fablica, los partidos pol\u00edticos estar\u00e1n por esa ley obligados a ofrecerle a la opini\u00f3n p\u00fablica que, a prop\u00f3sito de la entrega del Censo vemos que m\u00e1s del 50% de la poblaci\u00f3n de nuestro pa\u00eds son mujeres, y por lo tanto las mujeres tienen que estar en todos los espacios. Cuesta que los partidos pol\u00edticos que las mujeres se hagan espacio tambi\u00e9n para ser candidatas en igualdad de condiciones que el mundo masculino. Por lo tanto, yo creo que esta norma tambi\u00e9n viene a generar igualdad, as\u00ed como se pide igualar en las remuneraciones, tambi\u00e9n igualdad en el derecho a participar en la vida pol\u00edtica de nuestro pa\u00eds\u00bb, reforz\u00f3 el Delegado Presidencial Regional de Ays\u00e9n, Jorge D\u00edaz.<\/p>\n<p class=\"v1MsoNormal\" style=\"text-align: justify;\">Sobre este acto de reconocimiento, la Seremi de Trabajo y Previsi\u00f3n Social, Camila Covarrubias, explic\u00f3 su prop\u00f3sito, \u00abComo cartera de la Seremi del Trabajo y Previsi\u00f3n Social en la regi\u00f3n junto a nuestros servicios de la Direcci\u00f3n del Trabajo, Instituto de Previsi\u00f3n Social, Instituto de Seguridad Laboral y Sence, quisimos reconocer a 8 mujeres, 8 dirigentas en el marco del 8 de marzo, D\u00eda de la Mujer Trabajadora, para destacar, para relevar la labor que realizan por nuestra comunidad, por a\u00f1os y que significan avances en los derechos laborales y en los derechos sociales de nuestra comunidad. Queremos no s\u00f3lo reconocer en este d\u00eda a estas mujeres, sino que tambi\u00e9n hacer memoria del significativo trabajo que realizan. Hemos avanzado en significativas leyes para las y los trabajadores, y en especial para las mujeres durante este \u00faltimo periodo y en el que podemos se\u00f1alar la Ley de las 40 horas, la Ley de Conciliaci\u00f3n de la vida personal, familiar y laboral, Ley Sanna, la Ley Karin y entre tantas otras leyes y vamos a seguir avanzando por aprobar proyectos de leyes como la Equidad Salarial, en el cual bajo las mismas condiciones de trabajo, hombres y mujeres reciban el mismo salario y tambi\u00e9n la Ley de Sala Cuna que permita acceder a hombres y mujeres a este beneficio sin discriminaci\u00f3n, entre otros tantos\u00bb.<\/p>\n<p class=\"v1MsoNormal\" style=\"text-align: justify;\">En la actividad participaron el Delegado presidencial regional de Ays\u00e9n, Jorge D\u00edaz; Delegado presidencial provincial de General Carrera, Crist\u00f3bal Barcel\u00f3; las Seremis de Trabajo y Previsi\u00f3n Social, Camila Covarrubias y de Mujer y Equidad de G\u00e9nero, Isidora Gacit\u00faa; la Senadora de la regi\u00f3n, Ximena \u00d3rdenes; los directores\/as regionales del Instituto de Previsi\u00f3n Social, IPS ChileAtiende, Rodrigo D\u00edaz; de la Direcci\u00f3n del Trabajo, DT, Christian Aros; del Instituto de Seguridad Laboral, ISL, J\u00e9ssica Almonacid; del Servicio Nacional de Capacitaci\u00f3n y Empleo, Sence, Nelson Garrido; de Prodemu, Ingrid Osorio; presidente de la Central Unitaria de Trabajadores, Mauricio Mu\u00f1oz, directiva de la Asociaci\u00f3n Nacional de Empleados Fiscales, ANEF, dirigentas y comunidad en general.<\/p>\n<p class=\"v1MsoNormal\" style=\"text-align: justify;\"><b><u>Reconocimiento a mujeres l\u00edderes<\/u><\/b><\/p>\n<p class=\"v1MsoNormal\" style=\"text-align: justify;\">Tal como mencion\u00f3 la Seremi Camila Covarrubias, las dirigentes sindicales y sociales, fueron elegidas por la Seremi del Trabajo y Previsi\u00f3n Social y sus servicios asociados, por ser un ejemplo de liderazgo e inspiraci\u00f3n para las nuevas generaciones, donde han buscado siempre el bien colectivo m\u00e1s que el individual, dedicando tiempo, esfuerzo y cari\u00f1o a su labor dirigencial, teniendo en mente avanzar y aportar en la construcci\u00f3n de una sociedad m\u00e1s justa y equitativa.<\/p>\n<p class=\"v1MsoNormal\" style=\"text-align: justify;\">Una de las homenajeadas fue Y\u00e9ssica Almonacid Soto, presidenta de la ANEF, para quien fue una sorpresa este reconocimiento, \u00abReconocimiento sorpresa que me ha emocionado mucho. Estoy muy agradecida del reconocimiento que me entrega la Seremi del Trabajo, al reconocimiento al trabajo de la mujer dirigenta. Yo creo que en mi nombre tambi\u00e9n se reconoce a muchas dirigentas sindicales del sector p\u00fablico y tambi\u00e9n del sector privado. Es importante poder hacer estos reconocimientos en vida, como se dijo. Me siento s\u00faper honrada de estar representando a las trabajadoras, a los trabajadores y tambi\u00e9n de la lucha que se ha hecho por reivindicar los derechos de los trabajadores, pero tambi\u00e9n esta reivindicaci\u00f3n que tiene que ver con la equidad de g\u00e9nero, con la igualdad que se ha dado una tremenda batalla. Junto con la Seremi del Trabajo tambi\u00e9n hemos tenido instancias de conversaci\u00f3n, de di\u00e1logo, mesas de trabajo para poder avanzar en lo que es ahora la implementaci\u00f3n de la Ley Karin, poder erradicar la violencia en los lugares de trabajo. Por supuesto, se ha avanzado, pero todav\u00eda hay mucho camino por avanzar, que recorrer y vamos a seguir en esa senda\u00bb, afirm\u00f3.<\/p>\n<p class=\"v1MsoNormal\" style=\"text-align: justify;\">Una de las dirigentas del sector privado que se reconoci\u00f3, fue Blanca Navarrete Sobarzo, presidenta del sindicato de trabajadores UNIMARC Coyhaique, \u00absorpresivo, como lo dije, no s\u00e9 si me lo merezco, todo lo que trato de hacer por los trabajadores es sin esperar nada a cambio. Igual es bonito sentir que se reconoce el trabajo, que es un poco a veces silencioso, lleno de cosas satisfactorias y tambi\u00e9n de repente de cosas no muy agradables, pero el servicio para las personas yo creo que viene con uno mismo, las ganas de ayudar a los dem\u00e1s, me gusta. Sacando mis cuentas, mi pap\u00e1 fue por a\u00f1os presidente de un asentamiento en la Estancia R\u00edo Cisnes, quiz\u00e1s de ah\u00ed viene mi gustito por el sindicalismo o por ayudar a las personas. Es gratificante, con ganas de seguir, porque veo que el trabajo de repente no es todo en vano, siempre se saca alg\u00fan aprendizaje y las ganas de seguir luchando, luchando por los trabajadores que a veces ellos no tienen un representante y ser la voz de ellos\u00bb, manifest\u00f3.<\/p>\n<p class=\"v1MsoNormal\" style=\"text-align: justify;\">En este acto se entreg\u00f3 un reconocimiento sorpresa a la Senadora Ximena \u00d3rdenes Neira, por ser la primera senadora de la Regi\u00f3n de Ays\u00e9n y por impulsar iniciativas con enfoque de g\u00e9nero, como la norma que\u00a0regula el acoso sexual en el \u00e1mbito acad\u00e9mico y la ley de paridad en los directorios de empresas del Estado; apoyando otras como la Ley de Responsabilidad Parental y pago efectivo de deudas de pensiones de alimentos, conocida como \u00abley papito coraz\u00f3n\u00bb, la ley que establece medidas para prevenir, sancionar y erradicar la violencia en contra de las mujeres, en raz\u00f3n de su g\u00e9nero, la exenci\u00f3n de la orden m\u00e9dica para el examen de mamograf\u00eda, la Ley de 40 Horas, Ley Karin, ampliaci\u00f3n Ley Sanna, la Reforma de Pensiones hace pocas semanas, entre otras.\u00a0En la historia del Congreso de Chile, s\u00f3lo hay 26 mujeres que han sido senadoras.<\/p>\n<p class=\"v1MsoNormal\" style=\"text-align: justify;\">La Senadora \u00d3rdenes en sus palabras de agradecimiento, record\u00f3 el ejemplo de su madre, Nin\u00f3n Neira -quien estuvo presente en la ceremonia- dirigenta hist\u00f3rica de la Agrupaci\u00f3n de Derechos Humanos de Coyhaique y los testimonios de cada una de las dirigentas. \u00abUn cierre maravilloso al Mes de Conmemoraci\u00f3n del D\u00eda Internacional de la Mujer. Es el primer reconocimiento que recibo en tanto primera senadora de la regi\u00f3n de Ays\u00e9n y, por supuesto, que muy honrada, porque eso ocurre junto a mujeres dirigentas del mundo del trabajo, que si una escucha sus testimonios tenemos la experiencia com\u00fan de ser mujeres, compartimos muchas miradas, visiones y probablemente las mismas barreras para llegar a ocupar los espacios que hoy d\u00eda tenemos. Yo creo que esta es una invitaci\u00f3n que nos hace el Ministerio del Trabajo y Previsi\u00f3n Social a mirar en conjunto cu\u00e1les son los futuros desaf\u00edos. El tema de cuidados en Chile me parece que es un tema que tambi\u00e9n tenemos que mirar desde la perspectiva de g\u00e9nero y, por supuesto, muy contenta de poder participar y encontrarme con tremendas mujeres en este espacio\u00bb, reflexion\u00f3.<\/p>\n<p class=\"v1MsoNormal\" style=\"text-align: justify;\">En este mismo tenor, prontamente se entregar\u00e1 tambi\u00e9n un reconocimiento a la dirigenta de Puerto Ays\u00e9n, Eugenia Caro Hueicha. La ceremonia cont\u00f3 adem\u00e1s con un acto art\u00edstico, donde Antonia Arteaga Paillacar, joven de Puerto Ays\u00e9n, interpret\u00f3 canciones de su autor\u00eda y de Violeta Parra para homenajear a las dirigentas presentes.<\/p>\n<p class=\"v1MsoNormal\" style=\"text-align: justify;\"><b>Mujeres l\u00edderes sindicales y sociales homenajeadas:<\/b><\/p>\n<p style=\"text-align: justify;\"><span lang=\"ES\">\u00b7 <\/span><span lang=\"ES\">Y\u00e9ssica Almonacid Soto, reconocida por su destacada trayectoria como dirigenta sindical, presidenta de la Agrupaci\u00f3n Nacional de Empleados Fiscales, ANEF, Regi\u00f3n de Ays\u00e9n; Anfucultura y de la Mesa del Sector P\u00fablico.<\/span><\/p>\n<p style=\"text-align: justify;\">\u00b7 <span lang=\"ES-MX\">Blanca Navarrete Sobarzo,\u00a0<\/span>destacada trayectoria como dirigenta sindical y presidenta del Sindicato de Trabajadores de Unimarc Coyhaique.<\/p>\n<p style=\"text-align: justify;\">\u00b7 Gissela \u00c1lvarez \u00c1lvarez, destacada trayectoria como dirigenta del Sindicato de Trabajadores de Establecimiento Multitienda Corona de la regi\u00f3n de Ays\u00e9n.<\/p>\n<p style=\"text-align: justify;\">\u00b7\u00a0 Victoria Jara S\u00e1ez, destacada como nuevas dirigencias y presidenta del Sindicato Adelco de Coyhaique.<\/p>\n<p style=\"text-align: justify;\">\u00b7 Ver\u00f3nica Gallardo Gallardo, destacada trayectoria como dirigenta regional de la Asociaci\u00f3n Nacional de Empleados Fiscales, ANEF, de la Central Unitaria de Trabajadores, CUT y actualmente Presidenta de la Asociaci\u00f3n Nacional de Trabajadores del Instituto de Previsi\u00f3n Social.<\/p>\n<p style=\"text-align: justify;\">\u00b7 Cristina Barrientos Ojeda, destacada trayectoria como dirigenta de la Agrupaci\u00f3n de Ciegos de la Patagonia, ACIPA, organizaciones sociales y Consejo de la Sociedad Civil, COSOC, del Instituto de Previsi\u00f3n Social.<\/p>\n<p style=\"text-align: justify;\">\u00b7 Ximena \u00d3rdenes Neira, destacada trayectoria y compromiso en el \u00e1mbito p\u00fablico con la igualdad de g\u00e9nero y por ser la primera Senadora de la Rep\u00fablica, representando a la Regi\u00f3n de Ays\u00e9n.<\/p>\n<p style=\"text-align: justify;\">\u00b7 Ernestina Coli Dom\u00ednguez (Q.E.P.D.), destacada trayectoria como dirigenta de agrupaciones de Adultos Mayores, organizaciones sociales y del Consejo de la Sociedad Civil, COSOC, del Instituto de Previsi\u00f3n Social, IPS.<\/p>\n<\/div><\/section><\/div><div  style='height:50px' class='hr hr-invisible   avia-builder-el-6  el_after_av_one_full  el_before_av_social_share '><span class='hr-inner ' ><span class='hr-inner-style'><\/span><\/span><\/div><\/p>\n<div  class='av-social-sharing-box  avia-builder-el-7  el_after_av_hr  el_before_av_hr  '><div class='av-share-box'><h5 class='av-share-link-description av-no-toc '>Compartir esta noticia<\/h5><ul class='av-share-box-list noLightbox'><li class='av-share-link av-social-link-facebook' ><a target=\"_blank\" aria-label=\"Compartir en Facebook\" href='https:\/\/www.facebook.com\/sharer.php?u=https:\/\/radiorevelacionfm.cl\/?p=51999&#038;t=8M-8%20Dirigentas%3A%20Cartera%20de%20Trabajo%20y%20Previsi%C3%B3n%20Social%20finaliz%C3%B3%20el%20Mes%20de%20la%20Mujer%20homenajeando%20a%20dirigentas%20sindicales%20y%20sociales' aria-hidden='false' data-av_icon='\ue8f3' data-av_iconfont='entypo-fontello' title='' data-avia-related-tooltip='Compartir en Facebook' rel=\"noopener\"><span class='avia_hidden_link_text'>Compartir en Facebook<\/span><\/a><\/li><li class='av-share-link av-social-link-twitter' ><a target=\"_blank\" aria-label=\"Compartir en Twitter\" href='https:\/\/twitter.com\/share?text=8M-8%20Dirigentas%3A%20Cartera%20de%20Trabajo%20y%20Previsi%C3%B3n%20Social%20finaliz%C3%B3%20el%20Mes%20de%20la%20Mujer%20homenajeando%20a%20dirigentas%20sindicales%20y%20sociales&#038;url=https:\/\/radiorevelacionfm.cl\/?p=51999' aria-hidden='false' data-av_icon='\ue8f1' data-av_iconfont='entypo-fontello' title='' data-avia-related-tooltip='Compartir en Twitter' rel=\"noopener\"><span class='avia_hidden_link_text'>Compartir en Twitter<\/span><\/a><\/li><li class='av-share-link av-social-link-whatsapp' ><a target=\"_blank\" aria-label=\"Compartir en Whatsapp\" href='https:\/\/api.whatsapp.com\/send?text=https:\/\/radiorevelacionfm.cl\/?p=51999' aria-hidden='false' data-av_icon='\uf232' data-av_iconfont='entypo-fontello' title='' data-avia-related-tooltip='Compartir en Whatsapp' rel=\"noopener\"><span class='avia_hidden_link_text'>Compartir en Whatsapp<\/span><\/a><\/li><li class='av-share-link av-social-link-linkedin' ><a target=\"_blank\" aria-label=\"Compartir en LinkedIn\" href='https:\/\/linkedin.com\/shareArticle?mini=true&#038;title=8M-8%20Dirigentas%3A%20Cartera%20de%20Trabajo%20y%20Previsi%C3%B3n%20Social%20finaliz%C3%B3%20el%20Mes%20de%20la%20Mujer%20homenajeando%20a%20dirigentas%20sindicales%20y%20sociales&#038;url=https:\/\/radiorevelacionfm.cl\/?p=51999' aria-hidden='false' data-av_icon='\ue8fc' data-av_iconfont='entypo-fontello' title='' data-avia-related-tooltip='Compartir en LinkedIn' rel=\"noopener\"><span class='avia_hidden_link_text'>Compartir en LinkedIn<\/span><\/a><\/li><li class='av-share-link av-social-link-mail' ><a  aria-label=\"Compartir por correo\" href='mailto:?subject=8M-8%20Dirigentas%3A%20Cartera%20de%20Trabajo%20y%20Previsi%C3%B3n%20Social%20finaliz%C3%B3%20el%20Mes%20de%20la%20Mujer%20homenajeando%20a%20dirigentas%20sindicales%20y%20sociales&#038;body=https:\/\/radiorevelacionfm.cl\/?p=51999' aria-hidden='false' data-av_icon='\ue805' data-av_iconfont='entypo-fontello' title='' data-avia-related-tooltip='Compartir por correo'><span class='avia_hidden_link_text'>Compartir por correo<\/span><\/a><\/li><\/ul><\/div><\/div>\n<div  style='height:50px' class='hr hr-invisible   avia-builder-el-8  el_after_av_social_share  el_before_av_comments_list '><span class='hr-inner ' ><span class='hr-inner-style'><\/span><\/span><\/div>\n<div  class='av-buildercomment  av-blog-meta-html-info-disabled av-blog-meta-tag-disabled  '><\/div>\n","protected":false},"excerpt":{"rendered":"","protected":false},"author":1,"featured_media":52000,"comment_status":"closed","ping_status":"closed","sticky":false,"template":"","format":"standard","meta":{"footnotes":""},"categories":[56],"tags":[],"class_list":["post-51999","post","type-post","status-publish","format-standard","has-post-thumbnail","hentry","category-trabajo"],"jetpack_featured_media_url":"https:\/\/radiorevelacionfm.cl\/wp-content\/uploads\/2025\/03\/reconocimiento_8m8dirigentas_mintrabaysen-1_b-1_optimized.jpg","_links":{"self":[{"href":"https:\/\/radiorevelacionfm.cl\/index.php?rest_route=\/wp\/v2\/posts\/51999","targetHints":{"allow":["GET"]}}],"collection":[{"href":"https:\/\/radiorevelacionfm.cl\/index.php?rest_route=\/wp\/v2\/posts"}],"about":[{"href":"https:\/\/radiorevelacionfm.cl\/index.php?rest_route=\/wp\/v2\/types\/post"}],"author":[{"embeddable":true,"href":"https:\/\/radiorevelacionfm.cl\/index.php?rest_route=\/wp\/v2\/users\/1"}],"replies":[{"embeddable":true,"href":"https:\/\/radiorevelacionfm.cl\/index.php?rest_route=%2Fwp%2Fv2%2Fcomments&post=51999"}],"version-history":[{"count":2,"href":"https:\/\/radiorevelacionfm.cl\/index.php?rest_route=\/wp\/v2\/posts\/51999\/revisions"}],"predecessor-version":[{"id":52014,"href":"https:\/\/radiorevelacionfm.cl\/index.php?rest_route=\/wp\/v2\/posts\/51999\/revisions\/52014"}],"wp:featuredmedia":[{"embeddable":true,"href":"https:\/\/radiorevelacionfm.cl\/index.php?rest_route=\/wp\/v2\/media\/52000"}],"wp:attachment":[{"href":"https:\/\/radiorevelacionfm.cl\/index.php?rest_route=%2Fwp%2Fv2%2Fmedia&parent=51999"}],"wp:term":[{"taxonomy":"category","embeddable":true,"href":"https:\/\/radiorevelacionfm.cl\/index.php?rest_route=%2Fwp%2Fv2%2Fcategories&post=51999"},{"taxonomy":"post_tag","embeddable":true,"href":"https:\/\/radiorevelacionfm.cl\/index.php?rest_route=%2Fwp%2Fv2%2Ftags&post=51999"}],"curies":[{"name":"wp","href":"https:\/\/api.w.org\/{rel}","templated":true}]}}