{"id":51995,"date":"2025-03-31T18:46:52","date_gmt":"2025-03-31T21:46:52","guid":{"rendered":"https:\/\/radiorevelacionfm.cl\/?p=51995"},"modified":"2025-03-31T18:46:52","modified_gmt":"2025-03-31T21:46:52","slug":"fiscalia-logra-18-y-12-anos-de-presidio-para-autores-de-dos-robos-con-violencia-ocurridos-en-coyhaique","status":"publish","type":"post","link":"https:\/\/radiorevelacionfm.cl\/?p=51995","title":{"rendered":"Fiscal\u00eda logra 18 y 12 a\u00f1os de presidio para autores de dos robos con violencia ocurridos en Coyhaique"},"content":{"rendered":"<div class=\"flex_column av_one_full  flex_column_div av-zero-column-padding first  avia-builder-el-0  el_before_av_one_full  avia-builder-el-first  \" style='border-radius:0px; '><div  class='avia-image-container  av-styling-    avia-builder-el-1  avia-builder-el-no-sibling  avia-align-center '  itemprop=\"image\" itemscope=\"itemscope\" itemtype=\"https:\/\/schema.org\/ImageObject\"  ><div class='avia-image-container-inner'><div class='avia-image-overlay-wrap'><img decoding=\"async\" class='wp-image-51996 avia-img-lazy-loading-not-51996 avia_image' src=\"https:\/\/radiorevelacionfm.cl\/wp-content\/uploads\/2025\/03\/Imputado2-1-1.jpg\" alt='' title='Imputado2 (1) (1)' height=\"600\" width=\"1148\"  itemprop=\"thumbnailUrl\" srcset=\"https:\/\/radiorevelacionfm.cl\/wp-content\/uploads\/2025\/03\/Imputado2-1-1.jpg 1148w, https:\/\/radiorevelacionfm.cl\/wp-content\/uploads\/2025\/03\/Imputado2-1-1-300x157.jpg 300w, https:\/\/radiorevelacionfm.cl\/wp-content\/uploads\/2025\/03\/Imputado2-1-1-1030x538.jpg 1030w, https:\/\/radiorevelacionfm.cl\/wp-content\/uploads\/2025\/03\/Imputado2-1-1-768x401.jpg 768w, https:\/\/radiorevelacionfm.cl\/wp-content\/uploads\/2025\/03\/Imputado2-1-1-705x368.jpg 705w, https:\/\/radiorevelacionfm.cl\/wp-content\/uploads\/2025\/03\/Imputado2-1-1-450x235.jpg 450w, https:\/\/radiorevelacionfm.cl\/wp-content\/uploads\/2025\/03\/Imputado2-1-1-600x314.jpg 600w\" sizes=\"(max-width: 1148px) 100vw, 1148px\" \/><\/div><\/div><\/div><\/div><div class=\"flex_column av_one_full  flex_column_div av-zero-column-padding first  avia-builder-el-2  el_after_av_one_full  el_before_av_one_full  column-top-margin\" style='border-radius:0px; '><section class=\"av_textblock_section \"  itemscope=\"itemscope\" itemtype=\"https:\/\/schema.org\/BlogPosting\" itemprop=\"blogPost\" ><div class='avia_textblock  '   itemprop=\"text\" ><p style=\"text-align: center;\"><span style=\"font-size: 18pt;\"><b>Fiscal\u00eda logra 18 y 12 a\u00f1os de presidio para autores de dos robos con violencia ocurridos en Coyhaique<\/b><\/span><\/p>\n<div id=\"gtx-trans\" style=\"position: absolute; left: -50px; top: 4.31534px;\">\n<div class=\"gtx-trans-icon\"><\/div>\n<\/div>\n<\/div><\/section><\/div><div class=\"flex_column av_one_full  flex_column_div av-zero-column-padding first  avia-builder-el-4  el_after_av_one_full  el_before_av_hr  column-top-margin\" style='border-radius:0px; '><section class=\"av_textblock_section \"  itemscope=\"itemscope\" itemtype=\"https:\/\/schema.org\/BlogPosting\" itemprop=\"blogPost\" ><div class='avia_textblock  '   itemprop=\"text\" ><p style=\"font-weight: 400; text-align: justify;\">El caso fue aclarado tras diligencias investigativas efectuadas por Carabineros y la Brigada Investigadora de Robos de la PDI, bajo la direcci\u00f3n del Ministerio P\u00fablico.<\/p>\n<p style=\"font-weight: 400; text-align: justify;\">Tras una acusaci\u00f3n de la Fiscal\u00eda Local de Coyhaique, fueron condenados a 18 a\u00f1os y 12 a\u00f1os de presidio mayor en su grado m\u00e1ximo, dos imputados de 19 y 20 a\u00f1os, por los delitos de robo con violencia y robo con violencia calificado, hechos ocurridos en junio del a\u00f1o pasado en Coyhaique.<\/p>\n<p style=\"font-weight: 400; text-align: justify;\">En esta causa, que gener\u00f3 preocupaci\u00f3n en la comunidad, efectuaron diligencias investigativas tanto el personal de Carabineros de la Primera Comisar\u00eda como la Brigada Investigadora de Robos de la PDI, bajo la coordinaci\u00f3n del fiscal Jos\u00e9 Moris. Uno de los sujetos fue condenado a 6 a\u00f1os de presidio por el robo con violencia y otros 12 a\u00f1os de presidio por el robo con violencia calificado. El segundo involucrado fue condenado a 12 a\u00f1os de presidio.<\/p>\n<p style=\"font-weight: 400; text-align: justify;\">VIOLENCIA<\/p>\n<p style=\"font-weight: 400; text-align: justify;\">De acuerdo a lo expuesto en el juicio oral por el fiscal Mat\u00edas Manzano, en fecha no precisada entre el 01 y el 12 de junio de 2024, alrededor de las 22:00 horas, uno de los imputados junto a un joven de 17 a\u00f1os ya condenado y dos sujetos desconocidos, se movilizaron en un veh\u00edculo marca Kia color blanco, concurriendo hasta la calle Obispo Vielmo de Coyhaique. En lugar, desciende el adolescente involucrado quien solicita a la v\u00edctima, tambi\u00e9n un menor de edad que se encontraba en el lugar, subirse al veh\u00edculo.<\/p>\n<p style=\"font-weight: 400; text-align: justify;\">En el asiento trasero del autom\u00f3vil, el adolescente y un tercero desconocido, golpearon a la v\u00edctima mientras el imputado de 19 a\u00f1os, condenado ahora en este juicio y quien se encontraba sentado en el asiento del copiloto, apuntaba con una pistola al adolescente reteni\u00e9ndolo en su interior.<\/p>\n<p style=\"font-weight: 400; text-align: justify;\">La v\u00edctima fue trasladada por los imputados por diversas calles de Coyhaique, mientras tambi\u00e9n era grabado con un tel\u00e9fono celular por parte del imputado de 19 a\u00f1os. En el trayecto, el imputado adolescente y un tercer desconocido, sustrajeron 50 mil pesos en efectivo a la v\u00edctima, una cadena de plata, un reloj met\u00e1lico y un tel\u00e9fono iPhone, luego de lo cual, abandonaron al afectado en la Ruta 7 camino a Balmaceda, frente a una Distribuidora.<\/p>\n<p style=\"font-weight: 400; text-align: justify;\">PISTOLA<\/p>\n<p style=\"font-weight: 400; text-align: justify;\">En el segundo hecho, ocurrido el 12 de junio de 2024, entre las 18:15 horas y las 21:00 horas, los imputados de 19 y 20 a\u00f1os, junto a otros dos sujetos ya condenados en esta misma causa, sumado a un tercero desconocido, se movilizaron en un veh\u00edculo marca Suzuki modelo Spresso, hasta la intersecci\u00f3n de calles Ca\u00f1ete con Los Cipreses de Coyhaique.<\/p>\n<p style=\"font-weight: 400; text-align: justify;\">All\u00ed, abordaron a la v\u00edctima, golpe\u00e1ndolo con pistolas en su cabeza, oblig\u00e1ndolo a subirse a su propio autom\u00f3vil marca Suzuki modelo Ignis, en el asiento trasero. Los imputados ingresaron al mismo veh\u00edculo, sent\u00e1ndose uno de los sujetos al lado de la v\u00edctima, impidiendo que pudiera huir.<\/p>\n<p style=\"font-weight: 400; text-align: justify;\">El afectado estuvo encerrado desde las 18:50 horas aproximadamente, mientras era trasladado por distintos sectores de la ciudad, tiempo en el cual los imputados lo golpearon en la cabeza, sustray\u00e9ndole su billetera en la cual manten\u00eda $150.000 en dinero en efectivo, adem\u00e1s de una tarjeta bancaria de su suegra.<\/p>\n<p style=\"font-weight: 400; text-align: justify;\">Luego, en un sitio eriazo, cambiaron a la v\u00edctima de veh\u00edculo, traslad\u00e1ndolo hasta el sector de Las Bandurrias de Coyhaique, lugar donde los coautores de este delito siguieron agrediendo a la v\u00edctima mientras lo apuntaban con pistolas, hasta aproximadamente las 21.00 horas. Producto de la acci\u00f3n de los imputados, el afectado result\u00f3 con diversas heridas.<\/p>\n<p style=\"font-weight: 400; text-align: justify;\">Ahora los imputados de 19 y 20 a\u00f1os, condenados tras una investigaci\u00f3n donde se efectuaron diversas gestiones por parte de Carabineros, Brigada Investigadora de Robos y la Fiscal\u00eda Local de Coyhaique, deber\u00e1n cumplir en la c\u00e1rcel las penas a las que fueron sancionados.<\/p>\n<p style=\"font-weight: 400; text-align: justify;\">En esta causa, un imputado adulto y un adolescente ya hab\u00edan sido condenados a penas de 5 a\u00f1os de presidio por su participaci\u00f3n en estos hechos.<\/p>\n<\/div><\/section><\/div><div  style='height:50px' class='hr hr-invisible   avia-builder-el-6  el_after_av_one_full  el_before_av_social_share '><span class='hr-inner ' ><span class='hr-inner-style'><\/span><\/span><\/div><\/p>\n<div  class='av-social-sharing-box  avia-builder-el-7  el_after_av_hr  el_before_av_hr  '><div class='av-share-box'><h5 class='av-share-link-description av-no-toc '>Compartir esta noticia<\/h5><ul class='av-share-box-list noLightbox'><li class='av-share-link av-social-link-facebook' ><a target=\"_blank\" aria-label=\"Compartir en Facebook\" href='https:\/\/www.facebook.com\/sharer.php?u=https:\/\/radiorevelacionfm.cl\/?p=51995&#038;t=Fiscal%C3%ADa%20logra%2018%20y%2012%20a%C3%B1os%20de%20presidio%20para%20autores%20de%20dos%20robos%20con%20violencia%20ocurridos%20en%20Coyhaique' aria-hidden='false' data-av_icon='\ue8f3' data-av_iconfont='entypo-fontello' title='' data-avia-related-tooltip='Compartir en Facebook' rel=\"noopener\"><span class='avia_hidden_link_text'>Compartir en Facebook<\/span><\/a><\/li><li class='av-share-link av-social-link-twitter' ><a target=\"_blank\" aria-label=\"Compartir en Twitter\" href='https:\/\/twitter.com\/share?text=Fiscal%C3%ADa%20logra%2018%20y%2012%20a%C3%B1os%20de%20presidio%20para%20autores%20de%20dos%20robos%20con%20violencia%20ocurridos%20en%20Coyhaique&#038;url=https:\/\/radiorevelacionfm.cl\/?p=51995' aria-hidden='false' data-av_icon='\ue8f1' data-av_iconfont='entypo-fontello' title='' data-avia-related-tooltip='Compartir en Twitter' rel=\"noopener\"><span class='avia_hidden_link_text'>Compartir en Twitter<\/span><\/a><\/li><li class='av-share-link av-social-link-whatsapp' ><a target=\"_blank\" aria-label=\"Compartir en Whatsapp\" href='https:\/\/api.whatsapp.com\/send?text=https:\/\/radiorevelacionfm.cl\/?p=51995' aria-hidden='false' data-av_icon='\uf232' data-av_iconfont='entypo-fontello' title='' data-avia-related-tooltip='Compartir en Whatsapp' rel=\"noopener\"><span class='avia_hidden_link_text'>Compartir en Whatsapp<\/span><\/a><\/li><li class='av-share-link av-social-link-linkedin' ><a target=\"_blank\" aria-label=\"Compartir en LinkedIn\" href='https:\/\/linkedin.com\/shareArticle?mini=true&#038;title=Fiscal%C3%ADa%20logra%2018%20y%2012%20a%C3%B1os%20de%20presidio%20para%20autores%20de%20dos%20robos%20con%20violencia%20ocurridos%20en%20Coyhaique&#038;url=https:\/\/radiorevelacionfm.cl\/?p=51995' aria-hidden='false' data-av_icon='\ue8fc' data-av_iconfont='entypo-fontello' title='' data-avia-related-tooltip='Compartir en LinkedIn' rel=\"noopener\"><span class='avia_hidden_link_text'>Compartir en LinkedIn<\/span><\/a><\/li><li class='av-share-link av-social-link-mail' ><a  aria-label=\"Compartir por correo\" href='mailto:?subject=Fiscal%C3%ADa%20logra%2018%20y%2012%20a%C3%B1os%20de%20presidio%20para%20autores%20de%20dos%20robos%20con%20violencia%20ocurridos%20en%20Coyhaique&#038;body=https:\/\/radiorevelacionfm.cl\/?p=51995' aria-hidden='false' data-av_icon='\ue805' data-av_iconfont='entypo-fontello' title='' data-avia-related-tooltip='Compartir por correo'><span class='avia_hidden_link_text'>Compartir por correo<\/span><\/a><\/li><\/ul><\/div><\/div>\n<div  style='height:50px' class='hr hr-invisible   avia-builder-el-8  el_after_av_social_share  el_before_av_comments_list '><span class='hr-inner ' ><span class='hr-inner-style'><\/span><\/span><\/div>\n<div  class='av-buildercomment  av-blog-meta-html-info-disabled av-blog-meta-tag-disabled  '><\/div>\n","protected":false},"excerpt":{"rendered":"","protected":false},"author":1,"featured_media":51996,"comment_status":"closed","ping_status":"closed","sticky":false,"template":"","format":"standard","meta":{"footnotes":""},"categories":[55],"tags":[],"class_list":["post-51995","post","type-post","status-publish","format-standard","has-post-thumbnail","hentry","category-justicia"],"jetpack_featured_media_url":"https:\/\/radiorevelacionfm.cl\/wp-content\/uploads\/2025\/03\/Imputado2-1-1.jpg","_links":{"self":[{"href":"https:\/\/radiorevelacionfm.cl\/index.php?rest_route=\/wp\/v2\/posts\/51995","targetHints":{"allow":["GET"]}}],"collection":[{"href":"https:\/\/radiorevelacionfm.cl\/index.php?rest_route=\/wp\/v2\/posts"}],"about":[{"href":"https:\/\/radiorevelacionfm.cl\/index.php?rest_route=\/wp\/v2\/types\/post"}],"author":[{"embeddable":true,"href":"https:\/\/radiorevelacionfm.cl\/index.php?rest_route=\/wp\/v2\/users\/1"}],"replies":[{"embeddable":true,"href":"https:\/\/radiorevelacionfm.cl\/index.php?rest_route=%2Fwp%2Fv2%2Fcomments&post=51995"}],"version-history":[{"count":2,"href":"https:\/\/radiorevelacionfm.cl\/index.php?rest_route=\/wp\/v2\/posts\/51995\/revisions"}],"predecessor-version":[{"id":51998,"href":"https:\/\/radiorevelacionfm.cl\/index.php?rest_route=\/wp\/v2\/posts\/51995\/revisions\/51998"}],"wp:featuredmedia":[{"embeddable":true,"href":"https:\/\/radiorevelacionfm.cl\/index.php?rest_route=\/wp\/v2\/media\/51996"}],"wp:attachment":[{"href":"https:\/\/radiorevelacionfm.cl\/index.php?rest_route=%2Fwp%2Fv2%2Fmedia&parent=51995"}],"wp:term":[{"taxonomy":"category","embeddable":true,"href":"https:\/\/radiorevelacionfm.cl\/index.php?rest_route=%2Fwp%2Fv2%2Fcategories&post=51995"},{"taxonomy":"post_tag","embeddable":true,"href":"https:\/\/radiorevelacionfm.cl\/index.php?rest_route=%2Fwp%2Fv2%2Ftags&post=51995"}],"curies":[{"name":"wp","href":"https:\/\/api.w.org\/{rel}","templated":true}]}}