{"id":51992,"date":"2025-03-31T21:30:19","date_gmt":"2025-04-01T00:30:19","guid":{"rendered":"https:\/\/radiorevelacionfm.cl\/?p=51992"},"modified":"2025-03-31T21:30:19","modified_gmt":"2025-04-01T00:30:19","slug":"flora-nativa-caracteriza-a-las-mieles-de-aysen","status":"publish","type":"post","link":"https:\/\/radiorevelacionfm.cl\/?p=51992","title":{"rendered":"Flora nativa caracteriza a las mieles de Ays\u00e9n"},"content":{"rendered":"<div class=\"flex_column av_one_full  flex_column_div av-zero-column-padding first  avia-builder-el-0  el_before_av_one_full  avia-builder-el-first  \" style='border-radius:0px; '><div  class='avia-image-container  av-styling-    avia-builder-el-1  avia-builder-el-no-sibling  avia-align-center '  itemprop=\"image\" itemscope=\"itemscope\" itemtype=\"https:\/\/schema.org\/ImageObject\"  ><div class='avia-image-container-inner'><div class='avia-image-overlay-wrap'><img decoding=\"async\" class='wp-image-51993 avia-img-lazy-loading-not-51993 avia_image' src=\"https:\/\/radiorevelacionfm.cl\/wp-content\/uploads\/2025\/03\/Muestras-Mieles_Estudio-CIEP-1-1.jpg\" alt='' title='Muestras Mieles_Estudio CIEP (1) (1)' height=\"600\" width=\"800\"  itemprop=\"thumbnailUrl\" srcset=\"https:\/\/radiorevelacionfm.cl\/wp-content\/uploads\/2025\/03\/Muestras-Mieles_Estudio-CIEP-1-1.jpg 800w, https:\/\/radiorevelacionfm.cl\/wp-content\/uploads\/2025\/03\/Muestras-Mieles_Estudio-CIEP-1-1-300x225.jpg 300w, https:\/\/radiorevelacionfm.cl\/wp-content\/uploads\/2025\/03\/Muestras-Mieles_Estudio-CIEP-1-1-768x576.jpg 768w, https:\/\/radiorevelacionfm.cl\/wp-content\/uploads\/2025\/03\/Muestras-Mieles_Estudio-CIEP-1-1-705x529.jpg 705w, https:\/\/radiorevelacionfm.cl\/wp-content\/uploads\/2025\/03\/Muestras-Mieles_Estudio-CIEP-1-1-450x338.jpg 450w, https:\/\/radiorevelacionfm.cl\/wp-content\/uploads\/2025\/03\/Muestras-Mieles_Estudio-CIEP-1-1-600x450.jpg 600w\" sizes=\"(max-width: 800px) 100vw, 800px\" \/><\/div><\/div><\/div><\/div><div class=\"flex_column av_one_full  flex_column_div av-zero-column-padding first  avia-builder-el-2  el_after_av_one_full  el_before_av_one_full  column-top-margin\" style='border-radius:0px; '><section class=\"av_textblock_section \"  itemscope=\"itemscope\" itemtype=\"https:\/\/schema.org\/BlogPosting\" itemprop=\"blogPost\" ><div class='avia_textblock  '   itemprop=\"text\" ><p style=\"text-align: center;\"><strong><span style=\"font-size: 18pt;\">Flora nativa caracteriza a las mieles de Ays\u00e9n<\/span><\/strong><\/p>\n<div id=\"gtx-trans\" style=\"position: absolute; left: -50px; top: 4.31534px;\">\n<div class=\"gtx-trans-icon\"><\/div>\n<\/div>\n<\/div><\/section><\/div><div class=\"flex_column av_one_full  flex_column_div av-zero-column-padding first  avia-builder-el-4  el_after_av_one_full  el_before_av_hr  column-top-margin\" style='border-radius:0px; '><section class=\"av_textblock_section \"  itemscope=\"itemscope\" itemtype=\"https:\/\/schema.org\/BlogPosting\" itemprop=\"blogPost\" ><div class='avia_textblock  '   itemprop=\"text\" ><p style=\"text-align: justify;\">Tras dos a\u00f1os de exhaustiva investigaci\u00f3n, la palin\u00f3loga\u00a0Dra. Valentina \u00c1lvarez Barra\u00a0del Centro de Investigaci\u00f3n en Ecosistemas de la Patagonia (CIEP), present\u00f3 los resultados del estudio \u201cCaracterizaci\u00f3n melisopalinol\u00f3gica de las mieles de Ays\u00e9n\u201d, instancia desarrollada el pasado jueves en el Centro Cultural de Coyhaique, convocando a apicultores y apicultoras regionales, diversos representantes de instituciones p\u00fablicas y a la comunidad en general.<\/p>\n<p style=\"text-align: justify;\">El proyecto, financiado por la Agencia Nacional de Investigaci\u00f3n y Desarrollo (ANID) y ejecutado por el CIEP, revel\u00f3 hallazgos significativos sobre las denominaciones florales de las mieles de la regi\u00f3n, destacando en su composici\u00f3n la presencia de diversidad de flora nativa.<\/p>\n<p style=\"text-align: justify;\">La investigaci\u00f3n fue presentada a la comunidad apicultora y autoridades del sector agropecuario de la regi\u00f3n, trabajo que cont\u00f3 con la colaboraci\u00f3n de instituciones p\u00fablicas relacionadas con el agro, como el Servicio Agr\u00edcola y Ganadero (SAG), el Instituto Forestal (INFOR) Sede Patagonia y \u00a0la Secretar\u00eda Regional Ministerial de Agricultura de Ays\u00e9n.<\/p>\n<p style=\"text-align: justify;\">El taller se desarroll\u00f3 en dos etapas, una ronda de presentaciones y un conversatorio con apicultoras regionales. En la primera, estuvieron a cargo\u00a0Fern\u00e1n Silva, Coordinador Regional de Gesti\u00f3n Ambiental y de Agricultura Org\u00e1nica del SAG Ays\u00e9n,\u00a0quien expuso sobre la flora mel\u00edfera regional; la Dra. \u00c1lvarez Barra, presentando las denominaciones florales de las mieles de Ays\u00e9n, y\u00a0Alejandro Z\u00fa\u00f1iga, Coordinador Regional de Vigilancia Sanitaria del SAG Ays\u00e9n, exponiendo en torno a la sanidad y la Ley Ap\u00edcola. En la segunda etapa del taller participaron apicultoras de diversas zonas de la regi\u00f3n, entre ellas,\u00a0Ang\u00e9lica D\u00edaz, de la localidad de La Junta; Mar\u00eda Teresa Barra, de Ensenada Valle Simpson, y Marcela Uribe, de Caleta Tortel.\u00a0Cada una de ellas comparti\u00f3 sus experiencias, desaf\u00edos y el significado de ser apicultoras en la Patagonia Ays\u00e9n.<\/p>\n<p style=\"text-align: justify;\">ALIMENTO ESTRAT\u00c9GICO<\/p>\n<p style=\"text-align: justify;\">\u201cLa investigaci\u00f3n desarrollada en el marco de este proyecto, constituye un precedente en la caracterizaci\u00f3n melisopalinol\u00f3gica de las mieles de Ays\u00e9n, analizando el contenido de polen para determinar su denominaci\u00f3n floral\u201d, afirm\u00f3 la\u00a0Dra. Valentina \u00c1lvarez.<\/p>\n<p style=\"text-align: justify;\">Agreg\u00f3 que \u201cAys\u00e9n se distingue por sus mieles monoflorales de especies nativas como el tineo y la tiaca, as\u00ed como de especies introducidas como el tr\u00e9bol morado y blanco, todas con propiedades nutritivas y medicinales\u201d.<\/p>\n<p style=\"text-align: justify;\">Por su parte, el\u00a0Dr. Gerard Olivar, Director Ejecutivo del CIEP, puntualiz\u00f3 que \u201cesta investigaci\u00f3n no solo valoriza el producto regional, sino que tambi\u00e9n contribuye a certificar la procedencia y calidad de nuestras mieles, un activo crucial para el desarrollo sustentable y la soberan\u00eda alimentaria de la regi\u00f3n\u201d.<\/p>\n<p style=\"text-align: justify;\">En la misma l\u00ednea,\u00a0Pamela Balbont\u00edn, apicultora de Coyhaique, apiterapeuta y presidenta de la Red API Patagonia, subray\u00f3 la importancia de este estudio para los apicultores locales: \u201cnos permite ofrecer mieles libres de pesticidas, 100% org\u00e1nicas, y fortalecer nuestras pr\u00e1cticas sustentables, beneficiando tanto a nuestra comunidad como al medioambiente\u201d.<\/p>\n<p style=\"text-align: justify;\">Finalmente,\u00a0Eugenio Ruiz, Seremi de Agricultura de Ays\u00e9n,\u00a0destac\u00f3 el rol estrat\u00e9gico de la miel en la sustentabilidad regional, se\u00f1alando que \u201cla apicultura no solo fortalece la salud de nuestras abejas y ecosistemas locales, sino que tambi\u00e9n impulsa la econom\u00eda regional, especialmente apoyando a las productoras mujeres y j\u00f3venes del campo\u201d.<\/p>\n<p style=\"text-align: justify;\">De esta manera, el CIEP confirma su compromiso con el desarrollo regional a trav\u00e9s de la investigaci\u00f3n aplicada a las necesidades del territorio y reforzando lazos con las instituciones p\u00fablicas de la regi\u00f3n de Ays\u00e9n.<\/p>\n<\/div><\/section><\/div><div  style='height:50px' class='hr hr-invisible   avia-builder-el-6  el_after_av_one_full  el_before_av_social_share '><span class='hr-inner ' ><span class='hr-inner-style'><\/span><\/span><\/div><\/p>\n<div  class='av-social-sharing-box  avia-builder-el-7  el_after_av_hr  el_before_av_hr  '><div class='av-share-box'><h5 class='av-share-link-description av-no-toc '>Compartir esta noticia<\/h5><ul class='av-share-box-list noLightbox'><li class='av-share-link av-social-link-facebook' ><a target=\"_blank\" aria-label=\"Compartir en Facebook\" href='https:\/\/www.facebook.com\/sharer.php?u=https:\/\/radiorevelacionfm.cl\/?p=51992&#038;t=Flora%20nativa%20caracteriza%20a%20las%20mieles%20de%20Ays%C3%A9n' aria-hidden='false' data-av_icon='\ue8f3' data-av_iconfont='entypo-fontello' title='' data-avia-related-tooltip='Compartir en Facebook' rel=\"noopener\"><span class='avia_hidden_link_text'>Compartir en Facebook<\/span><\/a><\/li><li class='av-share-link av-social-link-twitter' ><a target=\"_blank\" aria-label=\"Compartir en Twitter\" href='https:\/\/twitter.com\/share?text=Flora%20nativa%20caracteriza%20a%20las%20mieles%20de%20Ays%C3%A9n&#038;url=https:\/\/radiorevelacionfm.cl\/?p=51992' aria-hidden='false' data-av_icon='\ue8f1' data-av_iconfont='entypo-fontello' title='' data-avia-related-tooltip='Compartir en Twitter' rel=\"noopener\"><span class='avia_hidden_link_text'>Compartir en Twitter<\/span><\/a><\/li><li class='av-share-link av-social-link-whatsapp' ><a target=\"_blank\" aria-label=\"Compartir en Whatsapp\" href='https:\/\/api.whatsapp.com\/send?text=https:\/\/radiorevelacionfm.cl\/?p=51992' aria-hidden='false' data-av_icon='\uf232' data-av_iconfont='entypo-fontello' title='' data-avia-related-tooltip='Compartir en Whatsapp' rel=\"noopener\"><span class='avia_hidden_link_text'>Compartir en Whatsapp<\/span><\/a><\/li><li class='av-share-link av-social-link-linkedin' ><a target=\"_blank\" aria-label=\"Compartir en LinkedIn\" href='https:\/\/linkedin.com\/shareArticle?mini=true&#038;title=Flora%20nativa%20caracteriza%20a%20las%20mieles%20de%20Ays%C3%A9n&#038;url=https:\/\/radiorevelacionfm.cl\/?p=51992' aria-hidden='false' data-av_icon='\ue8fc' data-av_iconfont='entypo-fontello' title='' data-avia-related-tooltip='Compartir en LinkedIn' rel=\"noopener\"><span class='avia_hidden_link_text'>Compartir en LinkedIn<\/span><\/a><\/li><li class='av-share-link av-social-link-mail' ><a  aria-label=\"Compartir por correo\" href='mailto:?subject=Flora%20nativa%20caracteriza%20a%20las%20mieles%20de%20Ays%C3%A9n&#038;body=https:\/\/radiorevelacionfm.cl\/?p=51992' aria-hidden='false' data-av_icon='\ue805' data-av_iconfont='entypo-fontello' title='' data-avia-related-tooltip='Compartir por correo'><span class='avia_hidden_link_text'>Compartir por correo<\/span><\/a><\/li><\/ul><\/div><\/div>\n<div  style='height:50px' class='hr hr-invisible   avia-builder-el-8  el_after_av_social_share  el_before_av_comments_list '><span class='hr-inner ' ><span class='hr-inner-style'><\/span><\/span><\/div>\n<div  class='av-buildercomment  av-blog-meta-html-info-disabled av-blog-meta-tag-disabled  '><\/div>\n","protected":false},"excerpt":{"rendered":"","protected":false},"author":1,"featured_media":51993,"comment_status":"closed","ping_status":"closed","sticky":false,"template":"","format":"standard","meta":{"footnotes":""},"categories":[38],"tags":[],"class_list":["post-51992","post","type-post","status-publish","format-standard","has-post-thumbnail","hentry","category-regional"],"jetpack_featured_media_url":"https:\/\/radiorevelacionfm.cl\/wp-content\/uploads\/2025\/03\/Muestras-Mieles_Estudio-CIEP-1-1.jpg","_links":{"self":[{"href":"https:\/\/radiorevelacionfm.cl\/index.php?rest_route=\/wp\/v2\/posts\/51992","targetHints":{"allow":["GET"]}}],"collection":[{"href":"https:\/\/radiorevelacionfm.cl\/index.php?rest_route=\/wp\/v2\/posts"}],"about":[{"href":"https:\/\/radiorevelacionfm.cl\/index.php?rest_route=\/wp\/v2\/types\/post"}],"author":[{"embeddable":true,"href":"https:\/\/radiorevelacionfm.cl\/index.php?rest_route=\/wp\/v2\/users\/1"}],"replies":[{"embeddable":true,"href":"https:\/\/radiorevelacionfm.cl\/index.php?rest_route=%2Fwp%2Fv2%2Fcomments&post=51992"}],"version-history":[{"count":2,"href":"https:\/\/radiorevelacionfm.cl\/index.php?rest_route=\/wp\/v2\/posts\/51992\/revisions"}],"predecessor-version":[{"id":52010,"href":"https:\/\/radiorevelacionfm.cl\/index.php?rest_route=\/wp\/v2\/posts\/51992\/revisions\/52010"}],"wp:featuredmedia":[{"embeddable":true,"href":"https:\/\/radiorevelacionfm.cl\/index.php?rest_route=\/wp\/v2\/media\/51993"}],"wp:attachment":[{"href":"https:\/\/radiorevelacionfm.cl\/index.php?rest_route=%2Fwp%2Fv2%2Fmedia&parent=51992"}],"wp:term":[{"taxonomy":"category","embeddable":true,"href":"https:\/\/radiorevelacionfm.cl\/index.php?rest_route=%2Fwp%2Fv2%2Fcategories&post=51992"},{"taxonomy":"post_tag","embeddable":true,"href":"https:\/\/radiorevelacionfm.cl\/index.php?rest_route=%2Fwp%2Fv2%2Ftags&post=51992"}],"curies":[{"name":"wp","href":"https:\/\/api.w.org\/{rel}","templated":true}]}}