{"id":51987,"date":"2025-03-31T18:11:17","date_gmt":"2025-03-31T21:11:17","guid":{"rendered":"https:\/\/radiorevelacionfm.cl\/?p=51987"},"modified":"2025-03-31T18:11:17","modified_gmt":"2025-03-31T21:11:17","slug":"inversion-regional-avanza-con-maquinaria-adquirida-gracias-a-bonificacion-del-dfl15","status":"publish","type":"post","link":"https:\/\/radiorevelacionfm.cl\/?p=51987","title":{"rendered":"Inversi\u00f3n regional avanza con maquinaria adquirida gracias a bonificaci\u00f3n del DFL15"},"content":{"rendered":"<div class=\"flex_column av_one_full  flex_column_div av-zero-column-padding first  avia-builder-el-0  el_before_av_one_full  avia-builder-el-first  \" style='border-radius:0px; '><div  class='avia-image-container  av-styling-    avia-builder-el-1  avia-builder-el-no-sibling  avia-align-center '  itemprop=\"image\" itemscope=\"itemscope\" itemtype=\"https:\/\/schema.org\/ImageObject\"  ><div class='avia-image-container-inner'><div class='avia-image-overlay-wrap'><img decoding=\"async\" class='wp-image-51989 avia-img-lazy-loading-not-51989 avia_image' src=\"https:\/\/radiorevelacionfm.cl\/wp-content\/uploads\/2025\/03\/lagoatravesado01-1-1_optimized-1_optimized-1.jpg\" alt='' title='lagoatravesado01-(1)-(1)_optimized-(1)_optimized (1)' height=\"600\" width=\"1067\"  itemprop=\"thumbnailUrl\" srcset=\"https:\/\/radiorevelacionfm.cl\/wp-content\/uploads\/2025\/03\/lagoatravesado01-1-1_optimized-1_optimized-1.jpg 1067w, https:\/\/radiorevelacionfm.cl\/wp-content\/uploads\/2025\/03\/lagoatravesado01-1-1_optimized-1_optimized-1-300x169.jpg 300w, https:\/\/radiorevelacionfm.cl\/wp-content\/uploads\/2025\/03\/lagoatravesado01-1-1_optimized-1_optimized-1-1030x579.jpg 1030w, https:\/\/radiorevelacionfm.cl\/wp-content\/uploads\/2025\/03\/lagoatravesado01-1-1_optimized-1_optimized-1-768x432.jpg 768w, https:\/\/radiorevelacionfm.cl\/wp-content\/uploads\/2025\/03\/lagoatravesado01-1-1_optimized-1_optimized-1-705x396.jpg 705w, https:\/\/radiorevelacionfm.cl\/wp-content\/uploads\/2025\/03\/lagoatravesado01-1-1_optimized-1_optimized-1-450x253.jpg 450w, https:\/\/radiorevelacionfm.cl\/wp-content\/uploads\/2025\/03\/lagoatravesado01-1-1_optimized-1_optimized-1-600x337.jpg 600w\" sizes=\"(max-width: 1067px) 100vw, 1067px\" \/><\/div><\/div><\/div><\/div><div class=\"flex_column av_one_full  flex_column_div av-zero-column-padding first  avia-builder-el-2  el_after_av_one_full  el_before_av_one_full  column-top-margin\" style='border-radius:0px; '><section class=\"av_textblock_section \"  itemscope=\"itemscope\" itemtype=\"https:\/\/schema.org\/BlogPosting\" itemprop=\"blogPost\" ><div class='avia_textblock  '   itemprop=\"text\" ><p style=\"text-align: center;\"><span style=\"font-size: 18pt;\"><b>Inversi\u00f3n regional avanza con maquinaria adquirida gracias a bonificaci\u00f3n del DFL15<\/b><\/span><\/p>\n<div id=\"gtx-trans\" style=\"position: absolute; left: -50px; top: 4.31534px;\">\n<div class=\"gtx-trans-icon\"><\/div>\n<\/div>\n<\/div><\/section><\/div><div class=\"flex_column av_one_full  flex_column_div av-zero-column-padding first  avia-builder-el-4  el_after_av_one_full  el_before_av_hr  column-top-margin\" style='border-radius:0px; '><section class=\"av_textblock_section \"  itemscope=\"itemscope\" itemtype=\"https:\/\/schema.org\/BlogPosting\" itemprop=\"blogPost\" ><div class='avia_textblock  '   itemprop=\"text\" ><p style=\"text-align: justify;\">Una visita a terreno encabezada por representantes del Gobierno Regional y de Corfo Ays\u00e9n permiti\u00f3 constatar los avances de una obra emblem\u00e1tica para la conectividad de Coyhaique: la construcci\u00f3n del camino hacia el sector Lago Atravesado. La iniciativa cuenta con el respaldo de la empresa constructora S&amp;P, que recientemente se adjudic\u00f3 una bonificaci\u00f3n del Decreto con Fuerza de Ley N\u00ba15 (conocido como DFL15), instrumento que fomenta la inversi\u00f3n y reinversi\u00f3n en zonas extremas del pa\u00eds.<\/p>\n<p style=\"text-align: justify;\">La empresa regional, beneficiaria del DFL15 por primera vez, utiliz\u00f3 los recursos para la adquisici\u00f3n de una motoniveladora, maquinaria clave para el desarrollo de proyectos de movimiento de tierra y obras viales. Con esta incorporaci\u00f3n, no solo mejora su capacidad operativa, sino que tambi\u00e9n fortalece su proyecci\u00f3n como actor relevante en licitaciones p\u00fablicas. El programa, administrado por Corfo, busca incentivar la inversi\u00f3n privada en regiones extremas, como Ays\u00e9n, promoviendo un crecimiento m\u00e1s equitativo y descentralizado. Para este a\u00f1o, se contemplan 133 iniciativas regionales, con una inversi\u00f3n p\u00fablica superior a los 1.200 millones de pesos.<\/p>\n<p style=\"text-align: justify;\">\u201cEl DFL15 es un instrumento potente para las empresas regionales. Esta bonificaci\u00f3n nos permiti\u00f3 adquirir un equipo esencial para nuestro crecimiento. Ahora podemos pensar en ampliar nuestra flota y generar m\u00e1s empleo para personas de Ays\u00e9n\u201d, coment\u00f3\u00a0Yasna P\u00e9rez,\u00a0Gerente General\u00a0de la empresa S&amp;P. En la misma l\u00ednea,\u00a0Manuel Suazo,\u00a0Gerente T\u00e9cnico,\u00a0tambi\u00e9n integrante de la firma, destac\u00f3: \u201cTener acceso a maquinaria de mayor envergadura nos posiciona mejor frente al Estado y el Ministerio de Obras P\u00fablicas, permiti\u00e9ndonos postular a obras de mayor escala que impacten directamente en el desarrollo regional\u201d.<\/p>\n<p style=\"text-align: justify;\">Seg\u00fan cifras entregadas por Corfo Ays\u00e9n, solo en el a\u00f1o 2025 se espera beneficiar a m\u00e1s de 130 proyectos de inversi\u00f3n regional mediante el DFL15, lo que se traduce en un aumento significativo en la actividad econ\u00f3mica local. Este impulso no solo dinamiza el mercado de bienes y servicios, sino que tambi\u00e9n promueve el empleo y la formalizaci\u00f3n de emprendimientos regionales, facilitando una mayor participaci\u00f3n de empresas locales en procesos de licitaci\u00f3n p\u00fablica.<\/p>\n<p style=\"text-align: justify;\">\u201cHoy estamos en una obra emblem\u00e1tica para Coyhaique, donde se refleja el efecto directo del DFL15 en la conectividad regional. Esta herramienta es una muestra concreta del compromiso del Gobierno con el desarrollo productivo de Ays\u00e9n, fortaleciendo el tejido empresarial local y la empleabilidad\u201d, se\u00f1al\u00f3 Felipe Rojas Pizarro, Seremi de Econom\u00eda, Fomento y Turismo. Por su parte, Humberto Mar\u00edn Leiva, director de Corfo Ays\u00e9n, enfatiz\u00f3 la relevancia de mantener y fortalecer este tipo de instrumentos en beneficio del crecimiento territorial.<\/p>\n<p style=\"text-align: justify;\">El futuro del DFL15 en Ays\u00e9n contempla un trabajo coordinado con distintos servicios p\u00fablicos para aumentar la difusi\u00f3n de este beneficio y lograr que m\u00e1s empresas regionales accedan a \u00e9l. La meta es clara: contribuir al desarrollo equitativo de los territorios, potenciar el rol de las peque\u00f1as y medianas empresas y asegurar que las obras estrat\u00e9gicas para la regi\u00f3n est\u00e9n en manos de actores locales comprometidos con el progreso de Ays\u00e9n.<\/p>\n<\/div><\/section><\/div><div  style='height:50px' class='hr hr-invisible   avia-builder-el-6  el_after_av_one_full  el_before_av_social_share '><span class='hr-inner ' ><span class='hr-inner-style'><\/span><\/span><\/div><\/p>\n<div  class='av-social-sharing-box  avia-builder-el-7  el_after_av_hr  el_before_av_hr  '><div class='av-share-box'><h5 class='av-share-link-description av-no-toc '>Compartir esta noticia<\/h5><ul class='av-share-box-list noLightbox'><li class='av-share-link av-social-link-facebook' ><a target=\"_blank\" aria-label=\"Compartir en Facebook\" href='https:\/\/www.facebook.com\/sharer.php?u=https:\/\/radiorevelacionfm.cl\/?p=51987&#038;t=Inversi%C3%B3n%20regional%20avanza%20con%20maquinaria%20adquirida%20gracias%20a%20bonificaci%C3%B3n%20del%20DFL15' aria-hidden='false' data-av_icon='\ue8f3' data-av_iconfont='entypo-fontello' title='' data-avia-related-tooltip='Compartir en Facebook' rel=\"noopener\"><span class='avia_hidden_link_text'>Compartir en Facebook<\/span><\/a><\/li><li class='av-share-link av-social-link-twitter' ><a target=\"_blank\" aria-label=\"Compartir en Twitter\" href='https:\/\/twitter.com\/share?text=Inversi%C3%B3n%20regional%20avanza%20con%20maquinaria%20adquirida%20gracias%20a%20bonificaci%C3%B3n%20del%20DFL15&#038;url=https:\/\/radiorevelacionfm.cl\/?p=51987' aria-hidden='false' data-av_icon='\ue8f1' data-av_iconfont='entypo-fontello' title='' data-avia-related-tooltip='Compartir en Twitter' rel=\"noopener\"><span class='avia_hidden_link_text'>Compartir en Twitter<\/span><\/a><\/li><li class='av-share-link av-social-link-whatsapp' ><a target=\"_blank\" aria-label=\"Compartir en Whatsapp\" href='https:\/\/api.whatsapp.com\/send?text=https:\/\/radiorevelacionfm.cl\/?p=51987' aria-hidden='false' data-av_icon='\uf232' data-av_iconfont='entypo-fontello' title='' data-avia-related-tooltip='Compartir en Whatsapp' rel=\"noopener\"><span class='avia_hidden_link_text'>Compartir en Whatsapp<\/span><\/a><\/li><li class='av-share-link av-social-link-linkedin' ><a target=\"_blank\" aria-label=\"Compartir en LinkedIn\" href='https:\/\/linkedin.com\/shareArticle?mini=true&#038;title=Inversi%C3%B3n%20regional%20avanza%20con%20maquinaria%20adquirida%20gracias%20a%20bonificaci%C3%B3n%20del%20DFL15&#038;url=https:\/\/radiorevelacionfm.cl\/?p=51987' aria-hidden='false' data-av_icon='\ue8fc' data-av_iconfont='entypo-fontello' title='' data-avia-related-tooltip='Compartir en LinkedIn' rel=\"noopener\"><span class='avia_hidden_link_text'>Compartir en LinkedIn<\/span><\/a><\/li><li class='av-share-link av-social-link-mail' ><a  aria-label=\"Compartir por correo\" href='mailto:?subject=Inversi%C3%B3n%20regional%20avanza%20con%20maquinaria%20adquirida%20gracias%20a%20bonificaci%C3%B3n%20del%20DFL15&#038;body=https:\/\/radiorevelacionfm.cl\/?p=51987' aria-hidden='false' data-av_icon='\ue805' data-av_iconfont='entypo-fontello' title='' data-avia-related-tooltip='Compartir por correo'><span class='avia_hidden_link_text'>Compartir por correo<\/span><\/a><\/li><\/ul><\/div><\/div>\n<div  style='height:50px' class='hr hr-invisible   avia-builder-el-8  el_after_av_social_share  el_before_av_comments_list '><span class='hr-inner ' ><span class='hr-inner-style'><\/span><\/span><\/div>\n<div  class='av-buildercomment  av-blog-meta-html-info-disabled av-blog-meta-tag-disabled  '><\/div>\n","protected":false},"excerpt":{"rendered":"","protected":false},"author":1,"featured_media":51989,"comment_status":"closed","ping_status":"closed","sticky":false,"template":"","format":"standard","meta":{"footnotes":""},"categories":[38],"tags":[],"class_list":["post-51987","post","type-post","status-publish","format-standard","has-post-thumbnail","hentry","category-regional"],"jetpack_featured_media_url":"https:\/\/radiorevelacionfm.cl\/wp-content\/uploads\/2025\/03\/lagoatravesado01-1-1_optimized-1_optimized-1.jpg","_links":{"self":[{"href":"https:\/\/radiorevelacionfm.cl\/index.php?rest_route=\/wp\/v2\/posts\/51987","targetHints":{"allow":["GET"]}}],"collection":[{"href":"https:\/\/radiorevelacionfm.cl\/index.php?rest_route=\/wp\/v2\/posts"}],"about":[{"href":"https:\/\/radiorevelacionfm.cl\/index.php?rest_route=\/wp\/v2\/types\/post"}],"author":[{"embeddable":true,"href":"https:\/\/radiorevelacionfm.cl\/index.php?rest_route=\/wp\/v2\/users\/1"}],"replies":[{"embeddable":true,"href":"https:\/\/radiorevelacionfm.cl\/index.php?rest_route=%2Fwp%2Fv2%2Fcomments&post=51987"}],"version-history":[{"count":2,"href":"https:\/\/radiorevelacionfm.cl\/index.php?rest_route=\/wp\/v2\/posts\/51987\/revisions"}],"predecessor-version":[{"id":51991,"href":"https:\/\/radiorevelacionfm.cl\/index.php?rest_route=\/wp\/v2\/posts\/51987\/revisions\/51991"}],"wp:featuredmedia":[{"embeddable":true,"href":"https:\/\/radiorevelacionfm.cl\/index.php?rest_route=\/wp\/v2\/media\/51989"}],"wp:attachment":[{"href":"https:\/\/radiorevelacionfm.cl\/index.php?rest_route=%2Fwp%2Fv2%2Fmedia&parent=51987"}],"wp:term":[{"taxonomy":"category","embeddable":true,"href":"https:\/\/radiorevelacionfm.cl\/index.php?rest_route=%2Fwp%2Fv2%2Fcategories&post=51987"},{"taxonomy":"post_tag","embeddable":true,"href":"https:\/\/radiorevelacionfm.cl\/index.php?rest_route=%2Fwp%2Fv2%2Ftags&post=51987"}],"curies":[{"name":"wp","href":"https:\/\/api.w.org\/{rel}","templated":true}]}}