{"id":5198,"date":"2021-06-12T22:50:06","date_gmt":"2021-06-13T01:50:06","guid":{"rendered":"https:\/\/radiorevelacionfm.cl\/?p=5198"},"modified":"2021-06-12T23:37:34","modified_gmt":"2021-06-13T02:37:34","slug":"coordinacion-con-diversos-servicios-permiten-enfrentar-contingencia-climatica-en-la-comuna-de-cisnes","status":"publish","type":"post","link":"https:\/\/radiorevelacionfm.cl\/?p=5198","title":{"rendered":"Coordinaci\u00f3n con diversos servicios permiten enfrentar contingencia clim\u00e1tica en la comuna de Cisnes"},"content":{"rendered":"<div class=\"flex_column av_one_full  flex_column_div av-zero-column-padding first  avia-builder-el-0  el_before_av_one_full  avia-builder-el-first  \" style='border-radius:0px; '><div  class='avia-image-container  av-styling-    avia-builder-el-1  avia-builder-el-no-sibling  avia-align-center '  itemprop=\"image\" itemscope=\"itemscope\" itemtype=\"https:\/\/schema.org\/ImageObject\"  ><div class='avia-image-container-inner'><div class='avia-image-overlay-wrap'><img decoding=\"async\" class='wp-image-0 avia-img-lazy-loading-not-0 avia_image' src=\"https:\/\/radiorevelacionfm.cl\/wp-content\/uploads\/2021\/06\/CONTINGENCIA-CISNES-6-2-1.jpg\" alt='' title=''   itemprop=\"thumbnailUrl\"  \/><\/div><\/div><\/div><\/div><div class=\"flex_column av_one_full  flex_column_div av-zero-column-padding first  avia-builder-el-2  el_after_av_one_full  el_before_av_one_full  column-top-margin\" style='border-radius:0px; '><section class=\"av_textblock_section \"  itemscope=\"itemscope\" itemtype=\"https:\/\/schema.org\/BlogPosting\" itemprop=\"blogPost\" ><div class='avia_textblock  '   itemprop=\"text\" ><p style=\"text-align: center;\"><strong><span style=\"font-size: 18pt;\">Coordinaci\u00f3n con diversos servicios permiten enfrentar contingencia clim\u00e1tica en la comuna de Cisnes<\/span><\/strong><\/p>\n<div id=\"gtx-trans\" style=\"position: absolute; left: -50px; top: 4.31534px;\">\n<div class=\"gtx-trans-icon\"><\/div>\n<\/div>\n<\/div><\/section><\/div><\/p>\n<div class=\"flex_column av_one_full  flex_column_div av-zero-column-padding first  avia-builder-el-4  el_after_av_one_full  el_before_av_hr  column-top-margin\" style='border-radius:0px; '><section class=\"av_textblock_section \"  itemscope=\"itemscope\" itemtype=\"https:\/\/schema.org\/BlogPosting\" itemprop=\"blogPost\" ><div class='avia_textblock  '   itemprop=\"text\" ><p style=\"text-align: justify;\">Bastante extensa es la comuna de Cisnes, con localidades entre Cisnes y Puerto Ra\u00fal Mar\u00edn Balmaceda y otras en el litoral de nuestra regi\u00f3n, lo que ha dificultado en estos d\u00edas llegar a cada una de ellas, producto del frente clim\u00e1tico que ha tra\u00eddo consigo serias dificultades de conectividad.<\/p>\n<p style=\"text-align: justify;\">Toda esta situaci\u00f3n est\u00e1 siendo monitoreada desde la Municipalidad y en directa coordinaci\u00f3n con otros organismos que apoyan en este tipo de emergencias. La condici\u00f3n actual ha significado adem\u00e1s el cierre de puertos, seg\u00fan lo informa el Alcalde, Francisco Roncagliolo.<\/p>\n<p style=\"text-align: justify;\">\u201cTenemos siete localidades, de las cuales cuatro est\u00e1n en el litoral de nuestra comuna y obviamente las capacidades log\u00edsticas y la capacidad de respuesta se han visto mermadas por este frente de mal tiempo que ha tenido puerto cerrado. Lo importante es que, en Gaviota ya tenemos abastecimiento de combustible, en Puerto Gala ya estamos con apoyo de un el\u00e9ctrico para mejorar la red, para generar la situaci\u00f3n de tener el servicio el\u00e9ctrico como corresponde. Adem\u00e1s, En Melimoyu no hemos tenido mayores novedades, en Ra\u00fal Mar\u00edn Balmaceda tambi\u00e9n estamos con condiciones un tanto adversas en el rio Palena, que han impedido que la barcaza de transito de conectividad genere el v\u00ednculo necesario para poder adquirir combustible, cosa que esperamos se resuelva en las pr\u00f3ximas horas\u201d.<\/p>\n<p style=\"text-align: justify;\">El Alcalde Francisco Roncagliolo, inform\u00f3 que en localidades como La Junta, se han presentado algunos inconvenientes, hasta el momento no tan complicadas como otros a\u00f1os. \u201cEn La Junta hemos tenido inundaciones en distintos lugares, no tan amplias como las inundaciones de a\u00f1os anteriores, pero que ha afectado a varios predios, han desbordado varios r\u00edos, lo que nos mantiene en un monitoreo constante. En Puyuhuapi, hemos tenido algunos inconvenientes con la red de agua potable y con la red de alcantarillado por la saturaci\u00f3n propia de esta cantidad de agua que ha ca\u00eddo. En Puerto Cisnes, hemos tenido inundaciones en algunas propiedades, tambi\u00e9n ruptura de algunas rutas secundarias y obviamente hay coordinaciones de distinto tipo\u201d.<\/p>\n<p style=\"text-align: justify;\">Importante es la coordinaci\u00f3n con otros servicios para enfrentar esta contingencia clim\u00e1tica, a\u00f1adi\u00f3 Roncagliolo.<\/p>\n<p style=\"text-align: justify;\">\u201cHemos tenido una coordinaci\u00f3n importante con distintos servicios ac\u00e1 en la comuna, es por eso que hemos trabajado con el Ministerio de Obras Publicas a trav\u00e9s de la Direcci\u00f3n de Vialidad, que ha permitido despejar rutas estructurales como la ruta 7. Pero tambi\u00e9n apoyar, trabajar y mejorar algunas obras que han sido afectadas en rutas secundarias. Adem\u00e1s, hemos trabajado bastante fuerte con Onemi, para ver c\u00f3mo se vienen los pr\u00f3ximos frentes de mal tiempo, para ir coordinando algunas decisiones de emergencia dentro de la regi\u00f3n y con eso lograr la coordinaci\u00f3n con otros servicios p\u00fablicos, que son muy necesarios en la toma de decisiones. As\u00ed es que, entre todos estamos trabajando y avanzando en esta contingencia\u201d.<\/p>\n<p style=\"text-align: justify;\">El Alcalde Francisco Roncagliolo y encargado comunal de emergencias se mantienen pendientes a lo que ocurre, efectuando una permanente coordinaci\u00f3n con Onemi, Vialidad, Direcci\u00f3n de Obras Hidr\u00e1ulicas, Armada, Bomberos, Carabineros y funcionarios del Municipio.<\/p>\n<\/div><\/section><\/div>\n<div  style='height:50px' class='hr hr-invisible   avia-builder-el-6  el_after_av_one_full  el_before_av_social_share '><span class='hr-inner ' ><span class='hr-inner-style'><\/span><\/span><\/div>\n<div  class='av-social-sharing-box  avia-builder-el-7  el_after_av_hr  el_before_av_hr  '><div class='av-share-box'><h5 class='av-share-link-description av-no-toc '>Compartir esta noticia<\/h5><ul class='av-share-box-list noLightbox'><li class='av-share-link av-social-link-facebook' ><a target=\"_blank\" aria-label=\"Compartir en Facebook\" href='https:\/\/www.facebook.com\/sharer.php?u=https:\/\/radiorevelacionfm.cl\/?p=5198&#038;t=Coordinaci%C3%B3n%20con%20diversos%20servicios%20permiten%20enfrentar%20contingencia%20clim%C3%A1tica%20en%20la%20comuna%20de%20Cisnes' aria-hidden='false' data-av_icon='\ue8f3' data-av_iconfont='entypo-fontello' title='' data-avia-related-tooltip='Compartir en Facebook' rel=\"noopener\"><span class='avia_hidden_link_text'>Compartir en Facebook<\/span><\/a><\/li><li class='av-share-link av-social-link-twitter' ><a target=\"_blank\" aria-label=\"Compartir en Twitter\" href='https:\/\/twitter.com\/share?text=Coordinaci%C3%B3n%20con%20diversos%20servicios%20permiten%20enfrentar%20contingencia%20clim%C3%A1tica%20en%20la%20comuna%20de%20Cisnes&#038;url=https:\/\/radiorevelacionfm.cl\/?p=5198' aria-hidden='false' data-av_icon='\ue8f1' data-av_iconfont='entypo-fontello' title='' data-avia-related-tooltip='Compartir en Twitter' rel=\"noopener\"><span class='avia_hidden_link_text'>Compartir en Twitter<\/span><\/a><\/li><li class='av-share-link av-social-link-whatsapp' ><a target=\"_blank\" aria-label=\"Compartir en Whatsapp\" href='https:\/\/api.whatsapp.com\/send?text=https:\/\/radiorevelacionfm.cl\/?p=5198' aria-hidden='false' data-av_icon='\uf232' data-av_iconfont='entypo-fontello' title='' data-avia-related-tooltip='Compartir en Whatsapp' rel=\"noopener\"><span class='avia_hidden_link_text'>Compartir en Whatsapp<\/span><\/a><\/li><li class='av-share-link av-social-link-linkedin' ><a target=\"_blank\" aria-label=\"Compartir en LinkedIn\" href='https:\/\/linkedin.com\/shareArticle?mini=true&#038;title=Coordinaci%C3%B3n%20con%20diversos%20servicios%20permiten%20enfrentar%20contingencia%20clim%C3%A1tica%20en%20la%20comuna%20de%20Cisnes&#038;url=https:\/\/radiorevelacionfm.cl\/?p=5198' aria-hidden='false' data-av_icon='\ue8fc' data-av_iconfont='entypo-fontello' title='' data-avia-related-tooltip='Compartir en LinkedIn' rel=\"noopener\"><span class='avia_hidden_link_text'>Compartir en LinkedIn<\/span><\/a><\/li><li class='av-share-link av-social-link-mail' ><a  aria-label=\"Compartir por correo\" href='mailto:?subject=Coordinaci%C3%B3n%20con%20diversos%20servicios%20permiten%20enfrentar%20contingencia%20clim%C3%A1tica%20en%20la%20comuna%20de%20Cisnes&#038;body=https:\/\/radiorevelacionfm.cl\/?p=5198' aria-hidden='false' data-av_icon='\ue805' data-av_iconfont='entypo-fontello' title='' data-avia-related-tooltip='Compartir por correo'><span class='avia_hidden_link_text'>Compartir por correo<\/span><\/a><\/li><\/ul><\/div><\/div>\n<div  style='height:50px' class='hr hr-invisible   avia-builder-el-8  el_after_av_social_share  el_before_av_comments_list '><span class='hr-inner ' ><span class='hr-inner-style'><\/span><\/span><\/div>\n<div  class='av-buildercomment  av-blog-meta-html-info-disabled av-blog-meta-tag-disabled  '><\/div>\n","protected":false},"excerpt":{"rendered":"","protected":false},"author":1,"featured_media":5205,"comment_status":"open","ping_status":"open","sticky":false,"template":"","format":"standard","meta":{"footnotes":""},"categories":[38],"tags":[],"class_list":["post-5198","post","type-post","status-publish","format-standard","has-post-thumbnail","hentry","category-regional"],"jetpack_featured_media_url":"https:\/\/radiorevelacionfm.cl\/wp-content\/uploads\/2021\/06\/contingencia-cisnes-6-2-2_optimized.jpg","_links":{"self":[{"href":"https:\/\/radiorevelacionfm.cl\/index.php?rest_route=\/wp\/v2\/posts\/5198","targetHints":{"allow":["GET"]}}],"collection":[{"href":"https:\/\/radiorevelacionfm.cl\/index.php?rest_route=\/wp\/v2\/posts"}],"about":[{"href":"https:\/\/radiorevelacionfm.cl\/index.php?rest_route=\/wp\/v2\/types\/post"}],"author":[{"embeddable":true,"href":"https:\/\/radiorevelacionfm.cl\/index.php?rest_route=\/wp\/v2\/users\/1"}],"replies":[{"embeddable":true,"href":"https:\/\/radiorevelacionfm.cl\/index.php?rest_route=%2Fwp%2Fv2%2Fcomments&post=5198"}],"version-history":[{"count":2,"href":"https:\/\/radiorevelacionfm.cl\/index.php?rest_route=\/wp\/v2\/posts\/5198\/revisions"}],"predecessor-version":[{"id":5203,"href":"https:\/\/radiorevelacionfm.cl\/index.php?rest_route=\/wp\/v2\/posts\/5198\/revisions\/5203"}],"wp:featuredmedia":[{"embeddable":true,"href":"https:\/\/radiorevelacionfm.cl\/index.php?rest_route=\/wp\/v2\/media\/5205"}],"wp:attachment":[{"href":"https:\/\/radiorevelacionfm.cl\/index.php?rest_route=%2Fwp%2Fv2%2Fmedia&parent=5198"}],"wp:term":[{"taxonomy":"category","embeddable":true,"href":"https:\/\/radiorevelacionfm.cl\/index.php?rest_route=%2Fwp%2Fv2%2Fcategories&post=5198"},{"taxonomy":"post_tag","embeddable":true,"href":"https:\/\/radiorevelacionfm.cl\/index.php?rest_route=%2Fwp%2Fv2%2Ftags&post=5198"}],"curies":[{"name":"wp","href":"https:\/\/api.w.org\/{rel}","templated":true}]}}