{"id":51977,"date":"2025-03-31T17:56:04","date_gmt":"2025-03-31T20:56:04","guid":{"rendered":"https:\/\/radiorevelacionfm.cl\/?p=51977"},"modified":"2025-03-31T17:56:04","modified_gmt":"2025-03-31T20:56:04","slug":"cancer-de-colon-en-chile-se-han-duplicado-los-casos-y-ha-aumentado-en-poblacion-menor-de-50-anos","status":"publish","type":"post","link":"https:\/\/radiorevelacionfm.cl\/?p=51977","title":{"rendered":"C\u00e1ncer de Colon: En Chile se han duplicado los casos y ha aumentado en poblaci\u00f3n menor de 50 a\u00f1os"},"content":{"rendered":"<div class=\"flex_column av_one_full  flex_column_div av-zero-column-padding first  avia-builder-el-0  el_before_av_one_full  avia-builder-el-first  \" style='border-radius:0px; '><div  class='avia-image-container  av-styling-    avia-builder-el-1  avia-builder-el-no-sibling  avia-align-center '  itemprop=\"image\" itemscope=\"itemscope\" itemtype=\"https:\/\/schema.org\/ImageObject\"  ><div class='avia-image-container-inner'><div class='avia-image-overlay-wrap'><img decoding=\"async\" class='wp-image-51978 avia-img-lazy-loading-not-51978 avia_image' src=\"https:\/\/radiorevelacionfm.cl\/wp-content\/uploads\/2025\/03\/foto2-13-1-1.jpg\" alt='' title='foto2 (13) (1) (1)' height=\"600\" width=\"900\"  itemprop=\"thumbnailUrl\" srcset=\"https:\/\/radiorevelacionfm.cl\/wp-content\/uploads\/2025\/03\/foto2-13-1-1.jpg 900w, https:\/\/radiorevelacionfm.cl\/wp-content\/uploads\/2025\/03\/foto2-13-1-1-300x200.jpg 300w, https:\/\/radiorevelacionfm.cl\/wp-content\/uploads\/2025\/03\/foto2-13-1-1-768x512.jpg 768w, https:\/\/radiorevelacionfm.cl\/wp-content\/uploads\/2025\/03\/foto2-13-1-1-705x470.jpg 705w, https:\/\/radiorevelacionfm.cl\/wp-content\/uploads\/2025\/03\/foto2-13-1-1-450x300.jpg 450w, https:\/\/radiorevelacionfm.cl\/wp-content\/uploads\/2025\/03\/foto2-13-1-1-600x400.jpg 600w\" sizes=\"(max-width: 900px) 100vw, 900px\" \/><\/div><\/div><\/div><\/div><div class=\"flex_column av_one_full  flex_column_div av-zero-column-padding first  avia-builder-el-2  el_after_av_one_full  el_before_av_one_full  column-top-margin\" style='border-radius:0px; '><section class=\"av_textblock_section \"  itemscope=\"itemscope\" itemtype=\"https:\/\/schema.org\/BlogPosting\" itemprop=\"blogPost\" ><div class='avia_textblock  '   itemprop=\"text\" ><p style=\"text-align: center;\"><span style=\"font-size: 18pt;\"><b>C\u00e1ncer de Colon: En Chile se han duplicado los casos y ha aumentado en poblaci\u00f3n menor de 50 a\u00f1os<\/b><\/span><\/p>\n<div id=\"gtx-trans\" style=\"position: absolute; left: -50px; top: 4.31534px;\">\n<div class=\"gtx-trans-icon\"><\/div>\n<\/div>\n<\/div><\/section><\/div><div class=\"flex_column av_one_full  flex_column_div av-zero-column-padding first  avia-builder-el-4  el_after_av_one_full  el_before_av_hr  column-top-margin\" style='border-radius:0px; '><section class=\"av_textblock_section \"  itemscope=\"itemscope\" itemtype=\"https:\/\/schema.org\/BlogPosting\" itemprop=\"blogPost\" ><div class='avia_textblock  '   itemprop=\"text\" ><p style=\"text-align: justify;\"><em>Los especialistas coinciden en que mantener una alimentaci\u00f3n saludable, rica en fibras, frutas y verduras es fundamental para prevenir el desarrollo de la enfermedad, as\u00ed como el alcohol y el tabaquismo. <\/em><\/p>\n<p style=\"text-align: justify;\">En los \u00faltimos a\u00f1os en Chile el c\u00e1ncer colorrectal se ha duplicado el n\u00famero de casos, seg\u00fan estimaciones del Observatorio Global del C\u00e1ncer (Globocan), dependiente de la Organizaci\u00f3n Mundial de la Salud (OMS). Entre 2010 y 2022 la incidencia nacional de esta enfermedad por cada 100 mil habitantes pas\u00f3 de 10,5 a 17,7 en mujeres y de 9,3 a 22,6 en hombres, alcanzando los m\u00e1s de 6 mil diagn\u00f3sticos anuales.<\/p>\n<p style=\"text-align: justify;\">\u201cEn el pa\u00eds, el c\u00e1ncer de colon en mujeres es la segunda causa de muerte, el primero lo ocupa el de mama. Por eso, es de suma importancia su pesquisa de manera precoz\u201d, advierte el Dr. Alex Renner, onc\u00f3logo de Cl\u00ednica Santa Mar\u00eda.<\/p>\n<p style=\"text-align: justify;\">En el marco del D\u00eda Mundial contra la enfermedad que se celebra cada 31 de marzo, que busca aumentar la conciencia y promover la prevenci\u00f3n, especialistas enfatizan en la necesidad de reconocer los s\u00edntomas para una detecci\u00f3n temprana.<\/p>\n<p style=\"text-align: justify;\"><strong><u>S\u00edntomas<\/u><\/strong><\/p>\n<p style=\"text-align: justify;\">El Dr. Ricardo Villal\u00f3n, coloproct\u00f3logo de Cl\u00ednica D\u00e1vila afirma que, generalmente, este tipo de c\u00e1ncer se presenta en personas mayores de 50 a\u00f1os, sin embargo, en las \u00faltimas d\u00e9cadas en personas menores a esa edad est\u00e1 aumentando significativamente.<\/p>\n<p style=\"text-align: justify;\">El coloproct\u00f3logo de Cl\u00ednica Biob\u00edo, Dr. Jos\u00e9 Manuel Vivanco, explica dice que todav\u00eda no hay una explicaci\u00f3n cient\u00edfica para el aumento del c\u00e1ncer de colon en edades j\u00f3venes, pero se estima que actualmente el 25% del total de c\u00e1ncer colorrectal se manifiesta en pacientes menores de 50 a\u00f1os.<\/p>\n<p style=\"text-align: justify;\">Ante esto, los especialistas explican que hay que sospechar cuando un paciente presenta:<\/p>\n<ul style=\"text-align: justify;\">\n<li>Baja de peso repentina<\/li>\n<li>Dolor o distenci\u00f3n abdominal<\/li>\n<li>Sangrado en las deposiciones\u201d.<\/li>\n<\/ul>\n<p style=\"text-align: justify;\">\u201cTambi\u00e9n se deben considerar los antecedentes familiares y la edad\u201d, indica el doctor Villal\u00f3n.<\/p>\n<p style=\"text-align: justify;\"><strong><u>Diagn\u00f3stico precoz<\/u><\/strong><\/p>\n<p style=\"text-align: justify;\">El Dr. Vivanco, explica que existe una demora en la consulta m\u00e9dica, debido a que muchas personas consideran inc\u00f3modo buscar orientaci\u00f3n al respecto. Esto puede llevar a que las enfermedades se diagnostiquen en etapas avanzadas complicando su tratamiento.<\/p>\n<p style=\"text-align: justify;\">El doctor Renner concuerda y asegura que la mejor forma de atacar el c\u00e1ncer es pesquisarlo precozmente, cuando todav\u00eda est\u00e1 localizado, as\u00ed las t\u00e9cnicas quir\u00fargicas pueden quitar el tumor.<\/p>\n<p style=\"text-align: justify;\">\u201cSometerse a los chequeos que corresponden es extremadamente \u00fatil. El examen de diagn\u00f3stico inicial se llama coloncheck, que permite detectar la presencia de sangre en deposiciones, y el cual se debe realizar anualmente sobre los 45 a\u00f1os. Si es positivo, se indica posteriormente una colonoscop\u00eda para explorar la presencia de p\u00f3lipos en el intestino, que de ser as\u00ed ser\u00e1n extra\u00eddos en el mismo instante y enviados a biopsia\u201d, afirma.<\/p>\n<p style=\"text-align: justify;\"><strong><u>Prevenci\u00f3n<\/u><\/strong><\/p>\n<p style=\"text-align: justify;\">En cuando a la prevenci\u00f3n el Dr. Alex D\u00edaz, gastroenter\u00f3logo de Cl\u00ednica Ciudad del Mar, entrega algunas claves para prevenir su aparici\u00f3n:<\/p>\n<p>1) Mejorar los h\u00e1bitos alimenticios: Disminuir el consumo de carnes rojas y procesadas, mantener una dieta rica en frutas y verduras, adem\u00e1s de evitar la comida chatarra y consumir cereales integrales como arroz, quinua, avena, entre otros. Asimismo, se debe controlar el sobrepeso y reducir la obesidad.<\/p>\n<p>2) Realizar actividad f\u00edsica y evitar h\u00e1bitos nocivos: Hacer ejercicio 3 veces por semana, no fumar y moderar el consumo de alcohol.<\/p>\n<p style=\"text-align: justify;\">\u201cEl tipo de dieta es fundamental porque hay muchos alimentos como la carne, por ejemplo, que pueden condicionarnos a tener esta enfermedad, por lo que su consumo se aconseja solo una o dos veces por semana. Respecto a la prevenci\u00f3n, se sugieren las frutas y verduras ricas en antioxidantes, as\u00ed como tambi\u00e9n, con alto contenido de fibra que es muy relevante porque permite que los alimentos no permanezcan demasiado tiempo en el intestino, ya que esto aumenta la posibilidad de generar c\u00e9lulas cancer\u00edgenas\u00bb, concluye la nutricionista de Cl\u00ednica D\u00e1vila Vespucio, Paulina Mella.<\/p>\n<\/div><\/section><\/div><div  style='height:50px' class='hr hr-invisible   avia-builder-el-6  el_after_av_one_full  el_before_av_social_share '><span class='hr-inner ' ><span class='hr-inner-style'><\/span><\/span><\/div><\/p>\n<div  class='av-social-sharing-box  avia-builder-el-7  el_after_av_hr  el_before_av_hr  '><div class='av-share-box'><h5 class='av-share-link-description av-no-toc '>Compartir esta noticia<\/h5><ul class='av-share-box-list noLightbox'><li class='av-share-link av-social-link-facebook' ><a target=\"_blank\" aria-label=\"Compartir en Facebook\" href='https:\/\/www.facebook.com\/sharer.php?u=https:\/\/radiorevelacionfm.cl\/?p=51977&#038;t=C%C3%A1ncer%20de%20Colon%3A%20En%20Chile%20se%20han%20duplicado%20los%20casos%20y%20ha%20aumentado%20en%20poblaci%C3%B3n%20menor%20de%2050%20a%C3%B1os' aria-hidden='false' data-av_icon='\ue8f3' data-av_iconfont='entypo-fontello' title='' data-avia-related-tooltip='Compartir en Facebook' rel=\"noopener\"><span class='avia_hidden_link_text'>Compartir en Facebook<\/span><\/a><\/li><li class='av-share-link av-social-link-twitter' ><a target=\"_blank\" aria-label=\"Compartir en Twitter\" href='https:\/\/twitter.com\/share?text=C%C3%A1ncer%20de%20Colon%3A%20En%20Chile%20se%20han%20duplicado%20los%20casos%20y%20ha%20aumentado%20en%20poblaci%C3%B3n%20menor%20de%2050%20a%C3%B1os&#038;url=https:\/\/radiorevelacionfm.cl\/?p=51977' aria-hidden='false' data-av_icon='\ue8f1' data-av_iconfont='entypo-fontello' title='' data-avia-related-tooltip='Compartir en Twitter' rel=\"noopener\"><span class='avia_hidden_link_text'>Compartir en Twitter<\/span><\/a><\/li><li class='av-share-link av-social-link-whatsapp' ><a target=\"_blank\" aria-label=\"Compartir en Whatsapp\" href='https:\/\/api.whatsapp.com\/send?text=https:\/\/radiorevelacionfm.cl\/?p=51977' aria-hidden='false' data-av_icon='\uf232' data-av_iconfont='entypo-fontello' title='' data-avia-related-tooltip='Compartir en Whatsapp' rel=\"noopener\"><span class='avia_hidden_link_text'>Compartir en Whatsapp<\/span><\/a><\/li><li class='av-share-link av-social-link-linkedin' ><a target=\"_blank\" aria-label=\"Compartir en LinkedIn\" href='https:\/\/linkedin.com\/shareArticle?mini=true&#038;title=C%C3%A1ncer%20de%20Colon%3A%20En%20Chile%20se%20han%20duplicado%20los%20casos%20y%20ha%20aumentado%20en%20poblaci%C3%B3n%20menor%20de%2050%20a%C3%B1os&#038;url=https:\/\/radiorevelacionfm.cl\/?p=51977' aria-hidden='false' data-av_icon='\ue8fc' data-av_iconfont='entypo-fontello' title='' data-avia-related-tooltip='Compartir en LinkedIn' rel=\"noopener\"><span class='avia_hidden_link_text'>Compartir en LinkedIn<\/span><\/a><\/li><li class='av-share-link av-social-link-mail' ><a  aria-label=\"Compartir por correo\" href='mailto:?subject=C%C3%A1ncer%20de%20Colon%3A%20En%20Chile%20se%20han%20duplicado%20los%20casos%20y%20ha%20aumentado%20en%20poblaci%C3%B3n%20menor%20de%2050%20a%C3%B1os&#038;body=https:\/\/radiorevelacionfm.cl\/?p=51977' aria-hidden='false' data-av_icon='\ue805' data-av_iconfont='entypo-fontello' title='' data-avia-related-tooltip='Compartir por correo'><span class='avia_hidden_link_text'>Compartir por correo<\/span><\/a><\/li><\/ul><\/div><\/div>\n<div  style='height:50px' class='hr hr-invisible   avia-builder-el-8  el_after_av_social_share  el_before_av_comments_list '><span class='hr-inner ' ><span class='hr-inner-style'><\/span><\/span><\/div>\n<div  class='av-buildercomment  av-blog-meta-html-info-disabled av-blog-meta-tag-disabled  '><\/div>\n","protected":false},"excerpt":{"rendered":"","protected":false},"author":1,"featured_media":51978,"comment_status":"closed","ping_status":"closed","sticky":false,"template":"","format":"standard","meta":{"footnotes":""},"categories":[46],"tags":[],"class_list":["post-51977","post","type-post","status-publish","format-standard","has-post-thumbnail","hentry","category-salud"],"jetpack_featured_media_url":"https:\/\/radiorevelacionfm.cl\/wp-content\/uploads\/2025\/03\/foto2-13-1-1.jpg","_links":{"self":[{"href":"https:\/\/radiorevelacionfm.cl\/index.php?rest_route=\/wp\/v2\/posts\/51977","targetHints":{"allow":["GET"]}}],"collection":[{"href":"https:\/\/radiorevelacionfm.cl\/index.php?rest_route=\/wp\/v2\/posts"}],"about":[{"href":"https:\/\/radiorevelacionfm.cl\/index.php?rest_route=\/wp\/v2\/types\/post"}],"author":[{"embeddable":true,"href":"https:\/\/radiorevelacionfm.cl\/index.php?rest_route=\/wp\/v2\/users\/1"}],"replies":[{"embeddable":true,"href":"https:\/\/radiorevelacionfm.cl\/index.php?rest_route=%2Fwp%2Fv2%2Fcomments&post=51977"}],"version-history":[{"count":2,"href":"https:\/\/radiorevelacionfm.cl\/index.php?rest_route=\/wp\/v2\/posts\/51977\/revisions"}],"predecessor-version":[{"id":51986,"href":"https:\/\/radiorevelacionfm.cl\/index.php?rest_route=\/wp\/v2\/posts\/51977\/revisions\/51986"}],"wp:featuredmedia":[{"embeddable":true,"href":"https:\/\/radiorevelacionfm.cl\/index.php?rest_route=\/wp\/v2\/media\/51978"}],"wp:attachment":[{"href":"https:\/\/radiorevelacionfm.cl\/index.php?rest_route=%2Fwp%2Fv2%2Fmedia&parent=51977"}],"wp:term":[{"taxonomy":"category","embeddable":true,"href":"https:\/\/radiorevelacionfm.cl\/index.php?rest_route=%2Fwp%2Fv2%2Fcategories&post=51977"},{"taxonomy":"post_tag","embeddable":true,"href":"https:\/\/radiorevelacionfm.cl\/index.php?rest_route=%2Fwp%2Fv2%2Ftags&post=51977"}],"curies":[{"name":"wp","href":"https:\/\/api.w.org\/{rel}","templated":true}]}}