{"id":51974,"date":"2025-04-01T17:27:56","date_gmt":"2025-04-01T20:27:56","guid":{"rendered":"https:\/\/radiorevelacionfm.cl\/?p=51974"},"modified":"2025-04-01T17:27:56","modified_gmt":"2025-04-01T20:27:56","slug":"consejo-superior-de-la-uaysen-se-consolida-como-pilar-estrategico-de-gobernanza-institucional","status":"publish","type":"post","link":"https:\/\/radiorevelacionfm.cl\/?p=51974","title":{"rendered":"Consejo Superior de la UAys\u00e9n se consolida como pilar estrat\u00e9gico de gobernanza institucional"},"content":{"rendered":"<div class=\"flex_column av_one_full  flex_column_div av-zero-column-padding first  avia-builder-el-0  el_before_av_one_full  avia-builder-el-first  \" style='border-radius:0px; '><div  class='avia-image-container  av-styling-    avia-builder-el-1  avia-builder-el-no-sibling  avia-align-center '  itemprop=\"image\" itemscope=\"itemscope\" itemtype=\"https:\/\/schema.org\/ImageObject\"  ><div class='avia-image-container-inner'><div class='avia-image-overlay-wrap'><img decoding=\"async\" class='wp-image-51975 avia-img-lazy-loading-not-51975 avia_image' src=\"https:\/\/radiorevelacionfm.cl\/wp-content\/uploads\/2025\/03\/foto-consejo-superior-1_optimized.jpeg\" alt='' title='foto-consejo-superior-(1)_optimized' height=\"600\" width=\"900\"  itemprop=\"thumbnailUrl\" srcset=\"https:\/\/radiorevelacionfm.cl\/wp-content\/uploads\/2025\/03\/foto-consejo-superior-1_optimized.jpeg 900w, https:\/\/radiorevelacionfm.cl\/wp-content\/uploads\/2025\/03\/foto-consejo-superior-1_optimized-300x200.jpeg 300w, https:\/\/radiorevelacionfm.cl\/wp-content\/uploads\/2025\/03\/foto-consejo-superior-1_optimized-768x512.jpeg 768w, https:\/\/radiorevelacionfm.cl\/wp-content\/uploads\/2025\/03\/foto-consejo-superior-1_optimized-705x470.jpeg 705w, https:\/\/radiorevelacionfm.cl\/wp-content\/uploads\/2025\/03\/foto-consejo-superior-1_optimized-450x300.jpeg 450w, https:\/\/radiorevelacionfm.cl\/wp-content\/uploads\/2025\/03\/foto-consejo-superior-1_optimized-600x400.jpeg 600w\" sizes=\"(max-width: 900px) 100vw, 900px\" \/><\/div><\/div><\/div><\/div><div class=\"flex_column av_one_full  flex_column_div av-zero-column-padding first  avia-builder-el-2  el_after_av_one_full  el_before_av_one_full  column-top-margin\" style='border-radius:0px; '><section class=\"av_textblock_section \"  itemscope=\"itemscope\" itemtype=\"https:\/\/schema.org\/BlogPosting\" itemprop=\"blogPost\" ><div class='avia_textblock  '   itemprop=\"text\" ><p style=\"text-align: center;\"><strong><span style=\"font-size: 18pt;\">Consejo Superior de la UAys\u00e9n se consolida como pilar estrat\u00e9gico de gobernanza institucional<\/span><\/strong><\/p>\n<div id=\"gtx-trans\" style=\"position: absolute; left: -50px; top: 4.31534px;\">\n<div class=\"gtx-trans-icon\"><\/div>\n<\/div>\n<\/div><\/section><\/div><div class=\"flex_column av_one_full  flex_column_div av-zero-column-padding first  avia-builder-el-4  el_after_av_one_full  el_before_av_hr  column-top-margin\" style='border-radius:0px; '><section class=\"av_textblock_section \"  itemscope=\"itemscope\" itemtype=\"https:\/\/schema.org\/BlogPosting\" itemprop=\"blogPost\" ><div class='avia_textblock  '   itemprop=\"text\" ><ul>\n<li dir=\"ltr\">\n<p dir=\"ltr\" style=\"text-align: justify;\"><em>El cuerpo colegiado, m\u00e1xima autoridad de la UAys\u00e9n, ha fortalecido su rol en la conducci\u00f3n estrat\u00e9gica, la toma de decisiones clave y el respaldo al desarrollo institucional desde una perspectiva regional y p\u00fablica.<\/em><\/p>\n<\/li>\n<\/ul>\n<p dir=\"ltr\" style=\"text-align: justify;\">El Consejo Superior de la Universidad de Ays\u00e9n, m\u00e1ximo \u00f3rgano colegiado resolutivo de la instituci\u00f3n, contin\u00faa consolid\u00e1ndose como uno de los pilares fundamentales del sistema de gobernanza universitaria. Encargado de velar por los intereses institucionales, preservar su patrimonio y alinear su quehacer con las pol\u00edticas p\u00fablicas nacionales y regionales, este cuerpo ha fortalecido su presencia y funci\u00f3n estrat\u00e9gica en el \u00faltimo per\u00edodo.<\/p>\n<p dir=\"ltr\" style=\"text-align: justify;\">El Consejo Superior est\u00e1 conformado por nueve miembros con derecho a voz y voto, todos profesionales con experiencia en gesti\u00f3n acad\u00e9mica o directiva. Cabe se\u00f1alar que esta instancia es presidida por el Administrador Provisional de la Universidad de Ays\u00e9n, Juan Pablo Prieto Cox.<\/p>\n<p dir=\"ltr\" style=\"text-align: justify;\">Durante la \u00faltima sesi\u00f3n realizada la semana pasada, Juan Pablo Prieto recalc\u00f3 que el Consejo Superior de la UAys\u00e9n es una instancia muy importante porque se trata del cuerpo colegiado que es la m\u00e1xima autoridad de esta instituci\u00f3n que cumple un rol, esencial y estrat\u00e9gico. \u00abNos reunimos regularmente una vez al mes, m\u00e1s all\u00e1 de reuniones extraordinarias que podamos citar. Y la idea de este consejo es la conducci\u00f3n estrat\u00e9gica de la instituci\u00f3n. Se aprueban, por ejemplo, los reglamentos y las pol\u00edticas de la instituci\u00f3n, el plan de desarrollo, cuestiones bien centrales que muestran la marcha, hacia d\u00f3nde se dirige la instituci\u00f3n. Ah\u00ed discutimos, conversamos, buscamos tambi\u00e9n tener una visi\u00f3n com\u00fan, compartida, de los desaf\u00edos que tiene la universidad\u00bb, puntualiz\u00f3.<\/p>\n<p dir=\"ltr\" style=\"text-align: justify;\">A su vez, la m\u00e1xima autoridad universitaria se\u00f1al\u00f3 que\u00a0 han estado trabajando con el consejo tambi\u00e9n para fortalecer la gobernanza.\u00a0 \u00bb Esto significa que efectivamente todas las partes de una instituci\u00f3n, en el caso de la universidad, funcionen adecuadamente, tengan la funci\u00f3n y las atribuciones que corresponden, que esas se respeten. Y ese es un trabajo que es muy importante para dotar a la universidad de la fortaleza que requiere en su desarrollo\u00bb, expres\u00f3.<\/p>\n<p dir=\"ltr\" style=\"text-align: justify;\">Respecto al balance de este \u00f3rgano universitario, Juan Pablo Prieto valora la labor realizada desde su constituci\u00f3n en pleno. \u00abEstamos muy contentos. Ha sido un consejo que ha ido trabajando duramente en todos los temas que hemos planteado. Por supuesto, una de las cosas importantes ha sido el presupuesto institucional. Es un buen ejemplo de hacia d\u00f3nde se dirigen los recursos y, por lo tanto, la importancia que estos tienen en el desarrollo de la instituci\u00f3n. Y ha sido una experiencia muy interesante este poco m\u00e1s de un a\u00f1o que hemos trabajado con el consejo. Se ha afiatado este consejo y est\u00e1 cumpliendo el rol que le compete de acuerdo al estatuto.\u00bb<\/p>\n<p dir=\"ltr\" style=\"text-align: justify;\">Entre los representantes nombrados la presidencia de de la Rep\u00fablica, se encuentra\u00a0 el consejero Daniel Johnson Mardones, profesor asociado de la Universidad de Chile, quien respecto a su experiencia,\u00a0 expres\u00f3: \u00abBueno, ha sido un honor que te nombren en un cargo as\u00ed, pero con toda una \u00e9pica tambi\u00e9n por lo que es esta universidad, porque por donde est\u00e1, porque son, junto con la (Universidad) de O&#8217;Higgins, las dos universidades creadas en varias d\u00e9cadas, universidades estatales, y ha sido una muy buena experiencia porque llegamos tambi\u00e9n a constituir el consejo superior, que se constituy\u00f3 en forma, completo, por primera vez en la historia de la universidad\u00bb, enfatiz\u00f3 el acad\u00e9mico..<\/p>\n<p dir=\"ltr\" style=\"text-align: justify;\">Por su parte, el consejero Cristian Porzio Sandoval, abogado y funcionario del Servicio Local de Educaci\u00f3n P\u00fablica (SLEP) de Ays\u00e9n, se\u00f1al\u00f3: \u00abBien, habiendo empezado hace algunos meses a integrar el Consejo Superior, la experiencia ha sido positiva en cuanto ha permitido tener una visi\u00f3n bastante horizontal y general de lo que es el trabajo de la Universidad de Ays\u00e9n y, en ese sentido, las proyecciones que \u00e9sta tiene. Son muy importantes los desaf\u00edos que vienen, particularmente en lo que es en relaci\u00f3n con la consolidaci\u00f3n del trabajo que se est\u00e1 desarrollando. La Universidad de Ays\u00e9n ha sido una aspiraci\u00f3n muy sentida de los ayseninos y, en ese sentido, todos quienes residimos ac\u00e1 tenemos la esperanza puesta en que el proyecto funcione en el largo plazo y sea una gu\u00eda permanente desde el punto de vista acad\u00e9mico y, por qu\u00e9 no decirlo tambi\u00e9n, desde el punto de vista de su trabajo que puede desarrollar a nivel social para todos quienes vivimos ac\u00e1 en la regi\u00f3n de Ays\u00e9n\u00bb, expres\u00f3.<\/p>\n<p dir=\"ltr\" style=\"text-align: justify;\">Cabe se\u00f1alar que el Consejo Superior est\u00e1 actualmente presidido por Juan Pablo Prieto Cox, Administrador Provisional de la universidad, quien es matem\u00e1tico de formaci\u00f3n, con doctorado en la Ohio State University y una amplia experiencia en gesti\u00f3n universitaria.<\/p>\n<p dir=\"ltr\" style=\"text-align: justify;\">Desde la representaci\u00f3n presidencial, adem\u00e1s de Johnson y Porzio, participan Jos\u00e9 Mansilla Contreras, profesor de Estado en Castellano, Mag\u00edster en Antropolog\u00eda y Desarrollo, y actual Coordinador de Bibliotecas P\u00fablicas de la Regi\u00f3n de Ays\u00e9n; y Gustavo Saldivia P\u00e9rez, ingeniero en Recursos Naturales y Director del Museo Regional de Ays\u00e9n, con una reconocida trayectoria en gesti\u00f3n cultural y patrimonial.<\/p>\n<p dir=\"ltr\" style=\"text-align: justify;\">En representaci\u00f3n del Senado Universitario participan Roberto Jaramillo Alvarado, Prorrector de la Universidad de Los Lagos, con estudios de posgrado en Ciencias Sociales Aplicadas y Educaci\u00f3n; y Mar\u00eda Soledad G\u00f3mez Riffo, ingeniera comercial y profesional de la Direcci\u00f3n General Acad\u00e9mica de la UAys\u00e9n.<\/p>\n<p dir=\"ltr\" style=\"text-align: justify;\">Por parte del estamento acad\u00e9mico, integran el consejo Carla Basualto Alarc\u00f3n, m\u00e9dico cirujano y doctora en Ciencias Biom\u00e9dicas, acad\u00e9mica del Departamento de Ciencias de la Salud; y Romina Aranda C\u00e1ceres, psic\u00f3loga y mag\u00edster en Psicolog\u00eda Educacional, acad\u00e9mica del Departamento de Ciencias Sociales y Humanidades.<\/p>\n<p dir=\"ltr\" style=\"text-align: justify;\">Este Consejo Superior ha sido clave en el fortalecimiento institucional de la UAys\u00e9n, no solo por su rol en la definici\u00f3n de pol\u00edticas estrat\u00e9gicas, sino tambi\u00e9n por su compromiso con una universidad p\u00fablica, regional, inclusiva y orientada a aportar al desarrollo del territorio.<\/p>\n<\/div><\/section><\/div><div  style='height:50px' class='hr hr-invisible   avia-builder-el-6  el_after_av_one_full  el_before_av_social_share '><span class='hr-inner ' ><span class='hr-inner-style'><\/span><\/span><\/div><\/p>\n<div  class='av-social-sharing-box  avia-builder-el-7  el_after_av_hr  el_before_av_hr  '><div class='av-share-box'><h5 class='av-share-link-description av-no-toc '>Compartir esta noticia<\/h5><ul class='av-share-box-list noLightbox'><li class='av-share-link av-social-link-facebook' ><a target=\"_blank\" aria-label=\"Compartir en Facebook\" href='https:\/\/www.facebook.com\/sharer.php?u=https:\/\/radiorevelacionfm.cl\/?p=51974&#038;t=Consejo%20Superior%20de%20la%20UAys%C3%A9n%20se%20consolida%20como%20pilar%20estrat%C3%A9gico%20de%20gobernanza%20institucional' aria-hidden='false' data-av_icon='\ue8f3' data-av_iconfont='entypo-fontello' title='' data-avia-related-tooltip='Compartir en Facebook' rel=\"noopener\"><span class='avia_hidden_link_text'>Compartir en Facebook<\/span><\/a><\/li><li class='av-share-link av-social-link-twitter' ><a target=\"_blank\" aria-label=\"Compartir en Twitter\" href='https:\/\/twitter.com\/share?text=Consejo%20Superior%20de%20la%20UAys%C3%A9n%20se%20consolida%20como%20pilar%20estrat%C3%A9gico%20de%20gobernanza%20institucional&#038;url=https:\/\/radiorevelacionfm.cl\/?p=51974' aria-hidden='false' data-av_icon='\ue8f1' data-av_iconfont='entypo-fontello' title='' data-avia-related-tooltip='Compartir en Twitter' rel=\"noopener\"><span class='avia_hidden_link_text'>Compartir en Twitter<\/span><\/a><\/li><li class='av-share-link av-social-link-whatsapp' ><a target=\"_blank\" aria-label=\"Compartir en Whatsapp\" href='https:\/\/api.whatsapp.com\/send?text=https:\/\/radiorevelacionfm.cl\/?p=51974' aria-hidden='false' data-av_icon='\uf232' data-av_iconfont='entypo-fontello' title='' data-avia-related-tooltip='Compartir en Whatsapp' rel=\"noopener\"><span class='avia_hidden_link_text'>Compartir en Whatsapp<\/span><\/a><\/li><li class='av-share-link av-social-link-linkedin' ><a target=\"_blank\" aria-label=\"Compartir en LinkedIn\" href='https:\/\/linkedin.com\/shareArticle?mini=true&#038;title=Consejo%20Superior%20de%20la%20UAys%C3%A9n%20se%20consolida%20como%20pilar%20estrat%C3%A9gico%20de%20gobernanza%20institucional&#038;url=https:\/\/radiorevelacionfm.cl\/?p=51974' aria-hidden='false' data-av_icon='\ue8fc' data-av_iconfont='entypo-fontello' title='' data-avia-related-tooltip='Compartir en LinkedIn' rel=\"noopener\"><span class='avia_hidden_link_text'>Compartir en LinkedIn<\/span><\/a><\/li><li class='av-share-link av-social-link-mail' ><a  aria-label=\"Compartir por correo\" href='mailto:?subject=Consejo%20Superior%20de%20la%20UAys%C3%A9n%20se%20consolida%20como%20pilar%20estrat%C3%A9gico%20de%20gobernanza%20institucional&#038;body=https:\/\/radiorevelacionfm.cl\/?p=51974' aria-hidden='false' data-av_icon='\ue805' data-av_iconfont='entypo-fontello' title='' data-avia-related-tooltip='Compartir por correo'><span class='avia_hidden_link_text'>Compartir por correo<\/span><\/a><\/li><\/ul><\/div><\/div>\n<div  style='height:50px' class='hr hr-invisible   avia-builder-el-8  el_after_av_social_share  el_before_av_comments_list '><span class='hr-inner ' ><span class='hr-inner-style'><\/span><\/span><\/div>\n<div  class='av-buildercomment  av-blog-meta-html-info-disabled av-blog-meta-tag-disabled  '><\/div>\n","protected":false},"excerpt":{"rendered":"","protected":false},"author":1,"featured_media":51975,"comment_status":"closed","ping_status":"closed","sticky":false,"template":"","format":"standard","meta":{"footnotes":""},"categories":[49],"tags":[],"class_list":["post-51974","post","type-post","status-publish","format-standard","has-post-thumbnail","hentry","category-educacion"],"jetpack_featured_media_url":"https:\/\/radiorevelacionfm.cl\/wp-content\/uploads\/2025\/03\/foto-consejo-superior-1_optimized.jpeg","_links":{"self":[{"href":"https:\/\/radiorevelacionfm.cl\/index.php?rest_route=\/wp\/v2\/posts\/51974","targetHints":{"allow":["GET"]}}],"collection":[{"href":"https:\/\/radiorevelacionfm.cl\/index.php?rest_route=\/wp\/v2\/posts"}],"about":[{"href":"https:\/\/radiorevelacionfm.cl\/index.php?rest_route=\/wp\/v2\/types\/post"}],"author":[{"embeddable":true,"href":"https:\/\/radiorevelacionfm.cl\/index.php?rest_route=\/wp\/v2\/users\/1"}],"replies":[{"embeddable":true,"href":"https:\/\/radiorevelacionfm.cl\/index.php?rest_route=%2Fwp%2Fv2%2Fcomments&post=51974"}],"version-history":[{"count":2,"href":"https:\/\/radiorevelacionfm.cl\/index.php?rest_route=\/wp\/v2\/posts\/51974\/revisions"}],"predecessor-version":[{"id":52066,"href":"https:\/\/radiorevelacionfm.cl\/index.php?rest_route=\/wp\/v2\/posts\/51974\/revisions\/52066"}],"wp:featuredmedia":[{"embeddable":true,"href":"https:\/\/radiorevelacionfm.cl\/index.php?rest_route=\/wp\/v2\/media\/51975"}],"wp:attachment":[{"href":"https:\/\/radiorevelacionfm.cl\/index.php?rest_route=%2Fwp%2Fv2%2Fmedia&parent=51974"}],"wp:term":[{"taxonomy":"category","embeddable":true,"href":"https:\/\/radiorevelacionfm.cl\/index.php?rest_route=%2Fwp%2Fv2%2Fcategories&post=51974"},{"taxonomy":"post_tag","embeddable":true,"href":"https:\/\/radiorevelacionfm.cl\/index.php?rest_route=%2Fwp%2Fv2%2Ftags&post=51974"}],"curies":[{"name":"wp","href":"https:\/\/api.w.org\/{rel}","templated":true}]}}