{"id":51968,"date":"2025-03-31T12:16:40","date_gmt":"2025-03-31T15:16:40","guid":{"rendered":"https:\/\/radiorevelacionfm.cl\/?p=51968"},"modified":"2025-03-31T12:16:40","modified_gmt":"2025-03-31T15:16:40","slug":"mesa-de-supervision-carcelaria-de-coyhaique-da-cuenta-de-proyectos-penitenciarios-para-la-region","status":"publish","type":"post","link":"https:\/\/radiorevelacionfm.cl\/?p=51968","title":{"rendered":"Mesa de Supervisi\u00f3n Carcelaria de Coyhaique da cuenta de proyectos penitenciarios para la regi\u00f3n"},"content":{"rendered":"<div class=\"flex_column av_one_full  flex_column_div av-zero-column-padding first  avia-builder-el-0  el_before_av_one_full  avia-builder-el-first  \" style='border-radius:0px; '><div  class='avia-image-container  av-styling-    avia-builder-el-1  avia-builder-el-no-sibling  avia-align-center '  itemprop=\"image\" itemscope=\"itemscope\" itemtype=\"https:\/\/schema.org\/ImageObject\"  ><div class='avia-image-container-inner'><div class='avia-image-overlay-wrap'><img decoding=\"async\" class='wp-image-51969 avia-img-lazy-loading-not-51969 avia_image' src=\"https:\/\/radiorevelacionfm.cl\/wp-content\/uploads\/2025\/03\/foto-03-reunion-mesa-1_optimized.jpg\" alt='' title='foto-03-reunion-mesa--(1)_optimized' height=\"600\" width=\"873\"  itemprop=\"thumbnailUrl\" srcset=\"https:\/\/radiorevelacionfm.cl\/wp-content\/uploads\/2025\/03\/foto-03-reunion-mesa-1_optimized.jpg 873w, https:\/\/radiorevelacionfm.cl\/wp-content\/uploads\/2025\/03\/foto-03-reunion-mesa-1_optimized-300x206.jpg 300w, https:\/\/radiorevelacionfm.cl\/wp-content\/uploads\/2025\/03\/foto-03-reunion-mesa-1_optimized-768x528.jpg 768w, https:\/\/radiorevelacionfm.cl\/wp-content\/uploads\/2025\/03\/foto-03-reunion-mesa-1_optimized-705x485.jpg 705w, https:\/\/radiorevelacionfm.cl\/wp-content\/uploads\/2025\/03\/foto-03-reunion-mesa-1_optimized-450x309.jpg 450w, https:\/\/radiorevelacionfm.cl\/wp-content\/uploads\/2025\/03\/foto-03-reunion-mesa-1_optimized-600x412.jpg 600w\" sizes=\"(max-width: 873px) 100vw, 873px\" \/><\/div><\/div><\/div><\/div><div class=\"flex_column av_one_full  flex_column_div av-zero-column-padding first  avia-builder-el-2  el_after_av_one_full  el_before_av_one_full  column-top-margin\" style='border-radius:0px; '><section class=\"av_textblock_section \"  itemscope=\"itemscope\" itemtype=\"https:\/\/schema.org\/BlogPosting\" itemprop=\"blogPost\" ><div class='avia_textblock  '   itemprop=\"text\" ><p style=\"text-align: center;\"><strong><span style=\"font-size: 18pt;\">Mesa de Supervisi\u00f3n Carcelaria de Coyhaique da cuenta de proyectos penitenciarios para la regi\u00f3n<\/span><\/strong><\/p>\n<div id=\"gtx-trans\" style=\"position: absolute; left: -50px; top: 4.31534px;\">\n<div class=\"gtx-trans-icon\"><\/div>\n<\/div>\n<\/div><\/section><\/div><div class=\"flex_column av_one_full  flex_column_div av-zero-column-padding first  avia-builder-el-4  el_after_av_one_full  el_before_av_hr  column-top-margin\" style='border-radius:0px; '><section class=\"av_textblock_section \"  itemscope=\"itemscope\" itemtype=\"https:\/\/schema.org\/BlogPosting\" itemprop=\"blogPost\" ><div class='avia_textblock  '   itemprop=\"text\" ><p class=\"v1MsoNormal\" style=\"text-align: justify;\">Importantes noticias en materia penitenciar\u00eda tuvo la primera sesi\u00f3n de la Mesa Regional de Supervisi\u00f3n Carcelaria de Coyhaique efectuada el pasado -jueves 27 de marzo- en dependencias de la Corte de Apelaciones.\u00a0 En la oportunidad, se inform\u00f3 que para el a\u00f1o 2033 se estima la concreci\u00f3n de una nueva unidad penal para la capital regional.<\/p>\n<p class=\"v1MsoNormal\" style=\"text-align: justify;\">La instancia fue liderada por el fiscal judicial (s) de la Corte de Apelaciones de Coyhaique, Juan Patricio Silva; el seremi de Justicia y Derechos Humanos, Samuel Navarro; el magistrado del Juzgado de Garant\u00eda Mario Devaud y el director regional de Gendarmer\u00eda, teniente coronel Pablo Torres, adem\u00e1s de representantes del Ministerio P\u00fablico y la Defensor\u00eda Penal P\u00fablica.<\/p>\n<p class=\"v1MsoNormal\" style=\"text-align: justify;\">Dentro de los t\u00f3picos abordados en la tabla se analiz\u00f3 el avance en el llamado a licitaci\u00f3n para reponer el sistema de calefacci\u00f3n central del Centro de Detenci\u00f3n Preventiva de Puerto Ays\u00e9n; la situaci\u00f3n del proyecto de construcci\u00f3n de una biblioteca para el Cetro de Educaci\u00f3n y Trabajo, Valle Verde, y la habilitaci\u00f3n de una secci\u00f3n para recibir a mujeres condenadas en este lugar. Asimismo, se trat\u00f3 el tema del proyecto de conservaci\u00f3n del Centro de Cumplimiento Penitenciario de Coyhaique.<\/p>\n<p class=\"v1MsoNormal\" style=\"text-align: justify;\"><b>Nueva secci\u00f3n femenina en CDP de Puerto Ays\u00e9n<\/b><\/p>\n<p class=\"v1MsoNormal\" style=\"text-align: justify;\">Respecto al funcionamiento de la secci\u00f3n femenina del Centro de Detenci\u00f3n Preventiva de Puerto Ays\u00e9n, que fue puesta en funcionamiento en el mes de febrero del presente a\u00f1o, el fiscal judicial Juan Patricio Silva expres\u00f3 que \u00abal d\u00eda de hoy hay un total de ocho mujeres condenadas, y lo importante de esto es que Gendarmer\u00eda ha dotado esta secci\u00f3n de las condiciones necesarias para los efectos de mantener a personas privadas de libertad. Tienen un dormitorio debidamente alhajado y con la comodidad necesaria para que estas personas que por diversas razones se encuentran condenadas cumplan de manera digna la pena privativa de libertad que les fue impuesta\u00bb.<\/p>\n<p class=\"v1MsoNormal\" style=\"text-align: justify;\">El fiscal judicial agreg\u00f3 que \u00abse\u00f1alar de que en t\u00e9rminos generales las condenadas manifestaron su conformidad con el espacio que Gendarmer\u00eda de Chile ha destinado para las mismas\u00bb.<\/p>\n<p class=\"v1MsoNormal\" style=\"text-align: justify;\"><b>Nueva Unidad Penal para Coyhaique<\/b><\/p>\n<p class=\"v1MsoNormal\" style=\"text-align: justify;\">Sobre el anhelado proyecto de un nuevo recinto penitenciario para la ciudad de Coyhaique, los integrantes de la mesa, se informaron del estado de avance de esta iniciativa.<\/p>\n<p class=\"v1MsoNormal\" style=\"text-align: justify;\">\u00abEl se\u00f1or seremi nos inform\u00f3 que ya existen una serie de compromisos que han sido adquiridos con la autoridad a efectos de poder posibilitar la concreci\u00f3n de esta nuevo centro carcelario. Existen, partidas presupuestarias ya tambi\u00e9n comprometidas, de manera que se est\u00e1 avanzando decididamente en la construcci\u00f3n de este establecimiento penitenciario. Si todo anda bien, conforme los plazos, cumplimiento de la normativa administrativa y legal pertinente, permitir\u00eda en principio al a\u00f1o 2033, contar con una c\u00e1rcel en la ciudad de Coyhaique\u00bb, explic\u00f3 el fiscal judicial Juan Patricio Silva.<\/p>\n<p class=\"v1MsoNormal\" style=\"text-align: justify;\">Al respecto, el seremi de justicia y derechos humanos, Samuel Navarro, sostuvo que \u00abes muy importante que podamos avanzar en un nuevo recinto penitenciario, en particular para la ciudad de Coyhaique, el cual tiene 60 a\u00f1os. Es un anhelo hist\u00f3rico y este proyecto se encuentra dentro del Plan Maestro de Infraestructura Penitenciaria que desarrolla el Ministerio de Justicia y Derechos Humanos, junto con Gendarmer\u00eda de Chile\u00bb.<\/p>\n<p class=\"v1MsoNormal\" style=\"text-align: justify;\">\u00abEstamos en la etapa de factibilidad y est\u00e1 pr\u00f3ximo a ingresar al Banco Integrado de Proyectos. Ya tenemos el terreno y vamos a contar con el apoyo del Gobierno Regional ratificado por la nueva administraci\u00f3n en cuanto a financiar el 100% de la factibilidad del dise\u00f1o y un 30% en la fase de ejecuci\u00f3n. Eso nos tiene muy contentos porque creo que es el nivel de avance m\u00e1s sustantivo que hemos tenido con varios proyectos anteriores en otras administraciones que se han ca\u00eddo y en esta oportunidad tenemos el compromiso del gobernador regional, que esperamos lo pueda ratificar su consejo\u00bb, concluy\u00f3.<\/p>\n<\/div><\/section><\/div><div  style='height:50px' class='hr hr-invisible   avia-builder-el-6  el_after_av_one_full  el_before_av_social_share '><span class='hr-inner ' ><span class='hr-inner-style'><\/span><\/span><\/div><\/p>\n<div  class='av-social-sharing-box  avia-builder-el-7  el_after_av_hr  el_before_av_hr  '><div class='av-share-box'><h5 class='av-share-link-description av-no-toc '>Compartir esta noticia<\/h5><ul class='av-share-box-list noLightbox'><li class='av-share-link av-social-link-facebook' ><a target=\"_blank\" aria-label=\"Compartir en Facebook\" href='https:\/\/www.facebook.com\/sharer.php?u=https:\/\/radiorevelacionfm.cl\/?p=51968&#038;t=Mesa%20de%20Supervisi%C3%B3n%20Carcelaria%20de%20Coyhaique%20da%20cuenta%20de%20proyectos%20penitenciarios%20para%20la%20regi%C3%B3n' aria-hidden='false' data-av_icon='\ue8f3' data-av_iconfont='entypo-fontello' title='' data-avia-related-tooltip='Compartir en Facebook' rel=\"noopener\"><span class='avia_hidden_link_text'>Compartir en Facebook<\/span><\/a><\/li><li class='av-share-link av-social-link-twitter' ><a target=\"_blank\" aria-label=\"Compartir en Twitter\" href='https:\/\/twitter.com\/share?text=Mesa%20de%20Supervisi%C3%B3n%20Carcelaria%20de%20Coyhaique%20da%20cuenta%20de%20proyectos%20penitenciarios%20para%20la%20regi%C3%B3n&#038;url=https:\/\/radiorevelacionfm.cl\/?p=51968' aria-hidden='false' data-av_icon='\ue8f1' data-av_iconfont='entypo-fontello' title='' data-avia-related-tooltip='Compartir en Twitter' rel=\"noopener\"><span class='avia_hidden_link_text'>Compartir en Twitter<\/span><\/a><\/li><li class='av-share-link av-social-link-whatsapp' ><a target=\"_blank\" aria-label=\"Compartir en Whatsapp\" href='https:\/\/api.whatsapp.com\/send?text=https:\/\/radiorevelacionfm.cl\/?p=51968' aria-hidden='false' data-av_icon='\uf232' data-av_iconfont='entypo-fontello' title='' data-avia-related-tooltip='Compartir en Whatsapp' rel=\"noopener\"><span class='avia_hidden_link_text'>Compartir en Whatsapp<\/span><\/a><\/li><li class='av-share-link av-social-link-linkedin' ><a target=\"_blank\" aria-label=\"Compartir en LinkedIn\" href='https:\/\/linkedin.com\/shareArticle?mini=true&#038;title=Mesa%20de%20Supervisi%C3%B3n%20Carcelaria%20de%20Coyhaique%20da%20cuenta%20de%20proyectos%20penitenciarios%20para%20la%20regi%C3%B3n&#038;url=https:\/\/radiorevelacionfm.cl\/?p=51968' aria-hidden='false' data-av_icon='\ue8fc' data-av_iconfont='entypo-fontello' title='' data-avia-related-tooltip='Compartir en LinkedIn' rel=\"noopener\"><span class='avia_hidden_link_text'>Compartir en LinkedIn<\/span><\/a><\/li><li class='av-share-link av-social-link-mail' ><a  aria-label=\"Compartir por correo\" href='mailto:?subject=Mesa%20de%20Supervisi%C3%B3n%20Carcelaria%20de%20Coyhaique%20da%20cuenta%20de%20proyectos%20penitenciarios%20para%20la%20regi%C3%B3n&#038;body=https:\/\/radiorevelacionfm.cl\/?p=51968' aria-hidden='false' data-av_icon='\ue805' data-av_iconfont='entypo-fontello' title='' data-avia-related-tooltip='Compartir por correo'><span class='avia_hidden_link_text'>Compartir por correo<\/span><\/a><\/li><\/ul><\/div><\/div>\n<div  style='height:50px' class='hr hr-invisible   avia-builder-el-8  el_after_av_social_share  el_before_av_comments_list '><span class='hr-inner ' ><span class='hr-inner-style'><\/span><\/span><\/div>\n<div  class='av-buildercomment  av-blog-meta-html-info-disabled av-blog-meta-tag-disabled  '><\/div>\n","protected":false},"excerpt":{"rendered":"","protected":false},"author":1,"featured_media":51969,"comment_status":"closed","ping_status":"closed","sticky":false,"template":"","format":"standard","meta":{"footnotes":""},"categories":[55],"tags":[],"class_list":["post-51968","post","type-post","status-publish","format-standard","has-post-thumbnail","hentry","category-justicia"],"jetpack_featured_media_url":"https:\/\/radiorevelacionfm.cl\/wp-content\/uploads\/2025\/03\/foto-03-reunion-mesa-1_optimized.jpg","_links":{"self":[{"href":"https:\/\/radiorevelacionfm.cl\/index.php?rest_route=\/wp\/v2\/posts\/51968","targetHints":{"allow":["GET"]}}],"collection":[{"href":"https:\/\/radiorevelacionfm.cl\/index.php?rest_route=\/wp\/v2\/posts"}],"about":[{"href":"https:\/\/radiorevelacionfm.cl\/index.php?rest_route=\/wp\/v2\/types\/post"}],"author":[{"embeddable":true,"href":"https:\/\/radiorevelacionfm.cl\/index.php?rest_route=\/wp\/v2\/users\/1"}],"replies":[{"embeddable":true,"href":"https:\/\/radiorevelacionfm.cl\/index.php?rest_route=%2Fwp%2Fv2%2Fcomments&post=51968"}],"version-history":[{"count":2,"href":"https:\/\/radiorevelacionfm.cl\/index.php?rest_route=\/wp\/v2\/posts\/51968\/revisions"}],"predecessor-version":[{"id":51973,"href":"https:\/\/radiorevelacionfm.cl\/index.php?rest_route=\/wp\/v2\/posts\/51968\/revisions\/51973"}],"wp:featuredmedia":[{"embeddable":true,"href":"https:\/\/radiorevelacionfm.cl\/index.php?rest_route=\/wp\/v2\/media\/51969"}],"wp:attachment":[{"href":"https:\/\/radiorevelacionfm.cl\/index.php?rest_route=%2Fwp%2Fv2%2Fmedia&parent=51968"}],"wp:term":[{"taxonomy":"category","embeddable":true,"href":"https:\/\/radiorevelacionfm.cl\/index.php?rest_route=%2Fwp%2Fv2%2Fcategories&post=51968"},{"taxonomy":"post_tag","embeddable":true,"href":"https:\/\/radiorevelacionfm.cl\/index.php?rest_route=%2Fwp%2Fv2%2Ftags&post=51968"}],"curies":[{"name":"wp","href":"https:\/\/api.w.org\/{rel}","templated":true}]}}