{"id":51965,"date":"2025-03-31T15:04:41","date_gmt":"2025-03-31T18:04:41","guid":{"rendered":"https:\/\/radiorevelacionfm.cl\/?p=51965"},"modified":"2025-03-31T15:04:41","modified_gmt":"2025-03-31T18:04:41","slug":"servicio-de-salud-y-junji-aysen-se-suman-al-programa-buenas-practicas-laborales-con-equidad-de-genero","status":"publish","type":"post","link":"https:\/\/radiorevelacionfm.cl\/?p=51965","title":{"rendered":"Servicio de Salud y Junji Ays\u00e9n se suman al Programa Buenas Pr\u00e1cticas Laborales con Equidad de G\u00e9nero"},"content":{"rendered":"<div class=\"flex_column av_one_full  flex_column_div av-zero-column-padding first  avia-builder-el-0  el_before_av_one_full  avia-builder-el-first  \" style='border-radius:0px; '><div  class='avia-image-container  av-styling-    avia-builder-el-1  avia-builder-el-no-sibling  avia-align-center '  itemprop=\"image\" itemscope=\"itemscope\" itemtype=\"https:\/\/schema.org\/ImageObject\"  ><div class='avia-image-container-inner'><div class='avia-image-overlay-wrap'><img decoding=\"async\" class='wp-image-51966 avia-img-lazy-loading-not-51966 avia_image' src=\"https:\/\/radiorevelacionfm.cl\/wp-content\/uploads\/2025\/03\/bpleg-2-1_optimized.jpeg\" alt='' title='bpleg-2-(1)_optimized' height=\"600\" width=\"800\"  itemprop=\"thumbnailUrl\" srcset=\"https:\/\/radiorevelacionfm.cl\/wp-content\/uploads\/2025\/03\/bpleg-2-1_optimized.jpeg 800w, https:\/\/radiorevelacionfm.cl\/wp-content\/uploads\/2025\/03\/bpleg-2-1_optimized-300x225.jpeg 300w, https:\/\/radiorevelacionfm.cl\/wp-content\/uploads\/2025\/03\/bpleg-2-1_optimized-768x576.jpeg 768w, https:\/\/radiorevelacionfm.cl\/wp-content\/uploads\/2025\/03\/bpleg-2-1_optimized-705x529.jpeg 705w, https:\/\/radiorevelacionfm.cl\/wp-content\/uploads\/2025\/03\/bpleg-2-1_optimized-450x338.jpeg 450w, https:\/\/radiorevelacionfm.cl\/wp-content\/uploads\/2025\/03\/bpleg-2-1_optimized-600x450.jpeg 600w\" sizes=\"(max-width: 800px) 100vw, 800px\" \/><\/div><\/div><\/div><\/div><div class=\"flex_column av_one_full  flex_column_div av-zero-column-padding first  avia-builder-el-2  el_after_av_one_full  el_before_av_one_full  column-top-margin\" style='border-radius:0px; '><section class=\"av_textblock_section \"  itemscope=\"itemscope\" itemtype=\"https:\/\/schema.org\/BlogPosting\" itemprop=\"blogPost\" ><div class='avia_textblock  '   itemprop=\"text\" ><p style=\"text-align: center;\"><strong><span style=\"font-size: 18pt;\">Servicio de Salud y Junji Ays\u00e9n se suman al Programa Buenas Pr\u00e1cticas Laborales con Equidad de G\u00e9nero<\/span><\/strong><\/p>\n<div id=\"gtx-trans\" style=\"position: absolute; left: -50px; top: 4.31534px;\">\n<div class=\"gtx-trans-icon\"><\/div>\n<\/div>\n<\/div><\/section><\/div><div class=\"flex_column av_one_full  flex_column_div av-zero-column-padding first  avia-builder-el-4  el_after_av_one_full  el_before_av_hr  column-top-margin\" style='border-radius:0px; '><section class=\"av_textblock_section \"  itemscope=\"itemscope\" itemtype=\"https:\/\/schema.org\/BlogPosting\" itemprop=\"blogPost\" ><div class='avia_textblock  '   itemprop=\"text\" ><p dir=\"ltr\" style=\"text-align: justify;\">Hasta la Direcci\u00f3n Regional del Servicio Nacional de la Mujer y la Equidad de G\u00e9nero (SernamEG) en calle Baquedano, llegaron autoridades y representantes de diferentes servicios e instituciones p\u00fablicas de Coyhaique, para conocer la oferta del Programa Buenas Pr\u00e1cticas Laborales con Equidad de G\u00e9nero, que ya comenz\u00f3 la inscripci\u00f3n de organizaciones para este 2025.<\/p>\n<p dir=\"ltr\" style=\"text-align: justify;\">En la instancia, el Servicio de Salud de Ays\u00e9n y Junji Ays\u00e9n fueron las primeras instituciones en concretar su ingreso a la iniciativa de SernamEG, firmando la carta de compromiso que se requiere para comenzar el proceso.<\/p>\n<p dir=\"ltr\" style=\"text-align: justify;\">\u00abEfectivamente, tanto en el mundo privado como en el p\u00fablico, es muy importante avanzar en materia de igualdad en la cultura organizacional. En nuestra regi\u00f3n, una de las caracter\u00edsticas que tiene, es que la gran mayor\u00eda de las organizaciones que generan empleo son instituciones p\u00fablicas, que albergan un gran n\u00famero de funcionarios y funcionarias. Para nosotras es tremendamente relevante que se incorporen formalmente a nuestro Programa de Buenas Pr\u00e1cticas Laborales con Equidad de G\u00e9nero, Junji y el Servicio de Salud Ays\u00e9n, porque esto nos permite hacer un proceso de acompa\u00f1amiento\u00bb, se\u00f1al\u00f3 la directora regional de SernamEG, Patricia Baeza Cabezas.<\/p>\n<p dir=\"ltr\" style=\"text-align: justify;\">Este programa busca promover un cambio cultural a trav\u00e9s de la entrega de herramientas para incorporar buenas pr\u00e1cticas laborales con equidad de g\u00e9nero en organizaciones p\u00fablicas y privadas de cualquier tipo, tama\u00f1o y rubro, dispuestas a revisar sus pr\u00e1cticas laborales, con el objeto de impactar en la inserci\u00f3n, permanencia y desarrollo de las mujeres en \u00e1mbitos laborales para que sean de calidad.<\/p>\n<p dir=\"ltr\" style=\"text-align: justify;\">Por su parte, el director regional de Junji Ays\u00e9n, Juan Lorca Valdivia, destac\u00f3 que \u00abes sumamente importante que, sobre todo las instituciones p\u00fablicas, podamos ir avanzando en trabajar tem\u00e1ticas de g\u00e9nero, en poder ir eliminando los sesgos y las brechas de g\u00e9nero que podamos tener en nuestras instituciones, y sobre todo participar en un trabajo colaborativo con otras organizaciones que est\u00e9n realizando procesos similares.<\/p>\n<p dir=\"ltr\" style=\"text-align: justify;\">Por \u00faltimo, desde el Servicio de Salud Ays\u00e9n, la encargada de G\u00e9nero de la instituci\u00f3n, Karin Jaramillo Sep\u00falveda, a\u00f1adi\u00f3 que \u00abes importante que desde la pol\u00edtica de recursos humanos del servicio de salud, se nos puedan entregar estas herramientas que nos permitan mejorar las formas, los protocolos, como conciliamos nuestra vida laboral y personal, y que obviamente vaya en directo beneficio de toda nuestra red asistencial.<\/p>\n<p dir=\"ltr\" style=\"text-align: justify;\">Las organizaciones de la Regi\u00f3n de Ays\u00e9n, tanto p\u00fablicas como privadas, que deseen incorporarse al Programa Buenas Pr\u00e1cticas Laborales con Equidad de G\u00e9nero, pueden acercarse a la direcci\u00f3n regional de SernamEG en Coyhaique, ubicada en avenida Baquedano #257, o llamar al 22 5 499 353 y consultar por la encargada del programa.<\/p>\n<\/div><\/section><\/div><div  style='height:50px' class='hr hr-invisible   avia-builder-el-6  el_after_av_one_full  el_before_av_social_share '><span class='hr-inner ' ><span class='hr-inner-style'><\/span><\/span><\/div><\/p>\n<div  class='av-social-sharing-box  avia-builder-el-7  el_after_av_hr  el_before_av_hr  '><div class='av-share-box'><h5 class='av-share-link-description av-no-toc '>Compartir esta noticia<\/h5><ul class='av-share-box-list noLightbox'><li class='av-share-link av-social-link-facebook' ><a target=\"_blank\" aria-label=\"Compartir en Facebook\" href='https:\/\/www.facebook.com\/sharer.php?u=https:\/\/radiorevelacionfm.cl\/?p=51965&#038;t=Servicio%20de%20Salud%20y%20Junji%20Ays%C3%A9n%20se%20suman%20al%20Programa%20Buenas%20Pr%C3%A1cticas%20Laborales%20con%20Equidad%20de%20G%C3%A9nero' aria-hidden='false' data-av_icon='\ue8f3' data-av_iconfont='entypo-fontello' title='' data-avia-related-tooltip='Compartir en Facebook' rel=\"noopener\"><span class='avia_hidden_link_text'>Compartir en Facebook<\/span><\/a><\/li><li class='av-share-link av-social-link-twitter' ><a target=\"_blank\" aria-label=\"Compartir en Twitter\" href='https:\/\/twitter.com\/share?text=Servicio%20de%20Salud%20y%20Junji%20Ays%C3%A9n%20se%20suman%20al%20Programa%20Buenas%20Pr%C3%A1cticas%20Laborales%20con%20Equidad%20de%20G%C3%A9nero&#038;url=https:\/\/radiorevelacionfm.cl\/?p=51965' aria-hidden='false' data-av_icon='\ue8f1' data-av_iconfont='entypo-fontello' title='' data-avia-related-tooltip='Compartir en Twitter' rel=\"noopener\"><span class='avia_hidden_link_text'>Compartir en Twitter<\/span><\/a><\/li><li class='av-share-link av-social-link-whatsapp' ><a target=\"_blank\" aria-label=\"Compartir en Whatsapp\" href='https:\/\/api.whatsapp.com\/send?text=https:\/\/radiorevelacionfm.cl\/?p=51965' aria-hidden='false' data-av_icon='\uf232' data-av_iconfont='entypo-fontello' title='' data-avia-related-tooltip='Compartir en Whatsapp' rel=\"noopener\"><span class='avia_hidden_link_text'>Compartir en Whatsapp<\/span><\/a><\/li><li class='av-share-link av-social-link-linkedin' ><a target=\"_blank\" aria-label=\"Compartir en LinkedIn\" href='https:\/\/linkedin.com\/shareArticle?mini=true&#038;title=Servicio%20de%20Salud%20y%20Junji%20Ays%C3%A9n%20se%20suman%20al%20Programa%20Buenas%20Pr%C3%A1cticas%20Laborales%20con%20Equidad%20de%20G%C3%A9nero&#038;url=https:\/\/radiorevelacionfm.cl\/?p=51965' aria-hidden='false' data-av_icon='\ue8fc' data-av_iconfont='entypo-fontello' title='' data-avia-related-tooltip='Compartir en LinkedIn' rel=\"noopener\"><span class='avia_hidden_link_text'>Compartir en LinkedIn<\/span><\/a><\/li><li class='av-share-link av-social-link-mail' ><a  aria-label=\"Compartir por correo\" href='mailto:?subject=Servicio%20de%20Salud%20y%20Junji%20Ays%C3%A9n%20se%20suman%20al%20Programa%20Buenas%20Pr%C3%A1cticas%20Laborales%20con%20Equidad%20de%20G%C3%A9nero&#038;body=https:\/\/radiorevelacionfm.cl\/?p=51965' aria-hidden='false' data-av_icon='\ue805' data-av_iconfont='entypo-fontello' title='' data-avia-related-tooltip='Compartir por correo'><span class='avia_hidden_link_text'>Compartir por correo<\/span><\/a><\/li><\/ul><\/div><\/div>\n<div  style='height:50px' class='hr hr-invisible   avia-builder-el-8  el_after_av_social_share  el_before_av_comments_list '><span class='hr-inner ' ><span class='hr-inner-style'><\/span><\/span><\/div>\n<div  class='av-buildercomment  av-blog-meta-html-info-disabled av-blog-meta-tag-disabled  '><\/div>\n","protected":false},"excerpt":{"rendered":"","protected":false},"author":1,"featured_media":51966,"comment_status":"closed","ping_status":"closed","sticky":false,"template":"","format":"standard","meta":{"footnotes":""},"categories":[38],"tags":[],"class_list":["post-51965","post","type-post","status-publish","format-standard","has-post-thumbnail","hentry","category-regional"],"jetpack_featured_media_url":"https:\/\/radiorevelacionfm.cl\/wp-content\/uploads\/2025\/03\/bpleg-2-1_optimized.jpeg","_links":{"self":[{"href":"https:\/\/radiorevelacionfm.cl\/index.php?rest_route=\/wp\/v2\/posts\/51965","targetHints":{"allow":["GET"]}}],"collection":[{"href":"https:\/\/radiorevelacionfm.cl\/index.php?rest_route=\/wp\/v2\/posts"}],"about":[{"href":"https:\/\/radiorevelacionfm.cl\/index.php?rest_route=\/wp\/v2\/types\/post"}],"author":[{"embeddable":true,"href":"https:\/\/radiorevelacionfm.cl\/index.php?rest_route=\/wp\/v2\/users\/1"}],"replies":[{"embeddable":true,"href":"https:\/\/radiorevelacionfm.cl\/index.php?rest_route=%2Fwp%2Fv2%2Fcomments&post=51965"}],"version-history":[{"count":2,"href":"https:\/\/radiorevelacionfm.cl\/index.php?rest_route=\/wp\/v2\/posts\/51965\/revisions"}],"predecessor-version":[{"id":51980,"href":"https:\/\/radiorevelacionfm.cl\/index.php?rest_route=\/wp\/v2\/posts\/51965\/revisions\/51980"}],"wp:featuredmedia":[{"embeddable":true,"href":"https:\/\/radiorevelacionfm.cl\/index.php?rest_route=\/wp\/v2\/media\/51966"}],"wp:attachment":[{"href":"https:\/\/radiorevelacionfm.cl\/index.php?rest_route=%2Fwp%2Fv2%2Fmedia&parent=51965"}],"wp:term":[{"taxonomy":"category","embeddable":true,"href":"https:\/\/radiorevelacionfm.cl\/index.php?rest_route=%2Fwp%2Fv2%2Fcategories&post=51965"},{"taxonomy":"post_tag","embeddable":true,"href":"https:\/\/radiorevelacionfm.cl\/index.php?rest_route=%2Fwp%2Fv2%2Ftags&post=51965"}],"curies":[{"name":"wp","href":"https:\/\/api.w.org\/{rel}","templated":true}]}}