{"id":51959,"date":"2025-03-31T10:01:50","date_gmt":"2025-03-31T13:01:50","guid":{"rendered":"https:\/\/radiorevelacionfm.cl\/?p=51959"},"modified":"2025-03-31T10:01:50","modified_gmt":"2025-03-31T13:01:50","slug":"carabineros-aysen-culmino-mision-en-avanzada-temporal-fronteriza-paso-marconi","status":"publish","type":"post","link":"https:\/\/radiorevelacionfm.cl\/?p=51959","title":{"rendered":"Carabineros Ays\u00e9n culmin\u00f3 misi\u00f3n en Avanzada Temporal Fronteriza Paso Marconi"},"content":{"rendered":"<div class=\"flex_column av_one_full  flex_column_div av-zero-column-padding first  avia-builder-el-0  el_before_av_one_full  avia-builder-el-first  \" style='border-radius:0px; '><div  class='avia-image-container  av-styling-    avia-builder-el-1  avia-builder-el-no-sibling  avia-align-center '  itemprop=\"image\" itemscope=\"itemscope\" itemtype=\"https:\/\/schema.org\/ImageObject\"  ><div class='avia-image-container-inner'><div class='avia-image-overlay-wrap'><img decoding=\"async\" class='wp-image-51960 avia-img-lazy-loading-not-51960 avia_image' src=\"https:\/\/radiorevelacionfm.cl\/wp-content\/uploads\/2025\/03\/gh6m69mw4aa0_kl-1_optimized-1.jpg\" alt='' title='gh6m69mw4aa0_kl-(1)_optimized (1)' height=\"600\" width=\"800\"  itemprop=\"thumbnailUrl\" srcset=\"https:\/\/radiorevelacionfm.cl\/wp-content\/uploads\/2025\/03\/gh6m69mw4aa0_kl-1_optimized-1.jpg 800w, https:\/\/radiorevelacionfm.cl\/wp-content\/uploads\/2025\/03\/gh6m69mw4aa0_kl-1_optimized-1-300x225.jpg 300w, https:\/\/radiorevelacionfm.cl\/wp-content\/uploads\/2025\/03\/gh6m69mw4aa0_kl-1_optimized-1-768x576.jpg 768w, https:\/\/radiorevelacionfm.cl\/wp-content\/uploads\/2025\/03\/gh6m69mw4aa0_kl-1_optimized-1-705x529.jpg 705w, https:\/\/radiorevelacionfm.cl\/wp-content\/uploads\/2025\/03\/gh6m69mw4aa0_kl-1_optimized-1-450x338.jpg 450w, https:\/\/radiorevelacionfm.cl\/wp-content\/uploads\/2025\/03\/gh6m69mw4aa0_kl-1_optimized-1-600x450.jpg 600w\" sizes=\"(max-width: 800px) 100vw, 800px\" \/><\/div><\/div><\/div><\/div><div class=\"flex_column av_one_full  flex_column_div av-zero-column-padding first  avia-builder-el-2  el_after_av_one_full  el_before_av_one_full  column-top-margin\" style='border-radius:0px; '><section class=\"av_textblock_section \"  itemscope=\"itemscope\" itemtype=\"https:\/\/schema.org\/BlogPosting\" itemprop=\"blogPost\" ><div class='avia_textblock  '   itemprop=\"text\" ><p style=\"text-align: center;\"><strong><span style=\"font-size: 18pt;\">Carabineros Ays\u00e9n culmin\u00f3 misi\u00f3n en Avanzada Temporal Fronteriza Paso Marconi<\/span><\/strong><\/p>\n<div id=\"gtx-trans\" style=\"position: absolute; left: -50px; top: 4.31534px;\">\n<div class=\"gtx-trans-icon\"><\/div>\n<\/div>\n<\/div><\/section><\/div><div class=\"flex_column av_one_full  flex_column_div av-zero-column-padding first  avia-builder-el-4  el_after_av_one_full  el_before_av_hr  column-top-margin\" style='border-radius:0px; '><section class=\"av_textblock_section \"  itemscope=\"itemscope\" itemtype=\"https:\/\/schema.org\/BlogPosting\" itemprop=\"blogPost\" ><div class='avia_textblock  '   itemprop=\"text\" ><ul>\n<li dir=\"ltr\">\n<p dir=\"ltr\" style=\"text-align: justify;\"><em>Un total de 44 personas fueron controladas en el lugar, de los cuales 12 no contaban con situaci\u00f3n migratoria regular para estar en territorio nacional, siendo denunciados.<\/em><\/p>\n<\/li>\n<li dir=\"ltr\">\n<p dir=\"ltr\"><em>La presencia de Carabineros en el lugar constituye la presencia del Estado en este inh\u00f3spito lugar, lo que implic\u00f3 un importante desaf\u00edo en t\u00e9rminos log\u00edsticos.<\/em><\/p>\n<\/li>\n<\/ul>\n<p dir=\"ltr\" style=\"text-align: justify;\">A trav\u00e9s de cuatro relevos por parte de Carabineros especialista en monta\u00f1a y frontera, la Instituci\u00f3n concluy\u00f3 su presencia en la Avanzada Temporal Fronteriza paso Marconi en Campos de Hielo sur, desarrollando tareas de integraci\u00f3n, soberan\u00eda y control migratorio a quienes ingresan a este remoto territorio ubicado en el extremo sur de la regi\u00f3n de Ays\u00e9n.<\/p>\n<p dir=\"ltr\" style=\"text-align: justify;\">El Prefecto de Carabineros Ays\u00e9n, Coronel Juan Abarca Hern\u00e1ndez, destac\u00f3 el trabajo realizado por el personal, manteniendo la presencia del Estado en los confines de la patagonia chilena.<\/p>\n<p dir=\"ltr\" style=\"text-align: justify;\">\u00abComo Carabineros estamos muy orgullosos de poder representar al Estado de Chile en ese lugar tan inh\u00f3spito donde nuestros carabineros fueron haciendo soberan\u00eda de manera efectiva no solo con la presencia, sino con el control\u00bb, manifest\u00f3.<\/p>\n<p dir=\"ltr\" style=\"text-align: justify;\"><strong>Condiciones clim\u00e1ticas y controles<\/strong><\/p>\n<p dir=\"ltr\" style=\"text-align: justify;\">\u00abLa Avanzada se mantuvo s\u00f3lo durante el periodo estival, dada las adversas condiciones reinantes en el lugar. Se trata de personal con capacitaci\u00f3n en monta\u00f1a y frontera, con experiencia en rescate, en primeros auxilios m\u00e9dicos y fueron ellos quienes representaron a Chile en el lugar. Lamentablemente la avanzada no se puede mantener durante el resto del a\u00f1o, dado que el paso se mantiene cerrado por condiciones clim\u00e1ticas\u00bb, indic\u00f3.<\/p>\n<p dir=\"ltr\" style=\"text-align: justify;\">\u00abEn ese marco -a\u00f1adi\u00f3 el Coronel Abarca- se control\u00f3 a 44 personas que pasaron por el paso Marconi. La mayor parte de ellos extranjeros, en su gran mayor\u00eda europeos. De estas personas, 12 no contaban con situaci\u00f3n migratoria regular, es decir, no contaban con la autorizaci\u00f3n para estar en territorio nacional y por tanto fueron denunciados\u00bb, destac\u00f3 el Oficial Superior.<\/p>\n<p dir=\"ltr\" style=\"text-align: justify;\">Durante este periodo en que las condiciones clim\u00e1ticas permitieron la presencia en el lugar, Carabineros control\u00f3 un total de 44 personas de diversas nacionalidades.<\/p>\n<p dir=\"ltr\" style=\"text-align: justify;\"><strong>Desaf\u00edo log\u00edstico\u00a0<\/strong><\/p>\n<p dir=\"ltr\" style=\"text-align: justify;\">Si bien se trat\u00f3 de personal especialista en monta\u00f1a y frontera, el cumplimiento de funciones en un territorio geogr\u00e1fico con condiciones climatol\u00f3gicas adversas, motiv\u00f3 un reentrenamiento por parte de la Direcci\u00f3n de Fronteras de Carabineros de Chile, para hacer frente a este desaf\u00edo.<\/p>\n<p dir=\"ltr\" style=\"text-align: justify;\">El refugio Eduardo Garc\u00eda Soto de la Corporaci\u00f3n Nacional Forestal cuenta con las condiciones de habitabilidad, no obstante, fue necesario trasladar v\u00edveres, utensilios, un equipo generador e implementos y tecnolog\u00eda para las comunicaciones y mantener el contacto con la instituci\u00f3n y as\u00ed desarrollar la misi\u00f3n encomendada.<\/p>\n<p dir=\"ltr\" style=\"text-align: justify;\">Acceder a la Avanzada Marconi implica hacerlo desde la Tenencia Hern\u00e1n Merino Correa (F), situada en el sector de Candelario Mansilla. \u00abEl ingreso a pie con equipo t\u00e9cnico y especializado tarda cuatro d\u00edas, no obstante, para trasladar la mayor cantidad de personal se utiliz\u00f3 el apoyo del helic\u00f3ptero institucional, lo cual conllev\u00f3 un tremendo desaf\u00edo log\u00edstico\u00bb, explic\u00f3 el Prefecto de Ays\u00e9n.<\/p>\n<p dir=\"ltr\" style=\"text-align: justify;\">El Prefecto de Carabineros Ays\u00e9n agradeci\u00f3 las gestiones efectuadas por la Delegaci\u00f3n Presidencial Regional de Ays\u00e9n y Delegaci\u00f3n Presidencial Provincial de Capit\u00e1n Prat, constituyendo un puente entre las distintas organizaciones y estamentos del Estado que hicieron posible la concreci\u00f3n de esta avanzada.<\/p>\n<\/div><\/section><\/div><div  style='height:50px' class='hr hr-invisible   avia-builder-el-6  el_after_av_one_full  el_before_av_social_share '><span class='hr-inner ' ><span class='hr-inner-style'><\/span><\/span><\/div><\/p>\n<div  class='av-social-sharing-box  avia-builder-el-7  el_after_av_hr  el_before_av_hr  '><div class='av-share-box'><h5 class='av-share-link-description av-no-toc '>Compartir esta noticia<\/h5><ul class='av-share-box-list noLightbox'><li class='av-share-link av-social-link-facebook' ><a target=\"_blank\" aria-label=\"Compartir en Facebook\" href='https:\/\/www.facebook.com\/sharer.php?u=https:\/\/radiorevelacionfm.cl\/?p=51959&#038;t=Carabineros%20Ays%C3%A9n%20culmin%C3%B3%20misi%C3%B3n%20en%20Avanzada%20Temporal%20Fronteriza%20Paso%20Marconi' aria-hidden='false' data-av_icon='\ue8f3' data-av_iconfont='entypo-fontello' title='' data-avia-related-tooltip='Compartir en Facebook' rel=\"noopener\"><span class='avia_hidden_link_text'>Compartir en Facebook<\/span><\/a><\/li><li class='av-share-link av-social-link-twitter' ><a target=\"_blank\" aria-label=\"Compartir en Twitter\" href='https:\/\/twitter.com\/share?text=Carabineros%20Ays%C3%A9n%20culmin%C3%B3%20misi%C3%B3n%20en%20Avanzada%20Temporal%20Fronteriza%20Paso%20Marconi&#038;url=https:\/\/radiorevelacionfm.cl\/?p=51959' aria-hidden='false' data-av_icon='\ue8f1' data-av_iconfont='entypo-fontello' title='' data-avia-related-tooltip='Compartir en Twitter' rel=\"noopener\"><span class='avia_hidden_link_text'>Compartir en Twitter<\/span><\/a><\/li><li class='av-share-link av-social-link-whatsapp' ><a target=\"_blank\" aria-label=\"Compartir en Whatsapp\" href='https:\/\/api.whatsapp.com\/send?text=https:\/\/radiorevelacionfm.cl\/?p=51959' aria-hidden='false' data-av_icon='\uf232' data-av_iconfont='entypo-fontello' title='' data-avia-related-tooltip='Compartir en Whatsapp' rel=\"noopener\"><span class='avia_hidden_link_text'>Compartir en Whatsapp<\/span><\/a><\/li><li class='av-share-link av-social-link-linkedin' ><a target=\"_blank\" aria-label=\"Compartir en LinkedIn\" href='https:\/\/linkedin.com\/shareArticle?mini=true&#038;title=Carabineros%20Ays%C3%A9n%20culmin%C3%B3%20misi%C3%B3n%20en%20Avanzada%20Temporal%20Fronteriza%20Paso%20Marconi&#038;url=https:\/\/radiorevelacionfm.cl\/?p=51959' aria-hidden='false' data-av_icon='\ue8fc' data-av_iconfont='entypo-fontello' title='' data-avia-related-tooltip='Compartir en LinkedIn' rel=\"noopener\"><span class='avia_hidden_link_text'>Compartir en LinkedIn<\/span><\/a><\/li><li class='av-share-link av-social-link-mail' ><a  aria-label=\"Compartir por correo\" href='mailto:?subject=Carabineros%20Ays%C3%A9n%20culmin%C3%B3%20misi%C3%B3n%20en%20Avanzada%20Temporal%20Fronteriza%20Paso%20Marconi&#038;body=https:\/\/radiorevelacionfm.cl\/?p=51959' aria-hidden='false' data-av_icon='\ue805' data-av_iconfont='entypo-fontello' title='' data-avia-related-tooltip='Compartir por correo'><span class='avia_hidden_link_text'>Compartir por correo<\/span><\/a><\/li><\/ul><\/div><\/div>\n<div  style='height:50px' class='hr hr-invisible   avia-builder-el-8  el_after_av_social_share  el_before_av_comments_list '><span class='hr-inner ' ><span class='hr-inner-style'><\/span><\/span><\/div>\n<div  class='av-buildercomment  av-blog-meta-html-info-disabled av-blog-meta-tag-disabled  '><\/div>\n","protected":false},"excerpt":{"rendered":"","protected":false},"author":1,"featured_media":51960,"comment_status":"closed","ping_status":"closed","sticky":false,"template":"","format":"standard","meta":{"footnotes":""},"categories":[36],"tags":[],"class_list":["post-51959","post","type-post","status-publish","format-standard","has-post-thumbnail","hentry","category-policial"],"jetpack_featured_media_url":"https:\/\/radiorevelacionfm.cl\/wp-content\/uploads\/2025\/03\/gh6m69mw4aa0_kl-1_optimized-1.jpg","_links":{"self":[{"href":"https:\/\/radiorevelacionfm.cl\/index.php?rest_route=\/wp\/v2\/posts\/51959","targetHints":{"allow":["GET"]}}],"collection":[{"href":"https:\/\/radiorevelacionfm.cl\/index.php?rest_route=\/wp\/v2\/posts"}],"about":[{"href":"https:\/\/radiorevelacionfm.cl\/index.php?rest_route=\/wp\/v2\/types\/post"}],"author":[{"embeddable":true,"href":"https:\/\/radiorevelacionfm.cl\/index.php?rest_route=\/wp\/v2\/users\/1"}],"replies":[{"embeddable":true,"href":"https:\/\/radiorevelacionfm.cl\/index.php?rest_route=%2Fwp%2Fv2%2Fcomments&post=51959"}],"version-history":[{"count":2,"href":"https:\/\/radiorevelacionfm.cl\/index.php?rest_route=\/wp\/v2\/posts\/51959\/revisions"}],"predecessor-version":[{"id":51963,"href":"https:\/\/radiorevelacionfm.cl\/index.php?rest_route=\/wp\/v2\/posts\/51959\/revisions\/51963"}],"wp:featuredmedia":[{"embeddable":true,"href":"https:\/\/radiorevelacionfm.cl\/index.php?rest_route=\/wp\/v2\/media\/51960"}],"wp:attachment":[{"href":"https:\/\/radiorevelacionfm.cl\/index.php?rest_route=%2Fwp%2Fv2%2Fmedia&parent=51959"}],"wp:term":[{"taxonomy":"category","embeddable":true,"href":"https:\/\/radiorevelacionfm.cl\/index.php?rest_route=%2Fwp%2Fv2%2Fcategories&post=51959"},{"taxonomy":"post_tag","embeddable":true,"href":"https:\/\/radiorevelacionfm.cl\/index.php?rest_route=%2Fwp%2Fv2%2Ftags&post=51959"}],"curies":[{"name":"wp","href":"https:\/\/api.w.org\/{rel}","templated":true}]}}