{"id":51956,"date":"2025-04-01T10:36:48","date_gmt":"2025-04-01T13:36:48","guid":{"rendered":"https:\/\/radiorevelacionfm.cl\/?p=51956"},"modified":"2025-04-01T10:36:48","modified_gmt":"2025-04-01T13:36:48","slug":"region-de-aysen-desocupacion-baja-y-empleo-formal-continua-al-alza","status":"publish","type":"post","link":"https:\/\/radiorevelacionfm.cl\/?p=51956","title":{"rendered":"Regi\u00f3n de Ays\u00e9n: desocupaci\u00f3n baja y empleo formal contin\u00faa al alza"},"content":{"rendered":"<div class=\"flex_column av_one_full  flex_column_div av-zero-column-padding first  avia-builder-el-0  el_before_av_one_full  avia-builder-el-first  \" style='border-radius:0px; '><div  class='avia-image-container  av-styling-    avia-builder-el-1  avia-builder-el-no-sibling  avia-align-center '  itemprop=\"image\" itemscope=\"itemscope\" itemtype=\"https:\/\/schema.org\/ImageObject\"  ><div class='avia-image-container-inner'><div class='avia-image-overlay-wrap'><img decoding=\"async\" class='wp-image-51957 avia-img-lazy-loading-not-51957 avia_image' src=\"https:\/\/radiorevelacionfm.cl\/wp-content\/uploads\/2025\/03\/construccion-2-1_optimized-1.jpg\" alt='' title='construccion-(2)-(1)_optimized (1)' height=\"600\" width=\"900\"  itemprop=\"thumbnailUrl\" srcset=\"https:\/\/radiorevelacionfm.cl\/wp-content\/uploads\/2025\/03\/construccion-2-1_optimized-1.jpg 900w, https:\/\/radiorevelacionfm.cl\/wp-content\/uploads\/2025\/03\/construccion-2-1_optimized-1-300x200.jpg 300w, https:\/\/radiorevelacionfm.cl\/wp-content\/uploads\/2025\/03\/construccion-2-1_optimized-1-768x512.jpg 768w, https:\/\/radiorevelacionfm.cl\/wp-content\/uploads\/2025\/03\/construccion-2-1_optimized-1-705x470.jpg 705w, https:\/\/radiorevelacionfm.cl\/wp-content\/uploads\/2025\/03\/construccion-2-1_optimized-1-450x300.jpg 450w, https:\/\/radiorevelacionfm.cl\/wp-content\/uploads\/2025\/03\/construccion-2-1_optimized-1-600x400.jpg 600w\" sizes=\"(max-width: 900px) 100vw, 900px\" \/><\/div><\/div><\/div><\/div><div class=\"flex_column av_one_full  flex_column_div av-zero-column-padding first  avia-builder-el-2  el_after_av_one_full  el_before_av_one_full  column-top-margin\" style='border-radius:0px; '><section class=\"av_textblock_section \"  itemscope=\"itemscope\" itemtype=\"https:\/\/schema.org\/BlogPosting\" itemprop=\"blogPost\" ><div class='avia_textblock  '   itemprop=\"text\" ><p style=\"text-align: center;\"><strong><span style=\"font-size: 18pt;\">Regi\u00f3n de Ays\u00e9n: desocupaci\u00f3n baja y empleo formal contin\u00faa al alza<\/span><\/strong><\/p>\n<div id=\"gtx-trans\" style=\"position: absolute; left: -50px; top: 4.31534px;\">\n<div class=\"gtx-trans-icon\"><\/div>\n<\/div>\n<\/div><\/section><\/div><div class=\"flex_column av_one_full  flex_column_div av-zero-column-padding first  avia-builder-el-4  el_after_av_one_full  el_before_av_hr  column-top-margin\" style='border-radius:0px; '><section class=\"av_textblock_section \"  itemscope=\"itemscope\" itemtype=\"https:\/\/schema.org\/BlogPosting\" itemprop=\"blogPost\" ><div class='avia_textblock  '   itemprop=\"text\" ><ul>\n<li style=\"text-align: justify;\"><em>La cifra de desocupaci\u00f3n regional fue de 4,5% en el trimestre diciembre-enero-febrero, la m\u00e1s baja junto a Los Lagos a nivel nacional.<\/em><\/li>\n<li style=\"text-align: justify;\"><em>A nivel nacional, el Subsecretario del Trabajo destac\u00f3 que la informalidad tiene una tendencia a la baja, y se encuentra cerca de romper su \u201cpiso hist\u00f3rico\u201d, subrayando la necesidad de continuar empujando pol\u00edticas p\u00fablicas que apunten en esa direcci\u00f3n.<\/em><\/li>\n<\/ul>\n<p style=\"text-align: justify;\">Este viernes fue publicada la \u00faltima Encuesta Nacional de Empleo, ENE, del \u00faltimo trimestre m\u00f3vil -diciembre, enero, febrero-, elaborada por el Instituto Nacional de Estad\u00edsticas de Chile, INE, en la cual se entregan cifras positivas en el desempleo regional y en la formalidad.<\/p>\n<p style=\"text-align: justify;\">En este sentido, la Seremi del Trabajo y Previsi\u00f3n Social, Camila Covarrubias, se refiri\u00f3 a las cifras entregas por el INE, \u201cSeguimos con buenas noticias en la Regi\u00f3n de Ays\u00e9n, mantenemos en disminuci\u00f3n la tasa de desocupaci\u00f3n este trimestre, con un 4,5% y en comparaci\u00f3n al mismo trimestre del a\u00f1o anterior, tuvimos 5,3%. Por tanto, son 0,8 puntos porcentuales de diferencia de disminuci\u00f3n en la tasa de desocupaci\u00f3n. Esto se debe a la mayor ocupaci\u00f3n, tanto de hombres y de mujeres, y principalmente en el trabajo formal asalariado en el sector privado. Sabemos que todav\u00eda hay muchos desaf\u00edos, seguiremos trabajando para potenciar y mejorar la empleabilidad tanto con pol\u00edticas p\u00fablicas, planes y programas como con capacitaciones que permitan optar a mejores oportunidades de empleo\u201d.<\/p>\n<p style=\"text-align: justify;\">Siguiendo en esta l\u00ednea, el seremi de Econom\u00eda, Fomento y Turismo, Felipe Rojas, detall\u00f3, \u201cEstas son dos buenas noticias. Por un lado, la desocupaci\u00f3n cae y, por otro lado, la ocupaci\u00f3n sube dando cuenta de que las empresas est\u00e1n contratando m\u00e1s gente. La perspectiva de que hay una reactivaci\u00f3n econ\u00f3mica que comenz\u00f3 el a\u00f1o pasado y va a permanecer durante este a\u00f1o. Por lo tanto, \u00bfqu\u00e9 es lo que estamos viendo? estamos viendo mayor cantidad de empleo en construcci\u00f3n, en ense\u00f1anza y en agricultura y pesca, que de alguna manera son sectores relevantes para la generaci\u00f3n de empleo, privado y formal en la regi\u00f3n. Cuando se compara la tasa de desocupaci\u00f3n de la regi\u00f3n de Ays\u00e9n con otras regiones, especialmente en la zona austral, habitualmente tenemos las tasas m\u00e1s bajas. En el caso del trimestre actual, la mayor tasa de desocupaci\u00f3n se comparte entre Los Lagos y la regi\u00f3n de Ays\u00e9n\u201d.<\/p>\n<p style=\"text-align: justify;\"><strong><u>Pol\u00edticas p\u00fablicas y empleo a nivel nacional<\/u><\/strong><\/p>\n<p style=\"text-align: justify;\">El Subsecretario del Trabajo, Giorgio Boccardo, en conversaci\u00f3n con la prensa nacional, destac\u00f3 que el mercado laboral sigue dando se\u00f1ales de recuperaci\u00f3n tras el ajuste econ\u00f3mico necesario para controlar la inflaci\u00f3n. Seg\u00fan el INE, la tasa de desempleo del trimestre m\u00f3vil diciembre 2024 a febrero 2025 en Chile alcanz\u00f3 un 8,4%, marcando la decimosegunda disminuci\u00f3n interanual consecutiva, con una ca\u00edda de 0,1 puntos porcentuales en 12 meses.<\/p>\n<p style=\"text-align: justify;\">Frente a este escenario, el subsecretario Boccardo, indic\u00f3 que dicho avance \u201cno s\u00f3lo refleja mejores perspectivas para el mercado laboral, sino tambi\u00e9n un aumento neto de 87 mil personas ocupadas en comparaci\u00f3n con el mismo per\u00edodo del a\u00f1o pasado, destac\u00e1ndose la creaci\u00f3n de 187 mil empleos formales, a la vez que hay 100 mil empleos informales menos\u201d.<\/p>\n<p style=\"text-align: justify;\">As\u00ed mismo, el subsecretario relev\u00f3 que las cifras indican que \u201ccrece la ocupaci\u00f3n formal y decrece la informal. La ocupaci\u00f3n neta aument\u00f3 a un ritmo de 0,9%, que se desglosa en un aumento de empleos formales 2.8% mientras que los informales decrecen un 4%. Consistentemente, la tasa de informalidad laboral se mantiene en 26,1%, 3 p.p. por debajo de los niveles prepandemia, siendo adem\u00e1s la octava reducci\u00f3n comparado con las cifras del 2019. En 12 meses, ha experimentado una ca\u00edda de 1,3 p.p.\u201d.<\/p>\n<p style=\"text-align: justify;\">En cuanto a la tasa de informalidad laboral, la cual se encuentra cerca de romper su \u201cpiso hist\u00f3rico\u201d, la autoridad de Gobierno enfatiz\u00f3 en la necesidad de empujar pol\u00edticas p\u00fablicas que apunten precisamente en esta l\u00ednea, lo cual se traduce en que las personas \u201caccedan a seguridad social, a derechos laborales, se disminuye la competencia a trav\u00e9s de el dumping laboral que muchas veces ocurre cuando una empresa tiene trabajadores informales y eso es competencia desleal\u201d.<\/p>\n<p style=\"text-align: justify;\">A su vez, el subsecretario del Trabajo indic\u00f3 que \u201cdesde el inicio de nuestro Gobierno, se han creado m\u00e1s de 556 (ver gr\u00e1fico siguiente) mil empleos considerando el ajuste estacional, de los cuales 246 mil corresponden a hombres y 310 mil a mujeres. Sin ese ajuste, los empleos creados fueron casi 600 mil empleos empujados por mujeres (54%) y asalariados formales del sector privado (62%).<\/p>\n<p style=\"text-align: justify;\"><strong>Variaci\u00f3n de Ocupados 2022-2025<\/strong><\/p>\n<p style=\"text-align: justify;\">Por este motivo, indic\u00f3 la autoridad de Gobierno, \u201chemos implementado medidas concretas como el aumento hist\u00f3rico del salario m\u00ednimo a $ 510.636 en el mes de enero, junto con subsidios a MiPymes, mejoras al Seguro de Cesant\u00eda y una fiscalizaci\u00f3n m\u00e1s efectiva de la informalidad. Y por supuesto, una reforma al sistema de pensiones que beneficia e incentiva el empleo formal\u201d, para luego subrayar que \u201ca trav\u00e9s del Gabinete Pro-Crecimiento y Empleo, hemos agilizado proyectos de inversi\u00f3n que impulsan el desarrollo regional y el empleo, y el Presupuesto 2025 prioriza obras p\u00fablicas esenciales para seguir fortaleciendo el bienestar y la econom\u00eda del pa\u00eds. Trabajamos cada d\u00eda para que el progreso llegue a todos los rincones de Chile\u201d.<\/p>\n<p style=\"text-align: justify;\">Cabe destacar que el \u00faltimo sondeo arroj\u00f3 que en nuestro pa\u00eds 6,2 millones de personas inactivas, es decir poblaci\u00f3n en edad de trabajar pero que se encuentran fuera de la fuerza de trabajo.<\/p>\n<p style=\"text-align: justify;\">Frente a esta realidad, la autoridad de Gobierno enfatiz\u00f3 la importancia de poner el foco en las razones que expresan las personas que permanecen en dicho grupo, las cuales responden a motivaciones familiares permanentes, siendo fundamentalmente mujeres quienes se encuentran en este grupo (ver recuadro siguiente).<\/p>\n<p style=\"text-align: justify;\"><strong>Fuera de la fuerza de trabajo (razones)<\/strong><\/p>\n<p style=\"text-align: justify;\">\u201cLas cifras indican que la raz\u00f3n de cuidados a familiares permanentes para estar fuera de la fuerza de trabajo pr\u00e1cticamente desaparece el caso de los hombres (3%). Y si uno analiza la presente tabla, un 31,3% de ellas lo establece como su principal raz\u00f3n. Este dato es muy demoledor ya que no solo refleja una situaci\u00f3n de injusticia, sino que tambi\u00e9n grafica el c\u00f3mo est\u00e1n distribuidas las cargas de cuidados y responsabilidades familiares en nuestro pa\u00eds\u201d. As\u00ed, de acuerdo con lo comentado durante la instancia por la autoridad de Gobierno, \u201cestamos perdiendo una proporci\u00f3n importante de potencial laboral y productivo que podr\u00eda estar buscando trabajo como asalariados formales y no lo hacen por estas razones\u201d.<\/p>\n<p style=\"text-align: justify;\">\u201cDe aqu\u00ed la relevancia de impulsar pol\u00edticas como Sala Cuna para Chile y eliminar la normativa que exige la existencia de 20 mujeres por empresa para acceder a este derecho, adem\u00e1s de contemplar que el mismo sea tanto para hombres como para mujeres, lo cual permitir\u00eda redistribuir de mejor manera las responsabilidades de cuidado\u201d, complement\u00f3 el subsecretario.<\/p>\n<p style=\"text-align: justify;\">Finalmente, el subsecretario del Trabajo indic\u00f3 que \u201cnuestro foco el 2025 como Gobierno ser\u00e1 sacar adelante el Proyecto de Ley de Sala Cuna para Chile, para hacer frente a estos problemas estructurales. As\u00ed mismo, ser\u00e1 relevante la reforma de Subsidios Laborales, la cual justamente apunta a fomentar la creaci\u00f3n de puestos de trabajo en los grupos que hoy d\u00eda se encuentran buscando trabajo o fuera de la fuerza de trabajo o en la informalidad y que con dicho redise\u00f1o podr\u00edan obtener un puesto de trabajo formal\u201d.<\/p>\n<\/div><\/section><\/div><div  style='height:50px' class='hr hr-invisible   avia-builder-el-6  el_after_av_one_full  el_before_av_social_share '><span class='hr-inner ' ><span class='hr-inner-style'><\/span><\/span><\/div><\/p>\n<div  class='av-social-sharing-box  avia-builder-el-7  el_after_av_hr  el_before_av_hr  '><div class='av-share-box'><h5 class='av-share-link-description av-no-toc '>Compartir esta noticia<\/h5><ul class='av-share-box-list noLightbox'><li class='av-share-link av-social-link-facebook' ><a target=\"_blank\" aria-label=\"Compartir en Facebook\" href='https:\/\/www.facebook.com\/sharer.php?u=https:\/\/radiorevelacionfm.cl\/?p=51956&#038;t=Regi%C3%B3n%20de%20Ays%C3%A9n%3A%20desocupaci%C3%B3n%20baja%20y%20empleo%20formal%20contin%C3%BAa%20al%20alza' aria-hidden='false' data-av_icon='\ue8f3' data-av_iconfont='entypo-fontello' title='' data-avia-related-tooltip='Compartir en Facebook' rel=\"noopener\"><span class='avia_hidden_link_text'>Compartir en Facebook<\/span><\/a><\/li><li class='av-share-link av-social-link-twitter' ><a target=\"_blank\" aria-label=\"Compartir en Twitter\" href='https:\/\/twitter.com\/share?text=Regi%C3%B3n%20de%20Ays%C3%A9n%3A%20desocupaci%C3%B3n%20baja%20y%20empleo%20formal%20contin%C3%BAa%20al%20alza&#038;url=https:\/\/radiorevelacionfm.cl\/?p=51956' aria-hidden='false' data-av_icon='\ue8f1' data-av_iconfont='entypo-fontello' title='' data-avia-related-tooltip='Compartir en Twitter' rel=\"noopener\"><span class='avia_hidden_link_text'>Compartir en Twitter<\/span><\/a><\/li><li class='av-share-link av-social-link-whatsapp' ><a target=\"_blank\" aria-label=\"Compartir en Whatsapp\" href='https:\/\/api.whatsapp.com\/send?text=https:\/\/radiorevelacionfm.cl\/?p=51956' aria-hidden='false' data-av_icon='\uf232' data-av_iconfont='entypo-fontello' title='' data-avia-related-tooltip='Compartir en Whatsapp' rel=\"noopener\"><span class='avia_hidden_link_text'>Compartir en Whatsapp<\/span><\/a><\/li><li class='av-share-link av-social-link-linkedin' ><a target=\"_blank\" aria-label=\"Compartir en LinkedIn\" href='https:\/\/linkedin.com\/shareArticle?mini=true&#038;title=Regi%C3%B3n%20de%20Ays%C3%A9n%3A%20desocupaci%C3%B3n%20baja%20y%20empleo%20formal%20contin%C3%BAa%20al%20alza&#038;url=https:\/\/radiorevelacionfm.cl\/?p=51956' aria-hidden='false' data-av_icon='\ue8fc' data-av_iconfont='entypo-fontello' title='' data-avia-related-tooltip='Compartir en LinkedIn' rel=\"noopener\"><span class='avia_hidden_link_text'>Compartir en LinkedIn<\/span><\/a><\/li><li class='av-share-link av-social-link-mail' ><a  aria-label=\"Compartir por correo\" href='mailto:?subject=Regi%C3%B3n%20de%20Ays%C3%A9n%3A%20desocupaci%C3%B3n%20baja%20y%20empleo%20formal%20contin%C3%BAa%20al%20alza&#038;body=https:\/\/radiorevelacionfm.cl\/?p=51956' aria-hidden='false' data-av_icon='\ue805' data-av_iconfont='entypo-fontello' title='' data-avia-related-tooltip='Compartir por correo'><span class='avia_hidden_link_text'>Compartir por correo<\/span><\/a><\/li><\/ul><\/div><\/div>\n<div  style='height:50px' class='hr hr-invisible   avia-builder-el-8  el_after_av_social_share  el_before_av_comments_list '><span class='hr-inner ' ><span class='hr-inner-style'><\/span><\/span><\/div>\n<div  class='av-buildercomment  av-blog-meta-html-info-disabled av-blog-meta-tag-disabled  '><\/div>\n","protected":false},"excerpt":{"rendered":"","protected":false},"author":1,"featured_media":51957,"comment_status":"closed","ping_status":"closed","sticky":false,"template":"","format":"standard","meta":{"footnotes":""},"categories":[56],"tags":[],"class_list":["post-51956","post","type-post","status-publish","format-standard","has-post-thumbnail","hentry","category-trabajo"],"jetpack_featured_media_url":"https:\/\/radiorevelacionfm.cl\/wp-content\/uploads\/2025\/03\/construccion-2-1_optimized-1.jpg","_links":{"self":[{"href":"https:\/\/radiorevelacionfm.cl\/index.php?rest_route=\/wp\/v2\/posts\/51956","targetHints":{"allow":["GET"]}}],"collection":[{"href":"https:\/\/radiorevelacionfm.cl\/index.php?rest_route=\/wp\/v2\/posts"}],"about":[{"href":"https:\/\/radiorevelacionfm.cl\/index.php?rest_route=\/wp\/v2\/types\/post"}],"author":[{"embeddable":true,"href":"https:\/\/radiorevelacionfm.cl\/index.php?rest_route=\/wp\/v2\/users\/1"}],"replies":[{"embeddable":true,"href":"https:\/\/radiorevelacionfm.cl\/index.php?rest_route=%2Fwp%2Fv2%2Fcomments&post=51956"}],"version-history":[{"count":2,"href":"https:\/\/radiorevelacionfm.cl\/index.php?rest_route=\/wp\/v2\/posts\/51956\/revisions"}],"predecessor-version":[{"id":52026,"href":"https:\/\/radiorevelacionfm.cl\/index.php?rest_route=\/wp\/v2\/posts\/51956\/revisions\/52026"}],"wp:featuredmedia":[{"embeddable":true,"href":"https:\/\/radiorevelacionfm.cl\/index.php?rest_route=\/wp\/v2\/media\/51957"}],"wp:attachment":[{"href":"https:\/\/radiorevelacionfm.cl\/index.php?rest_route=%2Fwp%2Fv2%2Fmedia&parent=51956"}],"wp:term":[{"taxonomy":"category","embeddable":true,"href":"https:\/\/radiorevelacionfm.cl\/index.php?rest_route=%2Fwp%2Fv2%2Fcategories&post=51956"},{"taxonomy":"post_tag","embeddable":true,"href":"https:\/\/radiorevelacionfm.cl\/index.php?rest_route=%2Fwp%2Fv2%2Ftags&post=51956"}],"curies":[{"name":"wp","href":"https:\/\/api.w.org\/{rel}","templated":true}]}}