{"id":51944,"date":"2025-03-30T21:31:56","date_gmt":"2025-03-31T00:31:56","guid":{"rendered":"https:\/\/radiorevelacionfm.cl\/?p=51944"},"modified":"2025-03-30T21:31:56","modified_gmt":"2025-03-31T00:31:56","slug":"con-carro-movil-de-conectividad-aysen-se-equipa-para-una-mejor-gestion-de-emergencias","status":"publish","type":"post","link":"https:\/\/radiorevelacionfm.cl\/?p=51944","title":{"rendered":"Con Carro M\u00f3vil de conectividad, Ays\u00e9n se equipa para una mejor gesti\u00f3n de emergencias"},"content":{"rendered":"<div class=\"flex_column av_one_full  flex_column_div av-zero-column-padding first  avia-builder-el-0  el_before_av_one_full  avia-builder-el-first  \" style='border-radius:0px; '><div  class='avia-image-container  av-styling-    avia-builder-el-1  avia-builder-el-no-sibling  avia-align-center '  itemprop=\"image\" itemscope=\"itemscope\" itemtype=\"https:\/\/schema.org\/ImageObject\"  ><div class='avia-image-container-inner'><div class='avia-image-overlay-wrap'><img decoding=\"async\" class='wp-image-51947 avia-img-lazy-loading-not-51947 avia_image' src=\"https:\/\/radiorevelacionfm.cl\/wp-content\/uploads\/2025\/03\/486509265_1078041174363455_5039965016756876225_n-1_optimized.jpg\" alt='' title='486509265_1078041174363455_5039965016756876225_n-(1)_optimized' height=\"710\" width=\"805\"  itemprop=\"thumbnailUrl\" srcset=\"https:\/\/radiorevelacionfm.cl\/wp-content\/uploads\/2025\/03\/486509265_1078041174363455_5039965016756876225_n-1_optimized.jpg 805w, https:\/\/radiorevelacionfm.cl\/wp-content\/uploads\/2025\/03\/486509265_1078041174363455_5039965016756876225_n-1_optimized-300x265.jpg 300w, https:\/\/radiorevelacionfm.cl\/wp-content\/uploads\/2025\/03\/486509265_1078041174363455_5039965016756876225_n-1_optimized-768x677.jpg 768w, https:\/\/radiorevelacionfm.cl\/wp-content\/uploads\/2025\/03\/486509265_1078041174363455_5039965016756876225_n-1_optimized-705x622.jpg 705w, https:\/\/radiorevelacionfm.cl\/wp-content\/uploads\/2025\/03\/486509265_1078041174363455_5039965016756876225_n-1_optimized-450x397.jpg 450w, https:\/\/radiorevelacionfm.cl\/wp-content\/uploads\/2025\/03\/486509265_1078041174363455_5039965016756876225_n-1_optimized-600x529.jpg 600w\" sizes=\"(max-width: 805px) 100vw, 805px\" \/><\/div><\/div><\/div><\/div><div class=\"flex_column av_one_full  flex_column_div av-zero-column-padding first  avia-builder-el-2  el_after_av_one_full  el_before_av_one_full  column-top-margin\" style='border-radius:0px; '><section class=\"av_textblock_section \"  itemscope=\"itemscope\" itemtype=\"https:\/\/schema.org\/BlogPosting\" itemprop=\"blogPost\" ><div class='avia_textblock  '   itemprop=\"text\" ><p style=\"text-align: center;\"><strong><span style=\"font-size: 18pt;\">Con Carro M\u00f3vil de conectividad, Ays\u00e9n se equipa para una mejor gesti\u00f3n de emergencias<\/span><\/strong><\/p>\n<div id=\"gtx-trans\" style=\"position: absolute; left: -50px; top: 4.31534px;\">\n<div class=\"gtx-trans-icon\"><\/div>\n<\/div>\n<\/div><\/section><\/div><\/p>\n<div class=\"flex_column av_one_full  flex_column_div av-zero-column-padding first  avia-builder-el-4  el_after_av_one_full  el_before_av_hr  column-top-margin\" style='border-radius:0px; '><section class=\"av_textblock_section \"  itemscope=\"itemscope\" itemtype=\"https:\/\/schema.org\/BlogPosting\" itemprop=\"blogPost\" ><div class='avia_textblock  '   itemprop=\"text\" ><div>\n<p style=\"text-align: justify;\">Ays\u00e9n dio la bienvenida al Carro M\u00f3vil de Emergencias, equipo que estar\u00e1 disponible en todo Chile gracias a las contraprestaciones del concurso 5G de Subtel, adjudicado a Claro VTR. Este equipo cuenta con una antena capaz de prestar servicios de voz, datos y mensajer\u00eda con tecnolog\u00eda 3G y 4G, en una distancia de hasta 1 km. Al tener capacidad para desplazarse, la antena podr\u00e1 activarse cada vez que se vea comprometida la conectividad, en episodios cr\u00edticos como desastres por causas naturales o antr\u00f3picas, previa alerta emitida por Senapred.<\/p>\n<p style=\"text-align: justify;\">Ays\u00e9n por sus condiciones geogr\u00e1ficas, es un territorio desafiante, tanto para el tratamiento de emergencias, como para las telecomunicaciones, por lo que recibir el carro m\u00f3vil es una herramienta tecnol\u00f3gica que mejorar\u00e1 la gesti\u00f3n de emergencias a nivel regional.<\/p>\n<p style=\"text-align: justify;\">Para celebrar la recepci\u00f3n del Carro M\u00f3vil el seremiTT Hans Zimmermann, director de Senapred Sidi Bravo y delegado Regional Jorge D\u00edaz, encabezaron un acto p\u00fablico junto a autoridades regionales y la participaci\u00f3n de las entidades integrantes del Cogrid Regional (Comit\u00e9 de Gesti\u00f3n de Riesgo de Desastres).<\/p>\n<p style=\"text-align: justify;\">En la oportunidad, la autoridad sectorial relev\u00f3 el papel crucial que tendr\u00e1 este equipamiento para el tratamiento de alertas de distinta naturaleza en la regi\u00f3n\u00a0 de Ays\u00e9n. \u201cEl carro permitir\u00e1 que en los puestos de mando, donde se est\u00e9 comandando la emergencia, pueda \u201ciluminarse\u201d y entregarse cobertura de telefon\u00eda celular e internet para las comunicaciones de gesti\u00f3n de la emergencia. Sin duda que es un tremendo aporte que hace el Gobierno para robustecer la capacidad de respuesta del Estado en las instituciones de emergencia y as\u00ed ir generando mayor resiliencia en un contexto que, asociado al cambio clim\u00e1tico, nos pone desaf\u00edos muy importantes, particularmente en la regi\u00f3n de Ays\u00e9n, dada su dispersi\u00f3n geogr\u00e1fica\u201d, explic\u00f3 Zimmermann.<\/p>\n<p style=\"text-align: justify;\">El delegado regional agreg\u00f3 que: \u201choy d\u00eda nos sentimos m\u00e1s seguros porque efectivamente los equipos de emergencia van a poder llegar a cualquier lugar del territorio con este elemento de telecomunicaciones, poder informar a los distintos personeros del mando, pero fundamentalmente a la opini\u00f3n p\u00fablica. Los trabajadores de las comunicaciones sociales, tambi\u00e9n van a poder usar esta herramienta para despachar desde los lugares donde est\u00e1n estos siniestros, por lo tanto es un adelanto que favorece no solamente, como dije hace un rato, a todos los equipos que concurren a la emergencia, sino que tambi\u00e9n a las comunidades aleda\u00f1as y fundamentalmente a la ciudadan\u00eda porque va a estar de vida y oportunamente bien informada\u201d.<\/p>\n<p style=\"text-align: justify;\">Desde Senapred, entidad que ser\u00e1 la articuladora del trabajo realizado por esta antena m\u00f3vil en cada regi\u00f3n, y la encargada de la primera respuesta ante situaciones de emergencia, se valor\u00f3 el aporte de esta tecnolog\u00eda. \u201cAys\u00e9n, tiene una geograf\u00eda muy compleja con sistemas monta\u00f1osos que nos hacen muy dif\u00edciles las comunicaciones en nuestro territorio. Ya lo hemos vivido, hemos tenido emergencias en nuestra regi\u00f3n donde hemos quedado sin estas se\u00f1ales y hemos tenido que estar operando con otros sistemas. Este aporte que se est\u00e1 realizando a trav\u00e9s del Gobierno con la empresa privada Claro VTR, se va a implementar a trav\u00e9s de un protocolo que ya est\u00e1 visado desde el nivel central con todas las instancias, inclusive el \u00e1rea privada. Un apoyo significativo en la toma de decisi\u00f3n, en los puestos de comando, y en la toma de decisi\u00f3n\u201d, concluy\u00f3 el director de Senapred Ays\u00e9n Sidi Bravo.<\/p>\n<\/div>\n<div style=\"text-align: justify;\"><\/div>\n<\/div><\/section><\/div>\n<div  style='height:50px' class='hr hr-invisible   avia-builder-el-6  el_after_av_one_full  el_before_av_social_share '><span class='hr-inner ' ><span class='hr-inner-style'><\/span><\/span><\/div>\n<div  class='av-social-sharing-box  avia-builder-el-7  el_after_av_hr  el_before_av_hr  '><div class='av-share-box'><h5 class='av-share-link-description av-no-toc '>Compartir esta noticia<\/h5><ul class='av-share-box-list noLightbox'><li class='av-share-link av-social-link-facebook' ><a target=\"_blank\" aria-label=\"Compartir en Facebook\" href='https:\/\/www.facebook.com\/sharer.php?u=https:\/\/radiorevelacionfm.cl\/?p=51944&#038;t=Con%20Carro%20M%C3%B3vil%20de%20conectividad%2C%20Ays%C3%A9n%20se%20equipa%20para%20una%20mejor%20gesti%C3%B3n%20de%20emergencias' aria-hidden='false' data-av_icon='\ue8f3' data-av_iconfont='entypo-fontello' title='' data-avia-related-tooltip='Compartir en Facebook' rel=\"noopener\"><span class='avia_hidden_link_text'>Compartir en Facebook<\/span><\/a><\/li><li class='av-share-link av-social-link-twitter' ><a target=\"_blank\" aria-label=\"Compartir en Twitter\" href='https:\/\/twitter.com\/share?text=Con%20Carro%20M%C3%B3vil%20de%20conectividad%2C%20Ays%C3%A9n%20se%20equipa%20para%20una%20mejor%20gesti%C3%B3n%20de%20emergencias&#038;url=https:\/\/radiorevelacionfm.cl\/?p=51944' aria-hidden='false' data-av_icon='\ue8f1' data-av_iconfont='entypo-fontello' title='' data-avia-related-tooltip='Compartir en Twitter' rel=\"noopener\"><span class='avia_hidden_link_text'>Compartir en Twitter<\/span><\/a><\/li><li class='av-share-link av-social-link-whatsapp' ><a target=\"_blank\" aria-label=\"Compartir en Whatsapp\" href='https:\/\/api.whatsapp.com\/send?text=https:\/\/radiorevelacionfm.cl\/?p=51944' aria-hidden='false' data-av_icon='\uf232' data-av_iconfont='entypo-fontello' title='' data-avia-related-tooltip='Compartir en Whatsapp' rel=\"noopener\"><span class='avia_hidden_link_text'>Compartir en Whatsapp<\/span><\/a><\/li><li class='av-share-link av-social-link-linkedin' ><a target=\"_blank\" aria-label=\"Compartir en LinkedIn\" href='https:\/\/linkedin.com\/shareArticle?mini=true&#038;title=Con%20Carro%20M%C3%B3vil%20de%20conectividad%2C%20Ays%C3%A9n%20se%20equipa%20para%20una%20mejor%20gesti%C3%B3n%20de%20emergencias&#038;url=https:\/\/radiorevelacionfm.cl\/?p=51944' aria-hidden='false' data-av_icon='\ue8fc' data-av_iconfont='entypo-fontello' title='' data-avia-related-tooltip='Compartir en LinkedIn' rel=\"noopener\"><span class='avia_hidden_link_text'>Compartir en LinkedIn<\/span><\/a><\/li><li class='av-share-link av-social-link-mail' ><a  aria-label=\"Compartir por correo\" href='mailto:?subject=Con%20Carro%20M%C3%B3vil%20de%20conectividad%2C%20Ays%C3%A9n%20se%20equipa%20para%20una%20mejor%20gesti%C3%B3n%20de%20emergencias&#038;body=https:\/\/radiorevelacionfm.cl\/?p=51944' aria-hidden='false' data-av_icon='\ue805' data-av_iconfont='entypo-fontello' title='' data-avia-related-tooltip='Compartir por correo'><span class='avia_hidden_link_text'>Compartir por correo<\/span><\/a><\/li><\/ul><\/div><\/div>\n<div  style='height:50px' class='hr hr-invisible   avia-builder-el-8  el_after_av_social_share  el_before_av_comments_list '><span class='hr-inner ' ><span class='hr-inner-style'><\/span><\/span><\/div>\n<div  class='av-buildercomment  av-blog-meta-html-info-disabled av-blog-meta-tag-disabled  '><\/div>\n","protected":false},"excerpt":{"rendered":"","protected":false},"author":1,"featured_media":51947,"comment_status":"closed","ping_status":"closed","sticky":false,"template":"","format":"standard","meta":{"footnotes":""},"categories":[38],"tags":[],"class_list":["post-51944","post","type-post","status-publish","format-standard","has-post-thumbnail","hentry","category-regional"],"jetpack_featured_media_url":"https:\/\/radiorevelacionfm.cl\/wp-content\/uploads\/2025\/03\/486509265_1078041174363455_5039965016756876225_n-1_optimized.jpg","_links":{"self":[{"href":"https:\/\/radiorevelacionfm.cl\/index.php?rest_route=\/wp\/v2\/posts\/51944","targetHints":{"allow":["GET"]}}],"collection":[{"href":"https:\/\/radiorevelacionfm.cl\/index.php?rest_route=\/wp\/v2\/posts"}],"about":[{"href":"https:\/\/radiorevelacionfm.cl\/index.php?rest_route=\/wp\/v2\/types\/post"}],"author":[{"embeddable":true,"href":"https:\/\/radiorevelacionfm.cl\/index.php?rest_route=\/wp\/v2\/users\/1"}],"replies":[{"embeddable":true,"href":"https:\/\/radiorevelacionfm.cl\/index.php?rest_route=%2Fwp%2Fv2%2Fcomments&post=51944"}],"version-history":[{"count":3,"href":"https:\/\/radiorevelacionfm.cl\/index.php?rest_route=\/wp\/v2\/posts\/51944\/revisions"}],"predecessor-version":[{"id":51949,"href":"https:\/\/radiorevelacionfm.cl\/index.php?rest_route=\/wp\/v2\/posts\/51944\/revisions\/51949"}],"wp:featuredmedia":[{"embeddable":true,"href":"https:\/\/radiorevelacionfm.cl\/index.php?rest_route=\/wp\/v2\/media\/51947"}],"wp:attachment":[{"href":"https:\/\/radiorevelacionfm.cl\/index.php?rest_route=%2Fwp%2Fv2%2Fmedia&parent=51944"}],"wp:term":[{"taxonomy":"category","embeddable":true,"href":"https:\/\/radiorevelacionfm.cl\/index.php?rest_route=%2Fwp%2Fv2%2Fcategories&post=51944"},{"taxonomy":"post_tag","embeddable":true,"href":"https:\/\/radiorevelacionfm.cl\/index.php?rest_route=%2Fwp%2Fv2%2Ftags&post=51944"}],"curies":[{"name":"wp","href":"https:\/\/api.w.org\/{rel}","templated":true}]}}