{"id":51941,"date":"2025-03-31T10:13:16","date_gmt":"2025-03-31T13:13:16","guid":{"rendered":"https:\/\/radiorevelacionfm.cl\/?p=51941"},"modified":"2025-03-31T10:13:16","modified_gmt":"2025-03-31T13:13:16","slug":"festival-de-la-cosecha-de-puerto-guadal-recargado-elaboracion-de-prietas-casqueria-recoleccion-de-mosqueta-y-cocina-saludable-para-ninos-as","status":"publish","type":"post","link":"https:\/\/radiorevelacionfm.cl\/?p=51941","title":{"rendered":"Festival de la Cosecha de Puerto Guadal recargado: Elaboraci\u00f3n de prietas, casquer\u00eda, recolecci\u00f3n de mosqueta y cocina saludable para ni\u00f1os\/as"},"content":{"rendered":"<div class=\"flex_column av_one_full  flex_column_div av-zero-column-padding first  avia-builder-el-0  el_before_av_one_full  avia-builder-el-first  \" style='border-radius:0px; '><div  class='avia-image-container  av-styling-    avia-builder-el-1  avia-builder-el-no-sibling  avia-align-center '  itemprop=\"image\" itemscope=\"itemscope\" itemtype=\"https:\/\/schema.org\/ImageObject\"  ><div class='avia-image-container-inner'><div class='avia-image-overlay-wrap'><img decoding=\"async\" class='wp-image-51942 avia-img-lazy-loading-not-51942 avia_image' src=\"https:\/\/radiorevelacionfm.cl\/wp-content\/uploads\/2025\/03\/batch_img_8629-1-1_optimized-1.jpg\" alt='' title='batch_img_8629-(1)-(1)_optimized (1)' height=\"730\" width=\"803\"  itemprop=\"thumbnailUrl\" srcset=\"https:\/\/radiorevelacionfm.cl\/wp-content\/uploads\/2025\/03\/batch_img_8629-1-1_optimized-1.jpg 803w, https:\/\/radiorevelacionfm.cl\/wp-content\/uploads\/2025\/03\/batch_img_8629-1-1_optimized-1-300x273.jpg 300w, https:\/\/radiorevelacionfm.cl\/wp-content\/uploads\/2025\/03\/batch_img_8629-1-1_optimized-1-768x698.jpg 768w, https:\/\/radiorevelacionfm.cl\/wp-content\/uploads\/2025\/03\/batch_img_8629-1-1_optimized-1-705x641.jpg 705w, https:\/\/radiorevelacionfm.cl\/wp-content\/uploads\/2025\/03\/batch_img_8629-1-1_optimized-1-450x409.jpg 450w, https:\/\/radiorevelacionfm.cl\/wp-content\/uploads\/2025\/03\/batch_img_8629-1-1_optimized-1-600x545.jpg 600w\" sizes=\"(max-width: 803px) 100vw, 803px\" \/><\/div><\/div><\/div><\/div><div class=\"flex_column av_one_full  flex_column_div av-zero-column-padding first  avia-builder-el-2  el_after_av_one_full  el_before_av_one_full  column-top-margin\" style='border-radius:0px; '><section class=\"av_textblock_section \"  itemscope=\"itemscope\" itemtype=\"https:\/\/schema.org\/BlogPosting\" itemprop=\"blogPost\" ><div class='avia_textblock  '   itemprop=\"text\" ><p style=\"text-align: center;\"><span style=\"font-size: 18pt;\"><b>Festival de la Cosecha de Puerto Guadal recargado: Elaboraci\u00f3n de prietas, casquer\u00eda, recolecci\u00f3n de mosqueta y cocina saludable para ni\u00f1os\/as<\/b><\/span><\/p>\n<div id=\"gtx-trans\" style=\"position: absolute; left: -50px; top: 4.31534px;\">\n<div class=\"gtx-trans-icon\"><\/div>\n<\/div>\n<\/div><\/section><\/div><div class=\"flex_column av_one_full  flex_column_div av-zero-column-padding first  avia-builder-el-4  el_after_av_one_full  el_before_av_hr  column-top-margin\" style='border-radius:0px; '><section class=\"av_textblock_section \"  itemscope=\"itemscope\" itemtype=\"https:\/\/schema.org\/BlogPosting\" itemprop=\"blogPost\" ><div class='avia_textblock  '   itemprop=\"text\" ><p class=\"v1gmail-MsoListParagraph\" style=\"text-align: justify;\"><em>Se desarrollar\u00e1n talleres de elaboraci\u00f3n de prietas, cocina de casquer\u00eda o achuras (interiores), helados artesanales con productos locales, recolecci\u00f3n de mosqueta, incluyendo actividades de cocina especialmente destinadas a los ni\u00f1os, como cocina y charlas sobre alimentaci\u00f3n saludable en invierno.<\/em><\/p>\n<p class=\"v1MsoNormal\" style=\"text-align: justify;\">Talleres de<span class=\"v1gmail-Apple-converted-space\">\u00a0<\/span>elaboraci\u00f3n de prietas,<span class=\"v1gmail-Apple-converted-space\">\u00a0<\/span>cocina de casquer\u00eda o achuras (interiores),<span class=\"v1gmail-Apple-converted-space\">\u00a0<\/span>helados artesanales con productos locales<span class=\"v1gmail-Apple-converted-space\">\u00a0<\/span>y<span class=\"v1gmail-Apple-converted-space\">\u00a0<\/span>recolecci\u00f3n de mosqueta<span class=\"v1gmail-Apple-converted-space\">\u00a0<\/span>forman parte de la<span class=\"v1gmail-Apple-converted-space\">\u00a0<\/span>sexta versi\u00f3n del Festival de la Cosecha 2025<span class=\"v1gmail-Apple-converted-space\">\u00a0<\/span>que anualmente la AG de Turismo de Puerto Guadal.\u00a0<span class=\"v1gmail-Apple-converted-space\">\u00a0<\/span>En esta ocasi\u00f3n se incorporar\u00e1n<span class=\"v1gmail-Apple-converted-space\">\u00a0<\/span>actividades especialmente destinadas a los ni\u00f1os, como cocina y charlas sobre cuidado y alimentaci\u00f3n saludable en invierno.<\/p>\n<p class=\"v1MsoNormal\" style=\"text-align: justify;\">Las jornadas se desarrollar\u00e1n el fin de semana largo que incluye los d\u00edas<span class=\"v1gmail-Apple-converted-space\">\u00a0<\/span>viernes 18 y s\u00e1bado 19 de abril.<\/p>\n<p class=\"v1MsoNormal\" style=\"text-align: justify;\">Desde el a\u00f1o 2018 en Puerto Guadal se viene desarrollando esta actividad, que se enfoca tanto en pr\u00e1cticas tradicionales como innovadoras en el uso de productos locales.\u00a0<span class=\"v1gmail-Apple-converted-space\">\u00a0<\/span>Esto, como una propuesta que enfatiza el cuidado ambiental del territorio, as\u00ed como el aporte al desarrollo econ\u00f3mico, el rescate patrimonial y el fomento del turismo en temporada baja.\u00a0<span class=\"v1gmail-Apple-converted-space\">\u00a0<\/span>As\u00ed, se han realizado talleres de<span class=\"v1gmail-Apple-converted-space\">\u00a0<\/span>pasteler\u00eda con frutos del sector,<span class=\"v1gmail-Apple-converted-space\">\u00a0<\/span>chocolater\u00eda,<span class=\"v1gmail-Apple-converted-space\">\u00a0<\/span>empanadas de manzana,<span class=\"v1gmail-Apple-converted-space\">\u00a0<\/span>charcuter\u00eda,<span class=\"v1gmail-Apple-converted-space\">\u00a0<\/span>fermentados,<span class=\"v1gmail-Apple-converted-space\">\u00a0<\/span>jugo de sauco,<span class=\"v1gmail-Apple-converted-space\">\u00a0<\/span>te\u00f1idos,<span class=\"v1gmail-Apple-converted-space\">\u00a0<\/span>jam\u00f3n de cordero,<span class=\"v1gmail-Apple-converted-space\">\u00a0<\/span>vienesas,<span class=\"v1gmail-Apple-converted-space\">\u00a0<\/span>queso de cabeza, en el fondo, cocina con productos locales en general.<\/p>\n<p class=\"v1MsoNormal\" style=\"text-align: justify;\">Explic\u00f3 la presidenta de la<span class=\"v1gmail-Apple-converted-space\">\u00a0<\/span>AG de Turismo, Ang\u00e9lica Anti\u00f1anco Levicoy, que en esta ocasi\u00f3n se han enfocado hacia \u00ablo interesante de este a\u00f1o es que se suman dos profesionales, una chef y una pediatra que nos estar\u00e1n hablando acerca de la alimentaci\u00f3n para el cuidado de los ni\u00f1os en la \u00e9poca invernal.\u00a0<span class=\"v1gmail-Apple-converted-space\">\u00a0<\/span>Si bien el a\u00f1o pasado tambi\u00e9n tuvimos una actividad con ni\u00f1os con elaboraci\u00f3n de empanadas de manzana.\u00a0<span class=\"v1gmail-Apple-converted-space\">\u00a0<\/span>Pero este a\u00f1o se ampl\u00eda un poco m\u00e1s\u00bb.\u00a0<span class=\"v1gmail-Apple-converted-space\">\u00a0<\/span>As\u00ed es que \u00abquedan todos invitados, las mamitas que traigan a sus ni\u00f1os o que puedan estar. Esta actividad va a ser el d\u00eda s\u00e1bado a las 14 horas. Vamos a comenzar con esta actividad enfocada en los ni\u00f1os, en su alimentaci\u00f3n y el cuidado para ellos\u00bb.<\/p>\n<p class=\"v1MsoNormal\" style=\"text-align: justify;\"><strong>El programa<\/strong><\/p>\n<p class=\"v1MsoNormal\" style=\"text-align: justify;\">El<span class=\"v1gmail-Apple-converted-space\">\u00a0<\/span>viernes<span class=\"v1gmail-Apple-converted-space\">\u00a0<\/span>la programaci\u00f3n contempla una jornada matinal de recolecci\u00f3n de mosqueta en los sectores aleda\u00f1os, aprovechando que en la cuenca esta especie emerge con fuerza durante el oto\u00f1o.\u00a0<span class=\"v1gmail-Apple-converted-space\">\u00a0<\/span>En el \u00e1mbito de la formaci\u00f3n para un mayor aprovechamiento de los productos, el vecino<span class=\"v1gmail-Apple-converted-space\">\u00a0<\/span>Edgardo Pinilla Henr\u00edquez, de El Ca\u00f1al, desarrollar\u00e1 un<span class=\"v1gmail-Apple-converted-space\">\u00a0<\/span>taller de prietas, mientras que el<span class=\"v1gmail-Apple-converted-space\">\u00a0<\/span>chef e investigador culinario Christian Balboa Corval\u00e1n<span class=\"v1gmail-Apple-converted-space\">\u00a0<\/span>explicar\u00e1 la<span class=\"v1gmail-Apple-converted-space\">\u00a0<\/span>casquer\u00eda o achuras, que son los preparados con las v\u00edsceras de los animales.<\/p>\n<p class=\"v1MsoNormal\" style=\"text-align: justify;\">El<span class=\"v1gmail-Apple-converted-space\">\u00a0<\/span>s\u00e1bado<span class=\"v1gmail-Apple-converted-space\">\u00a0<\/span>partir\u00e1 con la socias de la AG de Turismo<span class=\"v1gmail-Apple-converted-space\">\u00a0<\/span>Rosa Vera Huenul, Ang\u00e9lica Anti\u00f1anco Levicoy, Miriam Chible Contreras y Carolina Rojas Rom\u00e1n<span class=\"v1gmail-Apple-converted-space\">\u00a0<\/span>cocinando en vivo el men\u00fa \u00abDel Maqui a la Escondida\u00bb,<span class=\"v1gmail-Apple-converted-space\">\u00a0<\/span>que fue resultado del piloto sobre cocina huella cero que desarroll\u00f3 la Corporaci\u00f3n Chelenko durante 2024 por mandato de SERNATUR Ays\u00e9n y CORFO, en el marco del proyecto de bien p\u00fablico \u00abTurismo Cero Impacto: Valor agregado y adaptaci\u00f3n clim\u00e1tica con cocina local y gesti\u00f3n de residuos\u00bb. En \u00e9ste\u00a0<span class=\"v1gmail-Apple-converted-space\">\u00a0<\/span>participaron una treintena de emprendedore\/as del territorio de las \u00e1reas de gastronom\u00eda, hospedaje, artesan\u00eda, horticultura y producci\u00f3n local.<\/p>\n<p class=\"v1MsoNormal\" style=\"text-align: justify;\">Los ni\u00f1os y ni\u00f1as tambi\u00e9n tendr\u00e1n su espacio.\u00a0<span class=\"v1gmail-Apple-converted-space\">\u00a0<\/span>La<span class=\"v1gmail-Apple-converted-space\">\u00a0<\/span>chef Johanna Astudillo<span class=\"v1gmail-Apple-converted-space\">\u00a0<\/span>Cornejo<span class=\"v1gmail-Apple-converted-space\">\u00a0<\/span>realizar\u00e1 durante la tarde un<span class=\"v1gmail-Apple-converted-space\">\u00a0<\/span>taller de hongos y manzanas especialmente dirigido a ellos, mientras que la pediatra Ana Becerra dirigir\u00e1 un conversatorio sobre t\u00e9cnicas de alimentaci\u00f3n saludable y cuidados para ni\u00f1os durante el invierno.\u00a0<span class=\"v1gmail-Apple-converted-space\">\u00a0<\/span>La cultura tendr\u00e1 un espacio con el relato \u00abFlorecer la mente y el coraz\u00f3n: La magia de la recolecci\u00f3n a lo largo de la historia\u00bb, donde Josefina Ruiz Catal\u00e1n de Puerto Guadal realizar\u00e1 un recorrido por estas ancestrales pr\u00e1cticas.<\/p>\n<p class=\"v1MsoNormal\" style=\"text-align: justify;\">Tras la actividades se proceder\u00e1 a conocer t\u00e9cnicas para la fabricaci\u00f3n de helados artesanales por parte de Carolina Rojas.<\/p>\n<p class=\"v1MsoNormal\" style=\"text-align: justify;\">En paralelo, ese s\u00e1bado, a partir de las 9 de la ma\u00f1ana, se realizar\u00e1 la<span class=\"v1gmail-Apple-converted-space\">\u00a0<\/span>feria para productores locales.<\/p>\n<p class=\"v1MsoNormal\" style=\"text-align: justify;\">Desde la organizaci\u00f3n se comunic\u00f3\u00a0<span class=\"v1gmail-Apple-converted-space\">\u00a0<\/span>que dentro de los pr\u00f3ximos d\u00edas se informar\u00e1n a trav\u00e9s de las p\u00e1ginas de<span class=\"v1gmail-Apple-converted-space\">\u00a0<\/span><a href=\"https:\/\/www.facebook.com\/AGTURISMOPUERTOGUADAL\" target=\"_blank\" rel=\"noopener noreferrer\">Facebook<\/a><span class=\"v1gmail-Apple-converted-space\">\u00a0<\/span>e<span class=\"v1gmail-Apple-converted-space\">\u00a0<\/span><a href=\"https:\/\/www.instagram.com\/agturismoguadal\/\" target=\"_blank\" rel=\"noopener noreferrer\">Instagram<\/a><span class=\"v1gmail-Apple-converted-space\">\u00a0<\/span>de la AG de Turismo de Puerto Guadal los horarios espec\u00edficos de los talleres, adem\u00e1s de los mecanismos de inscripci\u00f3n.<span class=\"v1gmail-Apple-converted-space\">\u00a0<\/span><\/p>\n<p class=\"v1MsoNormal\" style=\"text-align: justify;\">La<span class=\"v1gmail-Apple-converted-space\">\u00a0<\/span>presidenta de la<span class=\"v1gmail-Apple-converted-space\">\u00a0<\/span>Corporaci\u00f3n Chelenko, Miriam Chible Contreras,<span class=\"v1gmail-Apple-converted-space\">\u00a0<\/span>explic\u00f3 que \u00abpara nosotros es necesario mirar m\u00e1s all\u00e1 del verano. Mirar las estaciones del a\u00f1o en su conjunto, porque nos permite diversificar tambi\u00e9n la propuesta, desestacionalizar y tal vez mantener la atenci\u00f3n de turistas o personas de la misma regi\u00f3n, pero relacion\u00e1ndolo con las estaciones del a\u00f1o\u00bb.<span class=\"v1gmail-Apple-converted-space\">\u00a0<\/span><\/p>\n<p class=\"v1MsoNormal\" style=\"text-align: justify;\">En este sentido destac\u00f3 que \u00aben<span class=\"v1gmail-Apple-converted-space\">\u00a0<\/span>oto\u00f1o<span class=\"v1gmail-Apple-converted-space\">\u00a0<\/span>podemos disfrutar la paleta de colores que nos asombra y en el<span class=\"v1gmail-Apple-converted-space\">\u00a0<\/span>invierno,<span class=\"v1gmail-Apple-converted-space\">\u00a0<\/span>con un turismo m\u00e1s lento, m\u00e1s cercano a las comunidades, con el abrigo de las casas con la cocina le\u00f1a y el tiempo m\u00e1s lento, nos permite escuchar las historias, los relatos \u00e9picos que hay en la cuenca sobre la forma de habitar el territorio, no s\u00f3lo de ahora sino de las primeras personas que llegaron a habitar esos lugares\u00bb. Y sobre la<span class=\"v1gmail-Apple-converted-space\">\u00a0<\/span>primavera, \u00abtodo salta a la vista en esta regi\u00f3n.\u00a0<span class=\"v1gmail-Apple-converted-space\">\u00a0<\/span>Nos despierta con sus brotes, sus colores y el verde que todo lo puebla, con los que quedamos asombrados cuando viajamos por la carretera. La verdad es que quedamos asombrados en cada estaci\u00f3n del a\u00f1o\u00bb.<\/p>\n<p class=\"v1MsoNormal\" style=\"text-align: justify;\">Y concluy\u00f3 la dirigenta: \u00abEso es interesante transmitirlo a muchas personas que no han visitado todav\u00eda estos lugares y que, por supuesto, podr\u00edan disfrutar en cada \u00e9poca alguna sensaci\u00f3n distinta\u00bb.<\/p>\n<p class=\"v1MsoNormal\" style=\"text-align: justify;\">Esta nueva versi\u00f3n del Festival de la Cosecha de Puerto Guadal contemplar\u00e1, como todos los a\u00f1os, una feria de emprendimientos locales como cocina y pasteler\u00eda, artesan\u00eda, plantas, flores, muebles con madera reciclada, orfebrer\u00eda, cueros curtidos, cerveza local, entre otros.<span class=\"v1gmail-Apple-converted-space\">\u00a0<\/span><\/p>\n<p class=\"v1MsoNormal\" style=\"text-align: justify;\">La m\u00fasica en vivo estar\u00e1 a cargo de exponentes locales.<\/p>\n<p class=\"v1MsoNormal\" style=\"text-align: justify;\">Apoyan la realizaci\u00f3n de este encuentro el Programa Estrat\u00e9gico Regional de Turismo PER, el Municipio de Chile Chico y de Cochrane, junto a gestiones con otras entidades, adem\u00e1s del aporte de las y los socios de la asociaci\u00f3n gremial, vecino\/as y emprendedore\/as de la localidad.<\/p>\n<\/div><\/section><\/div><div  style='height:50px' class='hr hr-invisible   avia-builder-el-6  el_after_av_one_full  el_before_av_social_share '><span class='hr-inner ' ><span class='hr-inner-style'><\/span><\/span><\/div><\/p>\n<div  class='av-social-sharing-box  avia-builder-el-7  el_after_av_hr  el_before_av_hr  '><div class='av-share-box'><h5 class='av-share-link-description av-no-toc '>Compartir esta noticia<\/h5><ul class='av-share-box-list noLightbox'><li class='av-share-link av-social-link-facebook' ><a target=\"_blank\" aria-label=\"Compartir en Facebook\" href='https:\/\/www.facebook.com\/sharer.php?u=https:\/\/radiorevelacionfm.cl\/?p=51941&#038;t=Festival%20de%20la%20Cosecha%20de%20Puerto%20Guadal%20recargado%3A%20Elaboraci%C3%B3n%20de%20prietas%2C%20casquer%C3%ADa%2C%20recolecci%C3%B3n%20de%20mosqueta%20y%20cocina%20saludable%20para%20ni%C3%B1os%2Fas' aria-hidden='false' data-av_icon='\ue8f3' data-av_iconfont='entypo-fontello' title='' data-avia-related-tooltip='Compartir en Facebook' rel=\"noopener\"><span class='avia_hidden_link_text'>Compartir en Facebook<\/span><\/a><\/li><li class='av-share-link av-social-link-twitter' ><a target=\"_blank\" aria-label=\"Compartir en Twitter\" href='https:\/\/twitter.com\/share?text=Festival%20de%20la%20Cosecha%20de%20Puerto%20Guadal%20recargado%3A%20Elaboraci%C3%B3n%20de%20prietas%2C%20casquer%C3%ADa%2C%20recolecci%C3%B3n%20de%20mosqueta%20y%20cocina%20saludable%20para%20ni%C3%B1os%2Fas&#038;url=https:\/\/radiorevelacionfm.cl\/?p=51941' aria-hidden='false' data-av_icon='\ue8f1' data-av_iconfont='entypo-fontello' title='' data-avia-related-tooltip='Compartir en Twitter' rel=\"noopener\"><span class='avia_hidden_link_text'>Compartir en Twitter<\/span><\/a><\/li><li class='av-share-link av-social-link-whatsapp' ><a target=\"_blank\" aria-label=\"Compartir en Whatsapp\" href='https:\/\/api.whatsapp.com\/send?text=https:\/\/radiorevelacionfm.cl\/?p=51941' aria-hidden='false' data-av_icon='\uf232' data-av_iconfont='entypo-fontello' title='' data-avia-related-tooltip='Compartir en Whatsapp' rel=\"noopener\"><span class='avia_hidden_link_text'>Compartir en Whatsapp<\/span><\/a><\/li><li class='av-share-link av-social-link-linkedin' ><a target=\"_blank\" aria-label=\"Compartir en LinkedIn\" href='https:\/\/linkedin.com\/shareArticle?mini=true&#038;title=Festival%20de%20la%20Cosecha%20de%20Puerto%20Guadal%20recargado%3A%20Elaboraci%C3%B3n%20de%20prietas%2C%20casquer%C3%ADa%2C%20recolecci%C3%B3n%20de%20mosqueta%20y%20cocina%20saludable%20para%20ni%C3%B1os%2Fas&#038;url=https:\/\/radiorevelacionfm.cl\/?p=51941' aria-hidden='false' data-av_icon='\ue8fc' data-av_iconfont='entypo-fontello' title='' data-avia-related-tooltip='Compartir en LinkedIn' rel=\"noopener\"><span class='avia_hidden_link_text'>Compartir en LinkedIn<\/span><\/a><\/li><li class='av-share-link av-social-link-mail' ><a  aria-label=\"Compartir por correo\" href='mailto:?subject=Festival%20de%20la%20Cosecha%20de%20Puerto%20Guadal%20recargado%3A%20Elaboraci%C3%B3n%20de%20prietas%2C%20casquer%C3%ADa%2C%20recolecci%C3%B3n%20de%20mosqueta%20y%20cocina%20saludable%20para%20ni%C3%B1os%2Fas&#038;body=https:\/\/radiorevelacionfm.cl\/?p=51941' aria-hidden='false' data-av_icon='\ue805' data-av_iconfont='entypo-fontello' title='' data-avia-related-tooltip='Compartir por correo'><span class='avia_hidden_link_text'>Compartir por correo<\/span><\/a><\/li><\/ul><\/div><\/div>\n<div  style='height:50px' class='hr hr-invisible   avia-builder-el-8  el_after_av_social_share  el_before_av_comments_list '><span class='hr-inner ' ><span class='hr-inner-style'><\/span><\/span><\/div>\n<div  class='av-buildercomment  av-blog-meta-html-info-disabled av-blog-meta-tag-disabled  '><\/div>\n","protected":false},"excerpt":{"rendered":"","protected":false},"author":1,"featured_media":51942,"comment_status":"closed","ping_status":"closed","sticky":false,"template":"","format":"standard","meta":{"footnotes":""},"categories":[38],"tags":[],"class_list":["post-51941","post","type-post","status-publish","format-standard","has-post-thumbnail","hentry","category-regional"],"jetpack_featured_media_url":"https:\/\/radiorevelacionfm.cl\/wp-content\/uploads\/2025\/03\/batch_img_8629-1-1_optimized-1.jpg","_links":{"self":[{"href":"https:\/\/radiorevelacionfm.cl\/index.php?rest_route=\/wp\/v2\/posts\/51941","targetHints":{"allow":["GET"]}}],"collection":[{"href":"https:\/\/radiorevelacionfm.cl\/index.php?rest_route=\/wp\/v2\/posts"}],"about":[{"href":"https:\/\/radiorevelacionfm.cl\/index.php?rest_route=\/wp\/v2\/types\/post"}],"author":[{"embeddable":true,"href":"https:\/\/radiorevelacionfm.cl\/index.php?rest_route=\/wp\/v2\/users\/1"}],"replies":[{"embeddable":true,"href":"https:\/\/radiorevelacionfm.cl\/index.php?rest_route=%2Fwp%2Fv2%2Fcomments&post=51941"}],"version-history":[{"count":2,"href":"https:\/\/radiorevelacionfm.cl\/index.php?rest_route=\/wp\/v2\/posts\/51941\/revisions"}],"predecessor-version":[{"id":51964,"href":"https:\/\/radiorevelacionfm.cl\/index.php?rest_route=\/wp\/v2\/posts\/51941\/revisions\/51964"}],"wp:featuredmedia":[{"embeddable":true,"href":"https:\/\/radiorevelacionfm.cl\/index.php?rest_route=\/wp\/v2\/media\/51942"}],"wp:attachment":[{"href":"https:\/\/radiorevelacionfm.cl\/index.php?rest_route=%2Fwp%2Fv2%2Fmedia&parent=51941"}],"wp:term":[{"taxonomy":"category","embeddable":true,"href":"https:\/\/radiorevelacionfm.cl\/index.php?rest_route=%2Fwp%2Fv2%2Fcategories&post=51941"},{"taxonomy":"post_tag","embeddable":true,"href":"https:\/\/radiorevelacionfm.cl\/index.php?rest_route=%2Fwp%2Fv2%2Ftags&post=51941"}],"curies":[{"name":"wp","href":"https:\/\/api.w.org\/{rel}","templated":true}]}}