{"id":5194,"date":"2021-06-12T22:04:38","date_gmt":"2021-06-13T01:04:38","guid":{"rendered":"https:\/\/radiorevelacionfm.cl\/?p=5194"},"modified":"2021-06-12T22:04:38","modified_gmt":"2021-06-13T01:04:38","slug":"con-trabajo-en-terreno-equipo-del-municipio-de-lago-verde-aborda-efectos-del-mal-tiempo","status":"publish","type":"post","link":"https:\/\/radiorevelacionfm.cl\/?p=5194","title":{"rendered":"Con trabajo en terreno equipo del municipio de Lago Verde aborda efectos del mal tiempo"},"content":{"rendered":"<div class=\"flex_column av_one_full  flex_column_div av-zero-column-padding first  avia-builder-el-0  el_before_av_one_full  avia-builder-el-first  \" style='border-radius:0px; '><div  class='avia-image-container  av-styling-    avia-builder-el-1  avia-builder-el-no-sibling  avia-align-center '  itemprop=\"image\" itemscope=\"itemscope\" itemtype=\"https:\/\/schema.org\/ImageObject\"  ><div class='avia-image-container-inner'><div class='avia-image-overlay-wrap'><img decoding=\"async\" class='wp-image-5195 avia-img-lazy-loading-not-5195 avia_image' src=\"https:\/\/radiorevelacionfm.cl\/wp-content\/uploads\/2021\/06\/LAGO-VERDE-2-1.jpeg\" alt='' title='LAGO VERDE 2 (1)' height=\"632\" width=\"718\"  itemprop=\"thumbnailUrl\" srcset=\"https:\/\/radiorevelacionfm.cl\/wp-content\/uploads\/2021\/06\/LAGO-VERDE-2-1.jpeg 718w, https:\/\/radiorevelacionfm.cl\/wp-content\/uploads\/2021\/06\/LAGO-VERDE-2-1-300x264.jpeg 300w, https:\/\/radiorevelacionfm.cl\/wp-content\/uploads\/2021\/06\/LAGO-VERDE-2-1-705x621.jpeg 705w, https:\/\/radiorevelacionfm.cl\/wp-content\/uploads\/2021\/06\/LAGO-VERDE-2-1-600x528.jpeg 600w\" sizes=\"(max-width: 718px) 100vw, 718px\" \/><\/div><\/div><\/div><\/div><div class=\"flex_column av_one_full  flex_column_div av-zero-column-padding first  avia-builder-el-2  el_after_av_one_full  el_before_av_one_full  column-top-margin\" style='border-radius:0px; '><section class=\"av_textblock_section \"  itemscope=\"itemscope\" itemtype=\"https:\/\/schema.org\/BlogPosting\" itemprop=\"blogPost\" ><div class='avia_textblock  '   itemprop=\"text\" ><p style=\"text-align: center;\"><strong><span style=\"font-size: 18pt;\">Con trabajo en terreno equipo del municipio de Lago Verde aborda efectos del mal tiempo<\/span><\/strong><\/p>\n<div id=\"gtx-trans\" style=\"position: absolute; left: -50px; top: 4.31534px;\">\n<div class=\"gtx-trans-icon\"><\/div>\n<\/div>\n<\/div><\/section><\/div><div class=\"flex_column av_one_full  flex_column_div av-zero-column-padding first  avia-builder-el-4  el_after_av_one_full  el_before_av_hr  column-top-margin\" style='border-radius:0px; '><section class=\"av_textblock_section \"  itemscope=\"itemscope\" itemtype=\"https:\/\/schema.org\/BlogPosting\" itemprop=\"blogPost\" ><div class='avia_textblock  '   itemprop=\"text\" ><p style=\"text-align: justify;\">Tal como se anunci\u00f3 durante la semana, desde el d\u00eda jueves gran parte de la regi\u00f3n de Ays\u00e9n est\u00e1 siendo afectada por un frente clim\u00e1tico que trae abundante lluvia y viento, lo que ha complicado a varios sectores con cortes de camino, desprendimiento de tierra y roca, anegamientos y manteniendo al borde del colapso a algunos viaductos.<\/p>\n<p style=\"text-align: justify;\">La Municipalidad de Lago Verde, liderada por su Alcalde Nelson Opazo L\u00f3pez y el equipo operativo del municipio han estado monitoreando algunos puntos que han presentado mayores inconvenientes y esto se ha enfrentado con maquinaria y coordinaci\u00f3n directa con el MOP a nivel regional.<\/p>\n<p style=\"text-align: justify;\">\u201cSe envi\u00f3 el reporte completo a Obras Publicas respecto a la situaci\u00f3n de la comuna en general, se contrat\u00f3 una m\u00e1quina para habilitar transitoriamente el camino en la zona afectada desde la salida Tapera hacia Amengual, maquinaria que est\u00e1 trabajando en este minuto. Todos los que son los efectos generados en la ribera norte del rio Cisnes, en Cisne Medio, tambi\u00e9n la subida de r\u00edos y cauces en el caso de la pasarela Figueroa, adem\u00e1s, los efectos en el camino Lago Verde \u2013 La Junta\u201d, inform\u00f3 Nelson Opazo.<\/p>\n<p style=\"text-align: justify;\">El Alcalde de la comuna de Lago Verde, a\u00f1adi\u00f3 que est\u00e1n abordando e informando al MOP, la condici\u00f3n de otras \u00e1reas que resultaron afectadas debido al frente clim\u00e1tico. \u201cLa situaci\u00f3n de corte e interrupci\u00f3n del camino entre Tapera \u2013 Amengual y la mina Santa Teresa que tambi\u00e9n sufri\u00f3 un efecto importante y que ve imposibilitado su tr\u00e1nsito para las familias que lo requieren en esa zona, est\u00e1 incorporado en el informe que hemos evacuado el d\u00eda de hoy hacia el Ministerio de Obras Publicas\u201d.<\/p>\n<p style=\"text-align: justify;\">Se informa adem\u00e1s, que existi\u00f3 monitoreo en el sector denominado El Maitenal, \u201cque vamos a intervenir en la medida de lo posible, para ir en apoyo en esa zona, lo que tambi\u00e9n se incluy\u00f3 en el reporte dirigido al MOP\u201d, se\u00f1al\u00f3 la autoridad comunal.<\/p>\n<p style=\"text-align: justify;\">El Alcalde Nelson Opazo L\u00f3pez, puso en valor el compromiso del equipo de la Municipalidad de Lago Verde, en colaborar con sus vecinos que se han visto afectados por las intensas lluvias ca\u00eddas en las \u00faltimas horas y agradeci\u00f3 que desde el MOP exista el inter\u00e9s y la preocupaci\u00f3n por abordar mancomunadamente la contingencia clim\u00e1tica y sus efectos.<\/p>\n<\/div><\/section><\/div><div  style='height:50px' class='hr hr-invisible   avia-builder-el-6  el_after_av_one_full  el_before_av_social_share '><span class='hr-inner ' ><span class='hr-inner-style'><\/span><\/span><\/div><\/p>\n<div  class='av-social-sharing-box  avia-builder-el-7  el_after_av_hr  el_before_av_hr  '><div class='av-share-box'><h5 class='av-share-link-description av-no-toc '>Compartir esta noticia<\/h5><ul class='av-share-box-list noLightbox'><li class='av-share-link av-social-link-facebook' ><a target=\"_blank\" aria-label=\"Compartir en Facebook\" href='https:\/\/www.facebook.com\/sharer.php?u=https:\/\/radiorevelacionfm.cl\/?p=5194&#038;t=Con%20trabajo%20en%20terreno%20equipo%20del%20municipio%20de%20Lago%20Verde%20aborda%20efectos%20del%20mal%20tiempo' aria-hidden='false' data-av_icon='\ue8f3' data-av_iconfont='entypo-fontello' title='' data-avia-related-tooltip='Compartir en Facebook' rel=\"noopener\"><span class='avia_hidden_link_text'>Compartir en Facebook<\/span><\/a><\/li><li class='av-share-link av-social-link-twitter' ><a target=\"_blank\" aria-label=\"Compartir en Twitter\" href='https:\/\/twitter.com\/share?text=Con%20trabajo%20en%20terreno%20equipo%20del%20municipio%20de%20Lago%20Verde%20aborda%20efectos%20del%20mal%20tiempo&#038;url=https:\/\/radiorevelacionfm.cl\/?p=5194' aria-hidden='false' data-av_icon='\ue8f1' data-av_iconfont='entypo-fontello' title='' data-avia-related-tooltip='Compartir en Twitter' rel=\"noopener\"><span class='avia_hidden_link_text'>Compartir en Twitter<\/span><\/a><\/li><li class='av-share-link av-social-link-whatsapp' ><a target=\"_blank\" aria-label=\"Compartir en Whatsapp\" href='https:\/\/api.whatsapp.com\/send?text=https:\/\/radiorevelacionfm.cl\/?p=5194' aria-hidden='false' data-av_icon='\uf232' data-av_iconfont='entypo-fontello' title='' data-avia-related-tooltip='Compartir en Whatsapp' rel=\"noopener\"><span class='avia_hidden_link_text'>Compartir en Whatsapp<\/span><\/a><\/li><li class='av-share-link av-social-link-linkedin' ><a target=\"_blank\" aria-label=\"Compartir en LinkedIn\" href='https:\/\/linkedin.com\/shareArticle?mini=true&#038;title=Con%20trabajo%20en%20terreno%20equipo%20del%20municipio%20de%20Lago%20Verde%20aborda%20efectos%20del%20mal%20tiempo&#038;url=https:\/\/radiorevelacionfm.cl\/?p=5194' aria-hidden='false' data-av_icon='\ue8fc' data-av_iconfont='entypo-fontello' title='' data-avia-related-tooltip='Compartir en LinkedIn' rel=\"noopener\"><span class='avia_hidden_link_text'>Compartir en LinkedIn<\/span><\/a><\/li><li class='av-share-link av-social-link-mail' ><a  aria-label=\"Compartir por correo\" href='mailto:?subject=Con%20trabajo%20en%20terreno%20equipo%20del%20municipio%20de%20Lago%20Verde%20aborda%20efectos%20del%20mal%20tiempo&#038;body=https:\/\/radiorevelacionfm.cl\/?p=5194' aria-hidden='false' data-av_icon='\ue805' data-av_iconfont='entypo-fontello' title='' data-avia-related-tooltip='Compartir por correo'><span class='avia_hidden_link_text'>Compartir por correo<\/span><\/a><\/li><\/ul><\/div><\/div>\n<div  style='height:50px' class='hr hr-invisible   avia-builder-el-8  el_after_av_social_share  el_before_av_comments_list '><span class='hr-inner ' ><span class='hr-inner-style'><\/span><\/span><\/div>\n<div  class='av-buildercomment  av-blog-meta-html-info-disabled av-blog-meta-tag-disabled  '><\/div>\n","protected":false},"excerpt":{"rendered":"","protected":false},"author":1,"featured_media":5195,"comment_status":"open","ping_status":"open","sticky":false,"template":"","format":"standard","meta":{"footnotes":""},"categories":[38],"tags":[],"class_list":["post-5194","post","type-post","status-publish","format-standard","has-post-thumbnail","hentry","category-regional"],"jetpack_featured_media_url":"https:\/\/radiorevelacionfm.cl\/wp-content\/uploads\/2021\/06\/LAGO-VERDE-2-1.jpeg","_links":{"self":[{"href":"https:\/\/radiorevelacionfm.cl\/index.php?rest_route=\/wp\/v2\/posts\/5194","targetHints":{"allow":["GET"]}}],"collection":[{"href":"https:\/\/radiorevelacionfm.cl\/index.php?rest_route=\/wp\/v2\/posts"}],"about":[{"href":"https:\/\/radiorevelacionfm.cl\/index.php?rest_route=\/wp\/v2\/types\/post"}],"author":[{"embeddable":true,"href":"https:\/\/radiorevelacionfm.cl\/index.php?rest_route=\/wp\/v2\/users\/1"}],"replies":[{"embeddable":true,"href":"https:\/\/radiorevelacionfm.cl\/index.php?rest_route=%2Fwp%2Fv2%2Fcomments&post=5194"}],"version-history":[{"count":1,"href":"https:\/\/radiorevelacionfm.cl\/index.php?rest_route=\/wp\/v2\/posts\/5194\/revisions"}],"predecessor-version":[{"id":5196,"href":"https:\/\/radiorevelacionfm.cl\/index.php?rest_route=\/wp\/v2\/posts\/5194\/revisions\/5196"}],"wp:featuredmedia":[{"embeddable":true,"href":"https:\/\/radiorevelacionfm.cl\/index.php?rest_route=\/wp\/v2\/media\/5195"}],"wp:attachment":[{"href":"https:\/\/radiorevelacionfm.cl\/index.php?rest_route=%2Fwp%2Fv2%2Fmedia&parent=5194"}],"wp:term":[{"taxonomy":"category","embeddable":true,"href":"https:\/\/radiorevelacionfm.cl\/index.php?rest_route=%2Fwp%2Fv2%2Fcategories&post=5194"},{"taxonomy":"post_tag","embeddable":true,"href":"https:\/\/radiorevelacionfm.cl\/index.php?rest_route=%2Fwp%2Fv2%2Ftags&post=5194"}],"curies":[{"name":"wp","href":"https:\/\/api.w.org\/{rel}","templated":true}]}}