{"id":51938,"date":"2025-03-31T09:36:01","date_gmt":"2025-03-31T12:36:01","guid":{"rendered":"https:\/\/radiorevelacionfm.cl\/?p=51938"},"modified":"2025-03-31T09:36:01","modified_gmt":"2025-03-31T12:36:01","slug":"conocido-sector-de-la-ribera-sur-en-puerto-aysen-tendra-punto-verde-donde-vecinos-podran-reciclar-residuos","status":"publish","type":"post","link":"https:\/\/radiorevelacionfm.cl\/?p=51938","title":{"rendered":"Conocido sector de la Ribera Sur en Puerto Ays\u00e9n tendr\u00e1 punto verde, donde vecinos podr\u00e1n reciclar residuos"},"content":{"rendered":"<div class=\"flex_column av_one_full  flex_column_div av-zero-column-padding first  avia-builder-el-0  el_before_av_one_full  avia-builder-el-first  \" style='border-radius:0px; '><div  class='avia-image-container  av-styling-    avia-builder-el-1  avia-builder-el-no-sibling  avia-align-center '  itemprop=\"image\" itemscope=\"itemscope\" itemtype=\"https:\/\/schema.org\/ImageObject\"  ><div class='avia-image-container-inner'><div class='avia-image-overlay-wrap'><img decoding=\"async\" class='wp-image-51939 avia-img-lazy-loading-not-51939 avia_image' src=\"https:\/\/radiorevelacionfm.cl\/wp-content\/uploads\/2025\/03\/punto-verde-litoral-1-1_optimized-1.jpg\" alt='' title='punto-verde-litoral-(1)-(1)_optimized (1)' height=\"600\" width=\"800\"  itemprop=\"thumbnailUrl\" srcset=\"https:\/\/radiorevelacionfm.cl\/wp-content\/uploads\/2025\/03\/punto-verde-litoral-1-1_optimized-1.jpg 800w, https:\/\/radiorevelacionfm.cl\/wp-content\/uploads\/2025\/03\/punto-verde-litoral-1-1_optimized-1-300x225.jpg 300w, https:\/\/radiorevelacionfm.cl\/wp-content\/uploads\/2025\/03\/punto-verde-litoral-1-1_optimized-1-768x576.jpg 768w, https:\/\/radiorevelacionfm.cl\/wp-content\/uploads\/2025\/03\/punto-verde-litoral-1-1_optimized-1-705x529.jpg 705w, https:\/\/radiorevelacionfm.cl\/wp-content\/uploads\/2025\/03\/punto-verde-litoral-1-1_optimized-1-450x338.jpg 450w, https:\/\/radiorevelacionfm.cl\/wp-content\/uploads\/2025\/03\/punto-verde-litoral-1-1_optimized-1-600x450.jpg 600w\" sizes=\"(max-width: 800px) 100vw, 800px\" \/><\/div><\/div><\/div><\/div><div class=\"flex_column av_one_full  flex_column_div av-zero-column-padding first  avia-builder-el-2  el_after_av_one_full  el_before_av_one_full  column-top-margin\" style='border-radius:0px; '><section class=\"av_textblock_section \"  itemscope=\"itemscope\" itemtype=\"https:\/\/schema.org\/BlogPosting\" itemprop=\"blogPost\" ><div class='avia_textblock  '   itemprop=\"text\" ><p style=\"text-align: center;\"><strong><span style=\"font-size: 18pt;\">Conocido sector de la Ribera Sur en Puerto Ays\u00e9n tendr\u00e1 punto verde, donde vecinos podr\u00e1n reciclar residuos<\/span><\/strong><\/p>\n<div id=\"gtx-trans\" style=\"position: absolute; left: -50px; top: 4.31534px;\">\n<div class=\"gtx-trans-icon\"><\/div>\n<\/div>\n<\/div><\/section><\/div><div class=\"flex_column av_one_full  flex_column_div av-zero-column-padding first  avia-builder-el-4  el_after_av_one_full  el_before_av_hr  column-top-margin\" style='border-radius:0px; '><section class=\"av_textblock_section \"  itemscope=\"itemscope\" itemtype=\"https:\/\/schema.org\/BlogPosting\" itemprop=\"blogPost\" ><div class='avia_textblock  '   itemprop=\"text\" ><p style=\"text-align: justify;\">Litoral Austral, conocido sector de la Ribera Sur en Puerto Ays\u00e9n, tendr\u00e1 punto verde gracias a la colaboraci\u00f3n de Empresas Bahamonde. Vecinos y vecinas podr\u00e1n reciclar los residuos que generan en sus hogares.<\/p>\n<p style=\"text-align: justify;\">Este importante hito se concret\u00f3 el 24 de marzo en la sede de la Junta de Vecinos de Litoral Austral con presencia de la directiva, vecinos y el equipo de la destacada empresa aysenina.<br \/>\nEste punto verde se suma a los que ya se han instalado en la sede de la JJ.VV Pen\u00ednsula, en poblaci\u00f3n La Balsa y Villa Calafate Patag\u00f3n.<\/p>\n<p style=\"text-align: justify;\">Alejandro Bahamonde, gerente general de la empresa, destac\u00f3 que el punto verde fue posible gracias a un trabajo que se realiz\u00f3 con el presidente de la Junta de Vecinos Litoral Austral, Carlos D\u00edaz. \u201cSe nos acerc\u00f3 a la oficina de la empresa. Estaba interesado en trabajar con nosotros, porque estaba viendo el trabajo que est\u00e1bamos haciendo con la comunidad, con los colegios, as\u00ed que muy contento y feliz de esta oportunidad que nos est\u00e1 dando la comunidad para trabajar con ellos\u201d, sostuvo.<\/p>\n<p style=\"text-align: justify;\">Por su parte, Carlos D\u00edaz, presidente de la JJ.VV del conocido sector de la Ribera Sur, expres\u00f3 su alegr\u00eda de contar con este espacio para reciclar. \u201cEsto nos ayuda a hacer m\u00e1s limpia a nuestra comunidad y nuestro entorno, para que no tengamos tanta basura, tanto en las casas o en la misma calle\u201d, afirm\u00f3.<\/p>\n<p style=\"text-align: justify;\">\u201cAs\u00ed que, primero que nada, con la empresa. Cuando Alejandro (Bahamonde) habl\u00f3 conmigo y se le dio a conocer a los vecinos, todos dijimos que s\u00ed. Hoy ya damos inicio al punto limpio de la Litoral Austral\u201d, agreg\u00f3.<\/p>\n<p style=\"text-align: justify;\">\u00bfC\u00f3mo funcionar\u00e1 este punto verde? En la reja que rodea la sede vecinal, habr\u00e1 un espacio delimitado para que la gente pueda dejar sus residuos, como botellas pl\u00e1sticas PET-1, cart\u00f3n, latas de aluminio y botellas o frascos de vidrio.<\/p>\n<p style=\"text-align: justify;\">Tambi\u00e9n se recibir\u00e1n pilas y tapas pl\u00e1sticas, que podr\u00e1n ser colocadas en bidones. En el caso del cart\u00f3n, se abrir\u00e1 la sede vecinal para recepcionar o se pueden dejar en la entrada.<\/p>\n<\/div><\/section><\/div><div  style='height:50px' class='hr hr-invisible   avia-builder-el-6  el_after_av_one_full  el_before_av_social_share '><span class='hr-inner ' ><span class='hr-inner-style'><\/span><\/span><\/div><\/p>\n<div  class='av-social-sharing-box  avia-builder-el-7  el_after_av_hr  el_before_av_hr  '><div class='av-share-box'><h5 class='av-share-link-description av-no-toc '>Compartir esta noticia<\/h5><ul class='av-share-box-list noLightbox'><li class='av-share-link av-social-link-facebook' ><a target=\"_blank\" aria-label=\"Compartir en Facebook\" href='https:\/\/www.facebook.com\/sharer.php?u=https:\/\/radiorevelacionfm.cl\/?p=51938&#038;t=Conocido%20sector%20de%20la%20Ribera%20Sur%20en%20Puerto%20Ays%C3%A9n%20tendr%C3%A1%20punto%20verde%2C%20donde%20vecinos%20podr%C3%A1n%20reciclar%20residuos' aria-hidden='false' data-av_icon='\ue8f3' data-av_iconfont='entypo-fontello' title='' data-avia-related-tooltip='Compartir en Facebook' rel=\"noopener\"><span class='avia_hidden_link_text'>Compartir en Facebook<\/span><\/a><\/li><li class='av-share-link av-social-link-twitter' ><a target=\"_blank\" aria-label=\"Compartir en Twitter\" href='https:\/\/twitter.com\/share?text=Conocido%20sector%20de%20la%20Ribera%20Sur%20en%20Puerto%20Ays%C3%A9n%20tendr%C3%A1%20punto%20verde%2C%20donde%20vecinos%20podr%C3%A1n%20reciclar%20residuos&#038;url=https:\/\/radiorevelacionfm.cl\/?p=51938' aria-hidden='false' data-av_icon='\ue8f1' data-av_iconfont='entypo-fontello' title='' data-avia-related-tooltip='Compartir en Twitter' rel=\"noopener\"><span class='avia_hidden_link_text'>Compartir en Twitter<\/span><\/a><\/li><li class='av-share-link av-social-link-whatsapp' ><a target=\"_blank\" aria-label=\"Compartir en Whatsapp\" href='https:\/\/api.whatsapp.com\/send?text=https:\/\/radiorevelacionfm.cl\/?p=51938' aria-hidden='false' data-av_icon='\uf232' data-av_iconfont='entypo-fontello' title='' data-avia-related-tooltip='Compartir en Whatsapp' rel=\"noopener\"><span class='avia_hidden_link_text'>Compartir en Whatsapp<\/span><\/a><\/li><li class='av-share-link av-social-link-linkedin' ><a target=\"_blank\" aria-label=\"Compartir en LinkedIn\" href='https:\/\/linkedin.com\/shareArticle?mini=true&#038;title=Conocido%20sector%20de%20la%20Ribera%20Sur%20en%20Puerto%20Ays%C3%A9n%20tendr%C3%A1%20punto%20verde%2C%20donde%20vecinos%20podr%C3%A1n%20reciclar%20residuos&#038;url=https:\/\/radiorevelacionfm.cl\/?p=51938' aria-hidden='false' data-av_icon='\ue8fc' data-av_iconfont='entypo-fontello' title='' data-avia-related-tooltip='Compartir en LinkedIn' rel=\"noopener\"><span class='avia_hidden_link_text'>Compartir en LinkedIn<\/span><\/a><\/li><li class='av-share-link av-social-link-mail' ><a  aria-label=\"Compartir por correo\" href='mailto:?subject=Conocido%20sector%20de%20la%20Ribera%20Sur%20en%20Puerto%20Ays%C3%A9n%20tendr%C3%A1%20punto%20verde%2C%20donde%20vecinos%20podr%C3%A1n%20reciclar%20residuos&#038;body=https:\/\/radiorevelacionfm.cl\/?p=51938' aria-hidden='false' data-av_icon='\ue805' data-av_iconfont='entypo-fontello' title='' data-avia-related-tooltip='Compartir por correo'><span class='avia_hidden_link_text'>Compartir por correo<\/span><\/a><\/li><\/ul><\/div><\/div>\n<div  style='height:50px' class='hr hr-invisible   avia-builder-el-8  el_after_av_social_share  el_before_av_comments_list '><span class='hr-inner ' ><span class='hr-inner-style'><\/span><\/span><\/div>\n<div  class='av-buildercomment  av-blog-meta-html-info-disabled av-blog-meta-tag-disabled  '><\/div>\n","protected":false},"excerpt":{"rendered":"","protected":false},"author":1,"featured_media":51939,"comment_status":"closed","ping_status":"closed","sticky":false,"template":"","format":"standard","meta":{"footnotes":""},"categories":[38],"tags":[],"class_list":["post-51938","post","type-post","status-publish","format-standard","has-post-thumbnail","hentry","category-regional"],"jetpack_featured_media_url":"https:\/\/radiorevelacionfm.cl\/wp-content\/uploads\/2025\/03\/punto-verde-litoral-1-1_optimized-1.jpg","_links":{"self":[{"href":"https:\/\/radiorevelacionfm.cl\/index.php?rest_route=\/wp\/v2\/posts\/51938","targetHints":{"allow":["GET"]}}],"collection":[{"href":"https:\/\/radiorevelacionfm.cl\/index.php?rest_route=\/wp\/v2\/posts"}],"about":[{"href":"https:\/\/radiorevelacionfm.cl\/index.php?rest_route=\/wp\/v2\/types\/post"}],"author":[{"embeddable":true,"href":"https:\/\/radiorevelacionfm.cl\/index.php?rest_route=\/wp\/v2\/users\/1"}],"replies":[{"embeddable":true,"href":"https:\/\/radiorevelacionfm.cl\/index.php?rest_route=%2Fwp%2Fv2%2Fcomments&post=51938"}],"version-history":[{"count":2,"href":"https:\/\/radiorevelacionfm.cl\/index.php?rest_route=\/wp\/v2\/posts\/51938\/revisions"}],"predecessor-version":[{"id":51962,"href":"https:\/\/radiorevelacionfm.cl\/index.php?rest_route=\/wp\/v2\/posts\/51938\/revisions\/51962"}],"wp:featuredmedia":[{"embeddable":true,"href":"https:\/\/radiorevelacionfm.cl\/index.php?rest_route=\/wp\/v2\/media\/51939"}],"wp:attachment":[{"href":"https:\/\/radiorevelacionfm.cl\/index.php?rest_route=%2Fwp%2Fv2%2Fmedia&parent=51938"}],"wp:term":[{"taxonomy":"category","embeddable":true,"href":"https:\/\/radiorevelacionfm.cl\/index.php?rest_route=%2Fwp%2Fv2%2Fcategories&post=51938"},{"taxonomy":"post_tag","embeddable":true,"href":"https:\/\/radiorevelacionfm.cl\/index.php?rest_route=%2Fwp%2Fv2%2Ftags&post=51938"}],"curies":[{"name":"wp","href":"https:\/\/api.w.org\/{rel}","templated":true}]}}