{"id":51933,"date":"2025-03-30T20:51:51","date_gmt":"2025-03-30T23:51:51","guid":{"rendered":"https:\/\/radiorevelacionfm.cl\/?p=51933"},"modified":"2025-03-30T20:51:51","modified_gmt":"2025-03-30T23:51:51","slug":"centros-educativos-de-la-region-de-aysen-reciben-bandera-de-certificacion-ambiental","status":"publish","type":"post","link":"https:\/\/radiorevelacionfm.cl\/?p=51933","title":{"rendered":"Centros educativos de la regi\u00f3n de Ays\u00e9n reciben bandera de certificaci\u00f3n ambiental"},"content":{"rendered":"<div class=\"flex_column av_one_full  flex_column_div av-zero-column-padding first  avia-builder-el-0  el_before_av_one_full  avia-builder-el-first  \" style='border-radius:0px; '><div  class='avia-image-container  av-styling-    avia-builder-el-1  avia-builder-el-no-sibling  avia-align-center '  itemprop=\"image\" itemscope=\"itemscope\" itemtype=\"https:\/\/schema.org\/ImageObject\"  ><div class='avia-image-container-inner'><div class='avia-image-overlay-wrap'><img decoding=\"async\" class='wp-image-51934 avia-img-lazy-loading-not-51934 avia_image' src=\"https:\/\/radiorevelacionfm.cl\/wp-content\/uploads\/2025\/03\/2-87-1_optimized-1.jpeg\" alt='' title='2-(87)-(1)_optimized (1)' height=\"600\" width=\"993\"  itemprop=\"thumbnailUrl\" srcset=\"https:\/\/radiorevelacionfm.cl\/wp-content\/uploads\/2025\/03\/2-87-1_optimized-1.jpeg 993w, https:\/\/radiorevelacionfm.cl\/wp-content\/uploads\/2025\/03\/2-87-1_optimized-1-300x181.jpeg 300w, https:\/\/radiorevelacionfm.cl\/wp-content\/uploads\/2025\/03\/2-87-1_optimized-1-768x464.jpeg 768w, https:\/\/radiorevelacionfm.cl\/wp-content\/uploads\/2025\/03\/2-87-1_optimized-1-705x426.jpeg 705w, https:\/\/radiorevelacionfm.cl\/wp-content\/uploads\/2025\/03\/2-87-1_optimized-1-450x272.jpeg 450w, https:\/\/radiorevelacionfm.cl\/wp-content\/uploads\/2025\/03\/2-87-1_optimized-1-600x363.jpeg 600w\" sizes=\"(max-width: 993px) 100vw, 993px\" \/><\/div><\/div><\/div><\/div><div class=\"flex_column av_one_full  flex_column_div av-zero-column-padding first  avia-builder-el-2  el_after_av_one_full  el_before_av_one_full  column-top-margin\" style='border-radius:0px; '><section class=\"av_textblock_section \"  itemscope=\"itemscope\" itemtype=\"https:\/\/schema.org\/BlogPosting\" itemprop=\"blogPost\" ><div class='avia_textblock  '   itemprop=\"text\" ><p style=\"text-align: center;\"><strong><span style=\"font-size: 18pt;\">Centros educativos de la regi\u00f3n de Ays\u00e9n reciben bandera de certificaci\u00f3n ambiental <\/span><\/strong><\/p>\n<div id=\"gtx-trans\" style=\"position: absolute; left: -50px; top: 4.31534px;\">\n<div class=\"gtx-trans-icon\"><\/div>\n<\/div>\n<\/div><\/section><\/div><div class=\"flex_column av_one_full  flex_column_div av-zero-column-padding first  avia-builder-el-4  el_after_av_one_full  el_before_av_hr  column-top-margin\" style='border-radius:0px; '><section class=\"av_textblock_section \"  itemscope=\"itemscope\" itemtype=\"https:\/\/schema.org\/BlogPosting\" itemprop=\"blogPost\" ><div class='avia_textblock  '   itemprop=\"text\" ><p style=\"text-align: justify;\">La Seremi del Medio Ambiente llev\u00f3 a cabo una nueva ceremonia de banderas del Sistema de Certificaci\u00f3n Ambiental SNCAE, convocando a las delegaciones de los centros educativos de la regi\u00f3n de Ays\u00e9n a recibir este s\u00edmbolo que indica el nivel de certificaci\u00f3n alcanzado, delegado en los colores azul (nivel b\u00e1sico), naranjo (nivel medio) y verde (nivel de excelencia).<\/p>\n<p style=\"text-align: justify;\">El SNCAE es un programa integral de educaci\u00f3n ambiental cuyo objetivo es promover en el curr\u00edculum de los centros educativos, l\u00edneas de acci\u00f3n que fortalezcan la responsabilidad ambiental, el cuidado y protecci\u00f3n del medio ambiente, y la generaci\u00f3n de redes asociativas para la gesti\u00f3n ambiental local. El compromiso ambiental del SNCAE es voluntario y ya ha sumado 85 establecimientos educacionales en la regi\u00f3n de Ays\u00e9n, de los cuales el 76% ya ha alcanzado el m\u00e1ximo nivel.<\/p>\n<p style=\"text-align: justify;\">\u201cHoy tenemos un paso importante, un paso de culminaci\u00f3n, para poder entregar formalmente las banderas que acreditan la certificaci\u00f3n que lograron los establecimientos educacionales de la regi\u00f3n de Ays\u00e9n. En este caso, lo que queremos hoy es destacar la importancia de que las comunidades educativas hagan un cambio respecto a la gesti\u00f3n ambiental en los distintos territorios. Estuvimos desde Cochrane hasta La Junta, y eso tambi\u00e9n habla de que hay un compromiso ambiental regional\u201d, declar\u00f3 el Seremi del Medio Ambiente, Yoal D\u00edaz.<\/p>\n<p style=\"text-align: justify;\">En la ceremonia, donde participaron directores, directoras, docentes, educadores y estudiantes y de 6 comitivas; estuvieron presentes tambi\u00e9n los representantes del Comit\u00e9 Regional de Certificaci\u00f3n Ambiental, conformado por CIEP, Integra, Seremi de Educaci\u00f3n, Conaf, PAR\u00a0 Explora y el Servicio Local de Educaci\u00f3n P\u00fablica SLEP.<\/p>\n<p style=\"text-align: justify;\">Durante la entrega de las banderas, los establecimientos educacionales pudieron compartir con las y los asistentes, las experiencias que destacaron durante el proceso de certificaci\u00f3n, \u201crecibimos la certificaci\u00f3n ambiental, y estamos muy contentos con esta certificaci\u00f3n, porque nosotros, como escuela, tenemos un lugar privilegiado en nuestro establecimiento. Tenemos un huerto, que funciona como aula abierta. Tambi\u00e9n tenemos apicultura, tenemos abejas, tenemos un sello educativo, \u201cGuardianes de la Semilla\u201d, donde los mismos estudiantes recolectan semillas y hacen intercambios con personas de la comunidad. As\u00ed que esperamos seguir, obviamente, logrando la excelencia\u201d, declar\u00f3 la educadora de p\u00e1rvulos de la Escuela Rural Valle Simpson, Katherine de la Guarda; a sus palabras se sum\u00f3 la docente de la Escuela Baquedano de Coyhaique, Claudia Catal\u00e1n, \u201cEstamos felices porque fue una etapa que comenzamos desde el nivel inicial hasta lograr la excelencia, avanzando paso a paso, involucrando a toda la comunidad educativa, a todas nuestras familias, nuestros apoderados, nuestros ni\u00f1os, as\u00ed que contentos con esta actividad y de recibir la bandera\u201d.<\/p>\n<p style=\"text-align: justify;\">Por su parte, el Director Ejecutivo de SLEP Ays\u00e9n, Sebasti\u00e1n Gonz\u00e1lez, reflexion\u00f3 respecto al proceso de implementaci\u00f3n de la nueva educaci\u00f3n p\u00fablica para la regi\u00f3n de Ays\u00e9n \u201cevaluamos los 66 proyectos educativos y nos dimos cuenta de que todos los proyectos educativos de nuestra regi\u00f3n tienen el sello ambiental como uno de sus desaf\u00edos. Entonces, nos hemos propuesto que la nueva educaci\u00f3n p\u00fablica tiene que ser una educaci\u00f3n pertinente a su entorno, que eduquemos desde el sentido de la naturaleza. Lo decimos as\u00ed: que la sala de clases no sea un espacio cerrado, sino un espacio abierto. Tenemos un gran desaf\u00edo para dar el sello que queremos construir\u201d.<\/p>\n<p style=\"text-align: justify;\">Para finalizar la ceremonia, se invit\u00f3 a los ni\u00f1os y ni\u00f1as presentes, a plasmar sus ideas y compromisos ambientales en un cuadro que fue pintado e intervenido colectivamente, cerrando as\u00ed la jornada con los desaf\u00edos futuros de la educaci\u00f3n ambiental.<\/p>\n<\/div><\/section><\/div><div  style='height:50px' class='hr hr-invisible   avia-builder-el-6  el_after_av_one_full  el_before_av_social_share '><span class='hr-inner ' ><span class='hr-inner-style'><\/span><\/span><\/div><\/p>\n<div  class='av-social-sharing-box  avia-builder-el-7  el_after_av_hr  el_before_av_hr  '><div class='av-share-box'><h5 class='av-share-link-description av-no-toc '>Compartir esta noticia<\/h5><ul class='av-share-box-list noLightbox'><li class='av-share-link av-social-link-facebook' ><a target=\"_blank\" aria-label=\"Compartir en Facebook\" href='https:\/\/www.facebook.com\/sharer.php?u=https:\/\/radiorevelacionfm.cl\/?p=51933&#038;t=Centros%20educativos%20de%20la%20regi%C3%B3n%20de%20Ays%C3%A9n%20reciben%20bandera%20de%20certificaci%C3%B3n%20ambiental' aria-hidden='false' data-av_icon='\ue8f3' data-av_iconfont='entypo-fontello' title='' data-avia-related-tooltip='Compartir en Facebook' rel=\"noopener\"><span class='avia_hidden_link_text'>Compartir en Facebook<\/span><\/a><\/li><li class='av-share-link av-social-link-twitter' ><a target=\"_blank\" aria-label=\"Compartir en Twitter\" href='https:\/\/twitter.com\/share?text=Centros%20educativos%20de%20la%20regi%C3%B3n%20de%20Ays%C3%A9n%20reciben%20bandera%20de%20certificaci%C3%B3n%20ambiental&#038;url=https:\/\/radiorevelacionfm.cl\/?p=51933' aria-hidden='false' data-av_icon='\ue8f1' data-av_iconfont='entypo-fontello' title='' data-avia-related-tooltip='Compartir en Twitter' rel=\"noopener\"><span class='avia_hidden_link_text'>Compartir en Twitter<\/span><\/a><\/li><li class='av-share-link av-social-link-whatsapp' ><a target=\"_blank\" aria-label=\"Compartir en Whatsapp\" href='https:\/\/api.whatsapp.com\/send?text=https:\/\/radiorevelacionfm.cl\/?p=51933' aria-hidden='false' data-av_icon='\uf232' data-av_iconfont='entypo-fontello' title='' data-avia-related-tooltip='Compartir en Whatsapp' rel=\"noopener\"><span class='avia_hidden_link_text'>Compartir en Whatsapp<\/span><\/a><\/li><li class='av-share-link av-social-link-linkedin' ><a target=\"_blank\" aria-label=\"Compartir en LinkedIn\" href='https:\/\/linkedin.com\/shareArticle?mini=true&#038;title=Centros%20educativos%20de%20la%20regi%C3%B3n%20de%20Ays%C3%A9n%20reciben%20bandera%20de%20certificaci%C3%B3n%20ambiental&#038;url=https:\/\/radiorevelacionfm.cl\/?p=51933' aria-hidden='false' data-av_icon='\ue8fc' data-av_iconfont='entypo-fontello' title='' data-avia-related-tooltip='Compartir en LinkedIn' rel=\"noopener\"><span class='avia_hidden_link_text'>Compartir en LinkedIn<\/span><\/a><\/li><li class='av-share-link av-social-link-mail' ><a  aria-label=\"Compartir por correo\" href='mailto:?subject=Centros%20educativos%20de%20la%20regi%C3%B3n%20de%20Ays%C3%A9n%20reciben%20bandera%20de%20certificaci%C3%B3n%20ambiental&#038;body=https:\/\/radiorevelacionfm.cl\/?p=51933' aria-hidden='false' data-av_icon='\ue805' data-av_iconfont='entypo-fontello' title='' data-avia-related-tooltip='Compartir por correo'><span class='avia_hidden_link_text'>Compartir por correo<\/span><\/a><\/li><\/ul><\/div><\/div>\n<div  style='height:50px' class='hr hr-invisible   avia-builder-el-8  el_after_av_social_share  el_before_av_comments_list '><span class='hr-inner ' ><span class='hr-inner-style'><\/span><\/span><\/div>\n<div  class='av-buildercomment  av-blog-meta-html-info-disabled av-blog-meta-tag-disabled  '><\/div>\n","protected":false},"excerpt":{"rendered":"","protected":false},"author":1,"featured_media":51934,"comment_status":"closed","ping_status":"closed","sticky":false,"template":"","format":"standard","meta":{"footnotes":""},"categories":[39],"tags":[],"class_list":["post-51933","post","type-post","status-publish","format-standard","has-post-thumbnail","hentry","category-medio-ambiente"],"jetpack_featured_media_url":"https:\/\/radiorevelacionfm.cl\/wp-content\/uploads\/2025\/03\/2-87-1_optimized-1.jpeg","_links":{"self":[{"href":"https:\/\/radiorevelacionfm.cl\/index.php?rest_route=\/wp\/v2\/posts\/51933","targetHints":{"allow":["GET"]}}],"collection":[{"href":"https:\/\/radiorevelacionfm.cl\/index.php?rest_route=\/wp\/v2\/posts"}],"about":[{"href":"https:\/\/radiorevelacionfm.cl\/index.php?rest_route=\/wp\/v2\/types\/post"}],"author":[{"embeddable":true,"href":"https:\/\/radiorevelacionfm.cl\/index.php?rest_route=\/wp\/v2\/users\/1"}],"replies":[{"embeddable":true,"href":"https:\/\/radiorevelacionfm.cl\/index.php?rest_route=%2Fwp%2Fv2%2Fcomments&post=51933"}],"version-history":[{"count":2,"href":"https:\/\/radiorevelacionfm.cl\/index.php?rest_route=\/wp\/v2\/posts\/51933\/revisions"}],"predecessor-version":[{"id":51937,"href":"https:\/\/radiorevelacionfm.cl\/index.php?rest_route=\/wp\/v2\/posts\/51933\/revisions\/51937"}],"wp:featuredmedia":[{"embeddable":true,"href":"https:\/\/radiorevelacionfm.cl\/index.php?rest_route=\/wp\/v2\/media\/51934"}],"wp:attachment":[{"href":"https:\/\/radiorevelacionfm.cl\/index.php?rest_route=%2Fwp%2Fv2%2Fmedia&parent=51933"}],"wp:term":[{"taxonomy":"category","embeddable":true,"href":"https:\/\/radiorevelacionfm.cl\/index.php?rest_route=%2Fwp%2Fv2%2Fcategories&post=51933"},{"taxonomy":"post_tag","embeddable":true,"href":"https:\/\/radiorevelacionfm.cl\/index.php?rest_route=%2Fwp%2Fv2%2Ftags&post=51933"}],"curies":[{"name":"wp","href":"https:\/\/api.w.org\/{rel}","templated":true}]}}