{"id":51929,"date":"2025-03-30T20:44:36","date_gmt":"2025-03-30T23:44:36","guid":{"rendered":"https:\/\/radiorevelacionfm.cl\/?p=51929"},"modified":"2025-03-30T20:44:36","modified_gmt":"2025-03-30T23:44:36","slug":"gobernadores-de-la-macrozona-sur-austral-firman-acuerdo-de-compromiso-para-solicitar-al-gobierno-mejor-conectividad-unir-chile-por-chile","status":"publish","type":"post","link":"https:\/\/radiorevelacionfm.cl\/?p=51929","title":{"rendered":"Gobernadores de la Macrozona Sur Austral firman acuerdo de compromiso para solicitar al gobierno mejor conectividad, \u201cUnir Chile por Chile\u201d"},"content":{"rendered":"<div class=\"flex_column av_one_full  flex_column_div av-zero-column-padding first  avia-builder-el-0  el_before_av_one_full  avia-builder-el-first  \" style='border-radius:0px; '><div  class='avia-image-container  av-styling-    avia-builder-el-1  avia-builder-el-no-sibling  avia-align-center '  itemprop=\"image\" itemscope=\"itemscope\" itemtype=\"https:\/\/schema.org\/ImageObject\"  ><div class='avia-image-container-inner'><div class='avia-image-overlay-wrap'><img decoding=\"async\" class='wp-image-51930 avia-img-lazy-loading-not-51930 avia_image' src=\"https:\/\/radiorevelacionfm.cl\/wp-content\/uploads\/2025\/03\/WhatsApp-Image-2025-03-28-at-4.03.04-PM-1-1.jpeg\" alt='' title='WhatsApp Image 2025-03-28 at 4.03.04 PM (1) (1)' height=\"600\" width=\"898\"  itemprop=\"thumbnailUrl\" srcset=\"https:\/\/radiorevelacionfm.cl\/wp-content\/uploads\/2025\/03\/WhatsApp-Image-2025-03-28-at-4.03.04-PM-1-1.jpeg 898w, https:\/\/radiorevelacionfm.cl\/wp-content\/uploads\/2025\/03\/WhatsApp-Image-2025-03-28-at-4.03.04-PM-1-1-300x200.jpeg 300w, https:\/\/radiorevelacionfm.cl\/wp-content\/uploads\/2025\/03\/WhatsApp-Image-2025-03-28-at-4.03.04-PM-1-1-768x513.jpeg 768w, https:\/\/radiorevelacionfm.cl\/wp-content\/uploads\/2025\/03\/WhatsApp-Image-2025-03-28-at-4.03.04-PM-1-1-705x471.jpeg 705w, https:\/\/radiorevelacionfm.cl\/wp-content\/uploads\/2025\/03\/WhatsApp-Image-2025-03-28-at-4.03.04-PM-1-1-450x301.jpeg 450w, https:\/\/radiorevelacionfm.cl\/wp-content\/uploads\/2025\/03\/WhatsApp-Image-2025-03-28-at-4.03.04-PM-1-1-600x401.jpeg 600w\" sizes=\"(max-width: 898px) 100vw, 898px\" \/><\/div><\/div><\/div><\/div><div class=\"flex_column av_one_full  flex_column_div av-zero-column-padding first  avia-builder-el-2  el_after_av_one_full  el_before_av_one_full  column-top-margin\" style='border-radius:0px; '><section class=\"av_textblock_section \"  itemscope=\"itemscope\" itemtype=\"https:\/\/schema.org\/BlogPosting\" itemprop=\"blogPost\" ><div class='avia_textblock  '   itemprop=\"text\" ><p style=\"text-align: center;\"><strong><span style=\"font-size: 18pt;\">Gobernadores de la Macrozona Sur Austral firman acuerdo de compromiso para solicitar al gobierno mejor conectividad, \u201cUnir Chile por Chile\u201d<\/span><\/strong><\/p>\n<div id=\"gtx-trans\" style=\"position: absolute; left: -50px; top: 4.31534px;\">\n<div class=\"gtx-trans-icon\"><\/div>\n<\/div>\n<\/div><\/section><\/div><div class=\"flex_column av_one_full  flex_column_div av-zero-column-padding first  avia-builder-el-4  el_after_av_one_full  el_before_av_hr  column-top-margin\" style='border-radius:0px; '><section class=\"av_textblock_section \"  itemscope=\"itemscope\" itemtype=\"https:\/\/schema.org\/BlogPosting\" itemprop=\"blogPost\" ><div class='avia_textblock  '   itemprop=\"text\" ><p style=\"text-align: justify;\"><em>A los pies del Volc\u00e1n Chaiten, los Gobernadores de las regiones de los Lagos, Ays\u00e9n y Magallanes firmaron acuerdo pidiendo mejorar la conectividad de la macro zona sur de Chile<\/em>.<\/p>\n<p style=\"text-align: justify;\">Un importante hito fue el que realizaron en la localidad de Chait\u00e9n, los Gobernadores Regionales de Los Lagos, Ays\u00e9n y Magallanes, Alejandro Santana; Marcelo Santana y Jorge Flies, respectivamente, donde en una jornada de trabajo analizaron la situaci\u00f3n actual de la conectividad de las tres regiones de la macro zona sur de Chile definiendo las prioridades que tienen que ver con la conectividad territorial y concordando que estas tres regiones adolecen de una conectividad terrestre, mar\u00edtima y lacustre que d\u00e9 solidez al transporte de carga y de personas para desarrollar la macrozona sur de Chile.<\/p>\n<p style=\"text-align: justify;\">Respecto al encuentro, el Gobernador Regional de Ays\u00e9n Marcelo Santana se\u00f1al\u00f3 \u201cEstamos cerrando este hito que ha convocado a 3 regiones del sur austral de Chile, regiones que necesitan integrarse al resto del pa\u00eds por una v\u00eda que permita no solo la conectividad sino tambi\u00e9n el desarrollo de toda una comunidad. Esta es una tierra de oportunidades, el sur de Chile brinda oportunidades para el desarrollo de nuestro pa\u00eds, pero tambi\u00e9n hay que verlo con una mirada estrat\u00e9gica de mediano y largo plazo que es lo que nosotros vamos a instaurar desde los gobiernos regionales que son la principal fuerza democr\u00e1ticamente electa de nuestras tres regiones. Ays\u00e9n es una regi\u00f3n que hist\u00f3ricamente ha estado aislada, es la regi\u00f3n m\u00e1s joven del pa\u00eds por tanto la precariedad en t\u00e9rminos de infraestructura p\u00fablica es grande, se tiene que avanzar mucho en temas de construcci\u00f3n de carreteras, puertos, aeropuertos, de aer\u00f3dromos tambi\u00e9n y para nosotros estar conectados con Los Lagos, y aprovechar toda la fuerza econ\u00f3mica que brinda conectarnos hacia Magallanes es fundamental si queremos desarrollarnos tenemos que desarrollar infraestructura de gran calidad. Se\u00f1al\u00f3.<\/p>\n<p style=\"text-align: justify;\">As\u00ed tambi\u00e9n el Gobernador Regional de los Lagos Alejandro Santana manifest\u00f3 \u201cHace 20 a\u00f1os se hablaba de la conectividad entre Palena con el resto de Chile, hoy estamos hablando de toda la conectividad de la zona sur austral de nuestro pa\u00eds con el resto de Chile, por tanto, es muy importante que el estado y sobre todo despu\u00e9s de conocer el anuncio de la ministra de casi 8 mil millones de d\u00f3lares a disposici\u00f3n para concesiones que el cinco por ciento de esos recursos vaya a resolver el cuarenta y tres por ciento de la conectividad del territorio nacional. Nosotros estamos en un proceso de globalizaci\u00f3n, un proceso de competitividad, un proceso en que llegan muchas m\u00e1s personas a visitar esta zona, y tenemos que ese beneficio tambi\u00e9n rentarlo a las comunidades y a los sectores m\u00e1s aislados. La conectividad genera desarrollo, la conectividad genera emprendimiento, calidad de vida y de ese punto de vista esta iniciativa que tiene muchos a\u00f1os creo que hoy d\u00eda con la voluntad de los tres gobernadores de la zona sur austral de Chile tiene que transformarse en una realidad\u201d, se\u00f1al\u00f3 el Gobernador de los Lagos.<\/p>\n<p style=\"text-align: justify;\">Por su parte el Gobernador de la regi\u00f3n m\u00e1s austral de Chile, Magallanes, Jorge Flies se\u00f1al\u00f3 \u201cEst\u00e1 en el ADN de la zona austral de Chile, de Palena, de Futaleuf\u00fa, Ays\u00e9n y Magallanes, el aislamiento, por eso cuando nos juntamos las tres regiones en un hito fundacional para seguir empujando lo que en su momento ha sido la carretera austral, es un momento especial para todos nosotros. Vamos a seguir con conectividad dual, tanto terrestre como mar\u00edtima, entonces hoy vemos seriamente el ingreso de un proyecto de privados al Ministerio de Obras P\u00fablicas lo cual da mayores alternativas a la construcci\u00f3n habitual que tenemos en la zona austral, nosotros en Magallanes ya tenemos la experiencia de distintas rutas de penetraci\u00f3n con privados y con p\u00fablico y la verdad es que se puede avanzar muchos m\u00e1s r\u00e1pido\u201d finaliz\u00f3 Flies.<\/p>\n<p style=\"text-align: justify;\">Asisti\u00f3 tambi\u00e9n a este hito el Consejero Regional Eligio Montecinos, Presidente de la Comisi\u00f3n de Fomento Productivo, quien se refiri\u00f3 a la firma de este acuerdo mencionando \u201cLa verdad es que ha sido un encuentro muy importante, muy productivo, donde se juntan los 3 gobernadores de la macrozona sur, y hay un hito que va a ser historia. Por primera vez se juntan 3 fuerzas democr\u00e1ticas para impulsar la conectividad y unir Chile por Chile\u201d, se\u00f1al\u00f3 Montecinos.<\/p>\n<p style=\"text-align: justify;\">En el encuentro se realizaron diversas exposiciones buscando analizar la situaci\u00f3n actual de la carretera austral que nace en Puerto Montt y que recorre m\u00e1s de 1240 kil\u00f3metros hasta Villa O\u2019Higgins en la regi\u00f3n de Ays\u00e9n. As\u00ed tambi\u00e9n las condiciones de conectividad con la regi\u00f3n de Magallanes, la que actualmente es por v\u00eda mar\u00edtima desde Puerto Yungay, pasando por Caleta Tortel hasta Puerto Natales.<\/p>\n<\/div><\/section><\/div><div  style='height:50px' class='hr hr-invisible   avia-builder-el-6  el_after_av_one_full  el_before_av_social_share '><span class='hr-inner ' ><span class='hr-inner-style'><\/span><\/span><\/div><\/p>\n<div  class='av-social-sharing-box  avia-builder-el-7  el_after_av_hr  el_before_av_hr  '><div class='av-share-box'><h5 class='av-share-link-description av-no-toc '>Compartir esta noticia<\/h5><ul class='av-share-box-list noLightbox'><li class='av-share-link av-social-link-facebook' ><a target=\"_blank\" aria-label=\"Compartir en Facebook\" href='https:\/\/www.facebook.com\/sharer.php?u=https:\/\/radiorevelacionfm.cl\/?p=51929&#038;t=Gobernadores%20de%20la%20Macrozona%20Sur%20Austral%20firman%20acuerdo%20de%20compromiso%20para%20solicitar%20al%20gobierno%20mejor%20conectividad%2C%20%E2%80%9CUnir%20Chile%20por%20Chile%E2%80%9D' aria-hidden='false' data-av_icon='\ue8f3' data-av_iconfont='entypo-fontello' title='' data-avia-related-tooltip='Compartir en Facebook' rel=\"noopener\"><span class='avia_hidden_link_text'>Compartir en Facebook<\/span><\/a><\/li><li class='av-share-link av-social-link-twitter' ><a target=\"_blank\" aria-label=\"Compartir en Twitter\" href='https:\/\/twitter.com\/share?text=Gobernadores%20de%20la%20Macrozona%20Sur%20Austral%20firman%20acuerdo%20de%20compromiso%20para%20solicitar%20al%20gobierno%20mejor%20conectividad%2C%20%E2%80%9CUnir%20Chile%20por%20Chile%E2%80%9D&#038;url=https:\/\/radiorevelacionfm.cl\/?p=51929' aria-hidden='false' data-av_icon='\ue8f1' data-av_iconfont='entypo-fontello' title='' data-avia-related-tooltip='Compartir en Twitter' rel=\"noopener\"><span class='avia_hidden_link_text'>Compartir en Twitter<\/span><\/a><\/li><li class='av-share-link av-social-link-whatsapp' ><a target=\"_blank\" aria-label=\"Compartir en Whatsapp\" href='https:\/\/api.whatsapp.com\/send?text=https:\/\/radiorevelacionfm.cl\/?p=51929' aria-hidden='false' data-av_icon='\uf232' data-av_iconfont='entypo-fontello' title='' data-avia-related-tooltip='Compartir en Whatsapp' rel=\"noopener\"><span class='avia_hidden_link_text'>Compartir en Whatsapp<\/span><\/a><\/li><li class='av-share-link av-social-link-linkedin' ><a target=\"_blank\" aria-label=\"Compartir en LinkedIn\" href='https:\/\/linkedin.com\/shareArticle?mini=true&#038;title=Gobernadores%20de%20la%20Macrozona%20Sur%20Austral%20firman%20acuerdo%20de%20compromiso%20para%20solicitar%20al%20gobierno%20mejor%20conectividad%2C%20%E2%80%9CUnir%20Chile%20por%20Chile%E2%80%9D&#038;url=https:\/\/radiorevelacionfm.cl\/?p=51929' aria-hidden='false' data-av_icon='\ue8fc' data-av_iconfont='entypo-fontello' title='' data-avia-related-tooltip='Compartir en LinkedIn' rel=\"noopener\"><span class='avia_hidden_link_text'>Compartir en LinkedIn<\/span><\/a><\/li><li class='av-share-link av-social-link-mail' ><a  aria-label=\"Compartir por correo\" href='mailto:?subject=Gobernadores%20de%20la%20Macrozona%20Sur%20Austral%20firman%20acuerdo%20de%20compromiso%20para%20solicitar%20al%20gobierno%20mejor%20conectividad%2C%20%E2%80%9CUnir%20Chile%20por%20Chile%E2%80%9D&#038;body=https:\/\/radiorevelacionfm.cl\/?p=51929' aria-hidden='false' data-av_icon='\ue805' data-av_iconfont='entypo-fontello' title='' data-avia-related-tooltip='Compartir por correo'><span class='avia_hidden_link_text'>Compartir por correo<\/span><\/a><\/li><\/ul><\/div><\/div>\n<div  style='height:50px' class='hr hr-invisible   avia-builder-el-8  el_after_av_social_share  el_before_av_comments_list '><span class='hr-inner ' ><span class='hr-inner-style'><\/span><\/span><\/div>\n<div  class='av-buildercomment  av-blog-meta-html-info-disabled av-blog-meta-tag-disabled  '><\/div>\n","protected":false},"excerpt":{"rendered":"","protected":false},"author":1,"featured_media":51930,"comment_status":"closed","ping_status":"closed","sticky":false,"template":"","format":"standard","meta":{"footnotes":""},"categories":[38],"tags":[],"class_list":["post-51929","post","type-post","status-publish","format-standard","has-post-thumbnail","hentry","category-regional"],"jetpack_featured_media_url":"https:\/\/radiorevelacionfm.cl\/wp-content\/uploads\/2025\/03\/WhatsApp-Image-2025-03-28-at-4.03.04-PM-1-1.jpeg","_links":{"self":[{"href":"https:\/\/radiorevelacionfm.cl\/index.php?rest_route=\/wp\/v2\/posts\/51929","targetHints":{"allow":["GET"]}}],"collection":[{"href":"https:\/\/radiorevelacionfm.cl\/index.php?rest_route=\/wp\/v2\/posts"}],"about":[{"href":"https:\/\/radiorevelacionfm.cl\/index.php?rest_route=\/wp\/v2\/types\/post"}],"author":[{"embeddable":true,"href":"https:\/\/radiorevelacionfm.cl\/index.php?rest_route=\/wp\/v2\/users\/1"}],"replies":[{"embeddable":true,"href":"https:\/\/radiorevelacionfm.cl\/index.php?rest_route=%2Fwp%2Fv2%2Fcomments&post=51929"}],"version-history":[{"count":2,"href":"https:\/\/radiorevelacionfm.cl\/index.php?rest_route=\/wp\/v2\/posts\/51929\/revisions"}],"predecessor-version":[{"id":51932,"href":"https:\/\/radiorevelacionfm.cl\/index.php?rest_route=\/wp\/v2\/posts\/51929\/revisions\/51932"}],"wp:featuredmedia":[{"embeddable":true,"href":"https:\/\/radiorevelacionfm.cl\/index.php?rest_route=\/wp\/v2\/media\/51930"}],"wp:attachment":[{"href":"https:\/\/radiorevelacionfm.cl\/index.php?rest_route=%2Fwp%2Fv2%2Fmedia&parent=51929"}],"wp:term":[{"taxonomy":"category","embeddable":true,"href":"https:\/\/radiorevelacionfm.cl\/index.php?rest_route=%2Fwp%2Fv2%2Fcategories&post=51929"},{"taxonomy":"post_tag","embeddable":true,"href":"https:\/\/radiorevelacionfm.cl\/index.php?rest_route=%2Fwp%2Fv2%2Ftags&post=51929"}],"curies":[{"name":"wp","href":"https:\/\/api.w.org\/{rel}","templated":true}]}}