{"id":51925,"date":"2025-03-30T18:12:45","date_gmt":"2025-03-30T21:12:45","guid":{"rendered":"https:\/\/radiorevelacionfm.cl\/?p=51925"},"modified":"2025-03-30T18:12:45","modified_gmt":"2025-03-30T21:12:45","slug":"carabineros-de-puerto-aysen-detuvo-a-sujeto-por-microtrafico-de-drogas","status":"publish","type":"post","link":"https:\/\/radiorevelacionfm.cl\/?p=51925","title":{"rendered":"Carabineros de Puerto Ays\u00e9n detuvo a sujeto por microtr\u00e1fico de drogas"},"content":{"rendered":"<div class=\"flex_column av_one_full  flex_column_div av-zero-column-padding first  avia-builder-el-0  el_before_av_one_full  avia-builder-el-first  \" style='border-radius:0px; '><div  class='avia-image-container  av-styling-    avia-builder-el-1  avia-builder-el-no-sibling  avia-align-center '  itemprop=\"image\" itemscope=\"itemscope\" itemtype=\"https:\/\/schema.org\/ImageObject\"  ><div class='avia-image-container-inner'><div class='avia-image-overlay-wrap'><img decoding=\"async\" class='wp-image-51926 avia-img-lazy-loading-not-51926 avia_image' src=\"https:\/\/radiorevelacionfm.cl\/wp-content\/uploads\/2025\/03\/carabineros-aysen-6-1_optimized-1.jpg\" alt='' title='carabineros-aysen-(6)-(1)_optimized (1)' height=\"600\" width=\"800\"  itemprop=\"thumbnailUrl\" srcset=\"https:\/\/radiorevelacionfm.cl\/wp-content\/uploads\/2025\/03\/carabineros-aysen-6-1_optimized-1.jpg 800w, https:\/\/radiorevelacionfm.cl\/wp-content\/uploads\/2025\/03\/carabineros-aysen-6-1_optimized-1-300x225.jpg 300w, https:\/\/radiorevelacionfm.cl\/wp-content\/uploads\/2025\/03\/carabineros-aysen-6-1_optimized-1-768x576.jpg 768w, https:\/\/radiorevelacionfm.cl\/wp-content\/uploads\/2025\/03\/carabineros-aysen-6-1_optimized-1-705x529.jpg 705w, https:\/\/radiorevelacionfm.cl\/wp-content\/uploads\/2025\/03\/carabineros-aysen-6-1_optimized-1-450x338.jpg 450w, https:\/\/radiorevelacionfm.cl\/wp-content\/uploads\/2025\/03\/carabineros-aysen-6-1_optimized-1-600x450.jpg 600w\" sizes=\"(max-width: 800px) 100vw, 800px\" \/><\/div><\/div><\/div><\/div><div class=\"flex_column av_one_full  flex_column_div av-zero-column-padding first  avia-builder-el-2  el_after_av_one_full  el_before_av_one_full  column-top-margin\" style='border-radius:0px; '><section class=\"av_textblock_section \"  itemscope=\"itemscope\" itemtype=\"https:\/\/schema.org\/BlogPosting\" itemprop=\"blogPost\" ><div class='avia_textblock  '   itemprop=\"text\" ><p style=\"text-align: center;\"><strong><span style=\"font-size: 18pt;\">Carabineros de Puerto Ays\u00e9n detuvo a sujeto por microtr\u00e1fico de drogas<\/span><\/strong><\/p>\n<div id=\"gtx-trans\" style=\"position: absolute; left: -50px; top: 4.31534px;\">\n<div class=\"gtx-trans-icon\"><\/div>\n<\/div>\n<\/div><\/section><\/div><div class=\"flex_column av_one_full  flex_column_div av-zero-column-padding first  avia-builder-el-4  el_after_av_one_full  el_before_av_hr  column-top-margin\" style='border-radius:0px; '><section class=\"av_textblock_section \"  itemscope=\"itemscope\" itemtype=\"https:\/\/schema.org\/BlogPosting\" itemprop=\"blogPost\" ><div class='avia_textblock  '   itemprop=\"text\" ><p dir=\"ltr\" style=\"text-align: justify;\">Mientras el personal desarrollaba un patrullaje preventivo y al fiscalizar un veh\u00edculo que se desplaza en contra del sentido del tr\u00e1nsito, sus ocupantes descendieron para darse a la fuga, logrando la detenci\u00f3n de uno de ellos, pudiendo encontrar al interior del m\u00f3vil diversos contenedores de marihuana.<\/p>\n<p dir=\"ltr\" style=\"text-align: justify;\">Tras un patrullaje preventivo, Carabineros de dotaci\u00f3n de la 2da Comisar\u00eda de Puerto Ays\u00e9n, logr\u00f3 la detenci\u00f3n de un sujeto por el delito de microtr\u00e1fico de drogas luego que el personal encontr\u00f3 marihuana al interior del m\u00f3vil, desde el cual hab\u00eda huido momentos antes junto a otros dos sujetos.<\/p>\n<p dir=\"ltr\" style=\"text-align: justify;\">Seg\u00fan indic\u00f3 el Comisario de esta ciudad, Mayor Patricio Parada Cerda, el hecho fue detectado por el personal de servicio en la poblaci\u00f3n, quienes mientras desarrollaban un patrullaje preventivo en el sector urbano orientado a brindar m\u00e1s seguridad y protecci\u00f3n a la comunidad, detectaron un veh\u00edculo que transitaba en contra del sentido del tr\u00e1nsito, tras lo cual Carabineros procedi\u00f3 a su fiscalizaci\u00f3n.<\/p>\n<p dir=\"ltr\" style=\"text-align: justify;\">\u00abEs en ese momento que los individuos -tres personas masculinas- descienden del veh\u00edculo y se dan a la fuga del lugar, logrando personal de Carabineros detener a uno de estos sujetos, el cual tras ser identificado, fue trasladado al m\u00f3vil que momentos antes abandonaron en la v\u00eda p\u00fablica, logrando encontrar en su interior distintas bolsas pl\u00e1sticas contenedoras de marihuana, siendo puesto a disposici\u00f3n del Ministerio p\u00fablico por el delito de microtr\u00e1fico de drogas\u00bb, expres\u00f3 el Mayor Parada.<\/p>\n<p dir=\"ltr\" style=\"text-align: justify;\">Los antecedentes del procedimiento fueron informados a la Fiscal\u00eda, en tanto que el sujeto fue derivado a la audiencia de control de detenci\u00f3n por este hecho.<\/p>\n<\/div><\/section><\/div><div  style='height:50px' class='hr hr-invisible   avia-builder-el-6  el_after_av_one_full  el_before_av_social_share '><span class='hr-inner ' ><span class='hr-inner-style'><\/span><\/span><\/div><\/p>\n<div  class='av-social-sharing-box  avia-builder-el-7  el_after_av_hr  el_before_av_hr  '><div class='av-share-box'><h5 class='av-share-link-description av-no-toc '>Compartir esta noticia<\/h5><ul class='av-share-box-list noLightbox'><li class='av-share-link av-social-link-facebook' ><a target=\"_blank\" aria-label=\"Compartir en Facebook\" href='https:\/\/www.facebook.com\/sharer.php?u=https:\/\/radiorevelacionfm.cl\/?p=51925&#038;t=Carabineros%20de%20Puerto%20Ays%C3%A9n%20detuvo%20a%20sujeto%20por%20microtr%C3%A1fico%20de%20drogas' aria-hidden='false' data-av_icon='\ue8f3' data-av_iconfont='entypo-fontello' title='' data-avia-related-tooltip='Compartir en Facebook' rel=\"noopener\"><span class='avia_hidden_link_text'>Compartir en Facebook<\/span><\/a><\/li><li class='av-share-link av-social-link-twitter' ><a target=\"_blank\" aria-label=\"Compartir en Twitter\" href='https:\/\/twitter.com\/share?text=Carabineros%20de%20Puerto%20Ays%C3%A9n%20detuvo%20a%20sujeto%20por%20microtr%C3%A1fico%20de%20drogas&#038;url=https:\/\/radiorevelacionfm.cl\/?p=51925' aria-hidden='false' data-av_icon='\ue8f1' data-av_iconfont='entypo-fontello' title='' data-avia-related-tooltip='Compartir en Twitter' rel=\"noopener\"><span class='avia_hidden_link_text'>Compartir en Twitter<\/span><\/a><\/li><li class='av-share-link av-social-link-whatsapp' ><a target=\"_blank\" aria-label=\"Compartir en Whatsapp\" href='https:\/\/api.whatsapp.com\/send?text=https:\/\/radiorevelacionfm.cl\/?p=51925' aria-hidden='false' data-av_icon='\uf232' data-av_iconfont='entypo-fontello' title='' data-avia-related-tooltip='Compartir en Whatsapp' rel=\"noopener\"><span class='avia_hidden_link_text'>Compartir en Whatsapp<\/span><\/a><\/li><li class='av-share-link av-social-link-linkedin' ><a target=\"_blank\" aria-label=\"Compartir en LinkedIn\" href='https:\/\/linkedin.com\/shareArticle?mini=true&#038;title=Carabineros%20de%20Puerto%20Ays%C3%A9n%20detuvo%20a%20sujeto%20por%20microtr%C3%A1fico%20de%20drogas&#038;url=https:\/\/radiorevelacionfm.cl\/?p=51925' aria-hidden='false' data-av_icon='\ue8fc' data-av_iconfont='entypo-fontello' title='' data-avia-related-tooltip='Compartir en LinkedIn' rel=\"noopener\"><span class='avia_hidden_link_text'>Compartir en LinkedIn<\/span><\/a><\/li><li class='av-share-link av-social-link-mail' ><a  aria-label=\"Compartir por correo\" href='mailto:?subject=Carabineros%20de%20Puerto%20Ays%C3%A9n%20detuvo%20a%20sujeto%20por%20microtr%C3%A1fico%20de%20drogas&#038;body=https:\/\/radiorevelacionfm.cl\/?p=51925' aria-hidden='false' data-av_icon='\ue805' data-av_iconfont='entypo-fontello' title='' data-avia-related-tooltip='Compartir por correo'><span class='avia_hidden_link_text'>Compartir por correo<\/span><\/a><\/li><\/ul><\/div><\/div>\n<div  style='height:50px' class='hr hr-invisible   avia-builder-el-8  el_after_av_social_share  el_before_av_comments_list '><span class='hr-inner ' ><span class='hr-inner-style'><\/span><\/span><\/div>\n<div  class='av-buildercomment  av-blog-meta-html-info-disabled av-blog-meta-tag-disabled  '><\/div>\n","protected":false},"excerpt":{"rendered":"","protected":false},"author":1,"featured_media":51926,"comment_status":"closed","ping_status":"closed","sticky":false,"template":"","format":"standard","meta":{"footnotes":""},"categories":[36],"tags":[],"class_list":["post-51925","post","type-post","status-publish","format-standard","has-post-thumbnail","hentry","category-policial"],"jetpack_featured_media_url":"https:\/\/radiorevelacionfm.cl\/wp-content\/uploads\/2025\/03\/carabineros-aysen-6-1_optimized-1.jpg","_links":{"self":[{"href":"https:\/\/radiorevelacionfm.cl\/index.php?rest_route=\/wp\/v2\/posts\/51925","targetHints":{"allow":["GET"]}}],"collection":[{"href":"https:\/\/radiorevelacionfm.cl\/index.php?rest_route=\/wp\/v2\/posts"}],"about":[{"href":"https:\/\/radiorevelacionfm.cl\/index.php?rest_route=\/wp\/v2\/types\/post"}],"author":[{"embeddable":true,"href":"https:\/\/radiorevelacionfm.cl\/index.php?rest_route=\/wp\/v2\/users\/1"}],"replies":[{"embeddable":true,"href":"https:\/\/radiorevelacionfm.cl\/index.php?rest_route=%2Fwp%2Fv2%2Fcomments&post=51925"}],"version-history":[{"count":2,"href":"https:\/\/radiorevelacionfm.cl\/index.php?rest_route=\/wp\/v2\/posts\/51925\/revisions"}],"predecessor-version":[{"id":51928,"href":"https:\/\/radiorevelacionfm.cl\/index.php?rest_route=\/wp\/v2\/posts\/51925\/revisions\/51928"}],"wp:featuredmedia":[{"embeddable":true,"href":"https:\/\/radiorevelacionfm.cl\/index.php?rest_route=\/wp\/v2\/media\/51926"}],"wp:attachment":[{"href":"https:\/\/radiorevelacionfm.cl\/index.php?rest_route=%2Fwp%2Fv2%2Fmedia&parent=51925"}],"wp:term":[{"taxonomy":"category","embeddable":true,"href":"https:\/\/radiorevelacionfm.cl\/index.php?rest_route=%2Fwp%2Fv2%2Fcategories&post=51925"},{"taxonomy":"post_tag","embeddable":true,"href":"https:\/\/radiorevelacionfm.cl\/index.php?rest_route=%2Fwp%2Fv2%2Ftags&post=51925"}],"curies":[{"name":"wp","href":"https:\/\/api.w.org\/{rel}","templated":true}]}}