{"id":51921,"date":"2025-03-30T17:57:57","date_gmt":"2025-03-30T20:57:57","guid":{"rendered":"https:\/\/radiorevelacionfm.cl\/?p=51921"},"modified":"2025-03-30T17:57:57","modified_gmt":"2025-03-30T20:57:57","slug":"ultimos-dias-para-postular-empresas-sostenibles-podran-acceder-hasta-60-millones-para-potenciar-su-crecimiento-y-adaptacion-climatica","status":"publish","type":"post","link":"https:\/\/radiorevelacionfm.cl\/?p=51921","title":{"rendered":"\u00a1\u00daltimos d\u00edas para postular!: Empresas sostenibles podr\u00e1n acceder hasta $60 millones para potenciar su crecimiento y adaptaci\u00f3n clim\u00e1tica"},"content":{"rendered":"<div class=\"flex_column av_one_full  flex_column_div av-zero-column-padding first  avia-builder-el-0  el_before_av_one_full  avia-builder-el-first  \" style='border-radius:0px; '><div  class='avia-image-container  av-styling-    avia-builder-el-1  avia-builder-el-no-sibling  avia-align-center '  itemprop=\"image\" itemscope=\"itemscope\" itemtype=\"https:\/\/schema.org\/ImageObject\"  ><div class='avia-image-container-inner'><div class='avia-image-overlay-wrap'><img decoding=\"async\" class='wp-image-51922 avia-img-lazy-loading-not-51922 avia_image' src=\"https:\/\/radiorevelacionfm.cl\/wp-content\/uploads\/2025\/03\/2_optimized.-aysen-recircular-1.jpg\" alt='' title='2_optimized.-ays\u00e9n-recircular-(1)' height=\"600\" width=\"946\"  itemprop=\"thumbnailUrl\" srcset=\"https:\/\/radiorevelacionfm.cl\/wp-content\/uploads\/2025\/03\/2_optimized.-aysen-recircular-1.jpg 946w, https:\/\/radiorevelacionfm.cl\/wp-content\/uploads\/2025\/03\/2_optimized.-aysen-recircular-1-300x190.jpg 300w, https:\/\/radiorevelacionfm.cl\/wp-content\/uploads\/2025\/03\/2_optimized.-aysen-recircular-1-768x487.jpg 768w, https:\/\/radiorevelacionfm.cl\/wp-content\/uploads\/2025\/03\/2_optimized.-aysen-recircular-1-705x447.jpg 705w, https:\/\/radiorevelacionfm.cl\/wp-content\/uploads\/2025\/03\/2_optimized.-aysen-recircular-1-450x285.jpg 450w, https:\/\/radiorevelacionfm.cl\/wp-content\/uploads\/2025\/03\/2_optimized.-aysen-recircular-1-600x381.jpg 600w\" sizes=\"(max-width: 946px) 100vw, 946px\" \/><\/div><\/div><\/div><\/div><div class=\"flex_column av_one_full  flex_column_div av-zero-column-padding first  avia-builder-el-2  el_after_av_one_full  el_before_av_one_full  column-top-margin\" style='border-radius:0px; '><section class=\"av_textblock_section \"  itemscope=\"itemscope\" itemtype=\"https:\/\/schema.org\/BlogPosting\" itemprop=\"blogPost\" ><div class='avia_textblock  '   itemprop=\"text\" ><p style=\"text-align: center;\"><strong><span style=\"font-size: 18pt;\">\u00a1\u00daltimos d\u00edas para postular!: Empresas sostenibles podr\u00e1n acceder hasta $60 millones para potenciar su crecimiento y adaptaci\u00f3n clim\u00e1tica<\/span><\/strong><\/p>\n<div id=\"gtx-trans\" style=\"position: absolute; left: -50px; top: 4.31534px;\">\n<div class=\"gtx-trans-icon\"><\/div>\n<\/div>\n<\/div><\/section><\/div><div class=\"flex_column av_one_full  flex_column_div av-zero-column-padding first  avia-builder-el-4  el_after_av_one_full  el_before_av_hr  column-top-margin\" style='border-radius:0px; '><section class=\"av_textblock_section \"  itemscope=\"itemscope\" itemtype=\"https:\/\/schema.org\/BlogPosting\" itemprop=\"blogPost\" ><div class='avia_textblock  '   itemprop=\"text\" ><p style=\"text-align: justify;\"><em>La nueva convocatoria al Programa Desaf\u00edo Resiliencia Clim\u00e1tica II, impulsada por IncubatecUFRO con el apoyo de Corfo, busca empresas de alto potencial de crecimiento entre las regiones de Valpara\u00edso hasta Magallanes, que trabajen en soluciones innovadoras para la adaptaci\u00f3n medioambiental, est\u00e9n en un proceso de expansi\u00f3n comercial y que est\u00e9n realizado una b\u00fasqueda hacia fuentes de financiamiento privado. Las postulaciones estar\u00e1n abiertas hasta el 2 de abril en <\/em><a href=\"http:\/\/www.incubatecufro.cl\/resilienciaclimatica\"><em>www.incubatecufro.cl\/resilienciaclimatica<\/em><\/a><\/p>\n<p style=\"text-align: justify;\">IncubatecUFRO est\u00e1 nuevamente apoyando a empresas que impactan positivamente el medioambiente a trav\u00e9s de una nueva versi\u00f3n del \u201cDesaf\u00edo Resiliencia Clim\u00e1tico\u201d; Programa de Escalamiento Intermediado apoyado por Corfo y ejecutado por la Potenciadora de Negocios de la Universidad de La Frontera que busca seleccionar y apoyar a empresas de distintas industrias que impactan positivamente hacia el medioambiente.<\/p>\n<p style=\"text-align: justify;\">Con ello, IncubatecUFRO podr\u00e1 guiar y contribuir en un proceso de expansi\u00f3n comercial y as\u00ed preparar a las empresas beneficiarias para escalar comercialmente que considera un completo guiado t\u00e9cnico hasta posibles conexiones hacia fuentes de financiamiento privado.<\/p>\n<p style=\"text-align: justify;\">Con este programa especializado de incubaci\u00f3n, las empresas beneficiarias podr\u00e1n acceder hasta 60 millones de pesos en financiamiento, lo que cubrir\u00e1 hasta un 70% del costo total del proyecto a ejecutar en un horizonte a 12 meses plazo. Adem\u00e1s, si la empresa postulante es liderada por una mujer, el cofinanciamiento aumentar\u00e1 en un 10% adicional.<\/p>\n<p style=\"text-align: justify;\">El ejecutor de este Programa destac\u00f3 la importancia de la iniciativa al se\u00f1alar que \u201cel cambio clim\u00e1tico exige soluciones innovadoras y escalables. Es por ello que, por medio del Desaf\u00edo Resiliencia Clim\u00e1tica II, se busca apoyar, junto a Corfo, a empresas en crecimiento que, junto con generar un impacto positivo importante en el medioambiente, busquen consolidar su negocio y accedan a nuevas oportunidades de inversi\u00f3n\u201d.<\/p>\n<p style=\"text-align: justify;\"><strong>SECTORES CLAVE PARA POSTULAR<\/strong><\/p>\n<p style=\"text-align: justify;\">Las empresas interesadas deben desarrollar productos o servicios en los siguientes \u00e1mbitos de Impacto de Gesti\u00f3n de Recursos Naturales, que abarca la conservaci\u00f3n y el manejo sostenible de agua, suelos, bosques y biodiversidad; Agricultura Regenerativa y Seguridad Alimentaria, promoviendo modelos productivos circulares y resilientes al cambio clim\u00e1tico; Infraestructura Resistente al Clima, enfocada en soluciones de construcci\u00f3n y planificaci\u00f3n ante eventos clim\u00e1ticos extremos; Planificaci\u00f3n Urbana y Log\u00edstica, destinada al desarrollo de ciudades y territorios con enfoque en sostenibilidad; Salud P\u00fablica y Bienestar, con medidas de adaptaci\u00f3n a riesgos como olas de calor, enfermedades emergentes y otros, y Educaci\u00f3n y Sensibilizaci\u00f3n, dirigido a satisfacer la demanda de nuevos conocimientos sobre resiliencia clim\u00e1tica.<\/p>\n<p style=\"text-align: justify;\">Adem\u00e1s del financiamiento, las empresas seleccionadas recibir\u00e1n un completo proceso de seguimiento t\u00e9cnico y financiero, mentor\u00eda, v\u00ednculos y redes de contacto, asesor\u00edas y directorios estrat\u00e9gicos y, por supuesto, orientaciones para fortalecer su modelo de negocio sostenible con metodolog\u00edas apropiadas para as\u00ed potenciar su impacto en el mercado.<\/p>\n<p style=\"text-align: justify;\"><strong>REQUISITOS Y PLAZO DE POSTULACI\u00d3N<\/strong><\/p>\n<p style=\"text-align: justify;\">Podr\u00e1n postular empresas con hasta seis a\u00f1os de iniciaci\u00f3n de actividades, ventas netas anuales de al menos $80.000.000, y que busquen consolidar su crecimiento en el mercado con impacto sostenible.<\/p>\n<p style=\"text-align: justify;\">Las postulaciones estar\u00e1n abiertas hasta el 2 de abril y quienes deseen conocer m\u00e1s detalles sobre el programa pueden acceder a la informaci\u00f3n, as\u00ed como realizar su postulaci\u00f3n, en <a href=\"http:\/\/www.incubatecufro.cl\/resilienciaclimatica\">www.incubatecufro.cl\/resilienciaclimatica<\/a><\/p>\n<p style=\"text-align: justify;\">Para consultas, las y los interesados deben escribir a <a href=\"mailto:proyectos@incubatecufro.cl\">proyectos@incubatecufro.cl<\/a><\/p>\n<\/div><\/section><\/div><div  style='height:50px' class='hr hr-invisible   avia-builder-el-6  el_after_av_one_full  el_before_av_social_share '><span class='hr-inner ' ><span class='hr-inner-style'><\/span><\/span><\/div><\/p>\n<div  class='av-social-sharing-box  avia-builder-el-7  el_after_av_hr  el_before_av_hr  '><div class='av-share-box'><h5 class='av-share-link-description av-no-toc '>Compartir esta noticia<\/h5><ul class='av-share-box-list noLightbox'><li class='av-share-link av-social-link-facebook' ><a target=\"_blank\" aria-label=\"Compartir en Facebook\" href='https:\/\/www.facebook.com\/sharer.php?u=https:\/\/radiorevelacionfm.cl\/?p=51921&#038;t=%C2%A1%C3%9Altimos%20d%C3%ADas%20para%20postular%21%3A%20Empresas%20sostenibles%20podr%C3%A1n%20acceder%20hasta%20%2460%20millones%20para%20potenciar%20su%20crecimiento%20y%20adaptaci%C3%B3n%20clim%C3%A1tica' aria-hidden='false' data-av_icon='\ue8f3' data-av_iconfont='entypo-fontello' title='' data-avia-related-tooltip='Compartir en Facebook' rel=\"noopener\"><span class='avia_hidden_link_text'>Compartir en Facebook<\/span><\/a><\/li><li class='av-share-link av-social-link-twitter' ><a target=\"_blank\" aria-label=\"Compartir en Twitter\" href='https:\/\/twitter.com\/share?text=%C2%A1%C3%9Altimos%20d%C3%ADas%20para%20postular%21%3A%20Empresas%20sostenibles%20podr%C3%A1n%20acceder%20hasta%20%2460%20millones%20para%20potenciar%20su%20crecimiento%20y%20adaptaci%C3%B3n%20clim%C3%A1tica&#038;url=https:\/\/radiorevelacionfm.cl\/?p=51921' aria-hidden='false' data-av_icon='\ue8f1' data-av_iconfont='entypo-fontello' title='' data-avia-related-tooltip='Compartir en Twitter' rel=\"noopener\"><span class='avia_hidden_link_text'>Compartir en Twitter<\/span><\/a><\/li><li class='av-share-link av-social-link-whatsapp' ><a target=\"_blank\" aria-label=\"Compartir en Whatsapp\" href='https:\/\/api.whatsapp.com\/send?text=https:\/\/radiorevelacionfm.cl\/?p=51921' aria-hidden='false' data-av_icon='\uf232' data-av_iconfont='entypo-fontello' title='' data-avia-related-tooltip='Compartir en Whatsapp' rel=\"noopener\"><span class='avia_hidden_link_text'>Compartir en Whatsapp<\/span><\/a><\/li><li class='av-share-link av-social-link-linkedin' ><a target=\"_blank\" aria-label=\"Compartir en LinkedIn\" href='https:\/\/linkedin.com\/shareArticle?mini=true&#038;title=%C2%A1%C3%9Altimos%20d%C3%ADas%20para%20postular%21%3A%20Empresas%20sostenibles%20podr%C3%A1n%20acceder%20hasta%20%2460%20millones%20para%20potenciar%20su%20crecimiento%20y%20adaptaci%C3%B3n%20clim%C3%A1tica&#038;url=https:\/\/radiorevelacionfm.cl\/?p=51921' aria-hidden='false' data-av_icon='\ue8fc' data-av_iconfont='entypo-fontello' title='' data-avia-related-tooltip='Compartir en LinkedIn' rel=\"noopener\"><span class='avia_hidden_link_text'>Compartir en LinkedIn<\/span><\/a><\/li><li class='av-share-link av-social-link-mail' ><a  aria-label=\"Compartir por correo\" href='mailto:?subject=%C2%A1%C3%9Altimos%20d%C3%ADas%20para%20postular%21%3A%20Empresas%20sostenibles%20podr%C3%A1n%20acceder%20hasta%20%2460%20millones%20para%20potenciar%20su%20crecimiento%20y%20adaptaci%C3%B3n%20clim%C3%A1tica&#038;body=https:\/\/radiorevelacionfm.cl\/?p=51921' aria-hidden='false' data-av_icon='\ue805' data-av_iconfont='entypo-fontello' title='' data-avia-related-tooltip='Compartir por correo'><span class='avia_hidden_link_text'>Compartir por correo<\/span><\/a><\/li><\/ul><\/div><\/div>\n<div  style='height:50px' class='hr hr-invisible   avia-builder-el-8  el_after_av_social_share  el_before_av_comments_list '><span class='hr-inner ' ><span class='hr-inner-style'><\/span><\/span><\/div>\n<div  class='av-buildercomment  av-blog-meta-html-info-disabled av-blog-meta-tag-disabled  '><\/div>\n","protected":false},"excerpt":{"rendered":"","protected":false},"author":1,"featured_media":51922,"comment_status":"closed","ping_status":"closed","sticky":false,"template":"","format":"standard","meta":{"footnotes":""},"categories":[61],"tags":[],"class_list":["post-51921","post","type-post","status-publish","format-standard","has-post-thumbnail","hentry","category-nacional"],"jetpack_featured_media_url":"https:\/\/radiorevelacionfm.cl\/wp-content\/uploads\/2025\/03\/2_optimized.-aysen-recircular-1.jpg","_links":{"self":[{"href":"https:\/\/radiorevelacionfm.cl\/index.php?rest_route=\/wp\/v2\/posts\/51921","targetHints":{"allow":["GET"]}}],"collection":[{"href":"https:\/\/radiorevelacionfm.cl\/index.php?rest_route=\/wp\/v2\/posts"}],"about":[{"href":"https:\/\/radiorevelacionfm.cl\/index.php?rest_route=\/wp\/v2\/types\/post"}],"author":[{"embeddable":true,"href":"https:\/\/radiorevelacionfm.cl\/index.php?rest_route=\/wp\/v2\/users\/1"}],"replies":[{"embeddable":true,"href":"https:\/\/radiorevelacionfm.cl\/index.php?rest_route=%2Fwp%2Fv2%2Fcomments&post=51921"}],"version-history":[{"count":2,"href":"https:\/\/radiorevelacionfm.cl\/index.php?rest_route=\/wp\/v2\/posts\/51921\/revisions"}],"predecessor-version":[{"id":51924,"href":"https:\/\/radiorevelacionfm.cl\/index.php?rest_route=\/wp\/v2\/posts\/51921\/revisions\/51924"}],"wp:featuredmedia":[{"embeddable":true,"href":"https:\/\/radiorevelacionfm.cl\/index.php?rest_route=\/wp\/v2\/media\/51922"}],"wp:attachment":[{"href":"https:\/\/radiorevelacionfm.cl\/index.php?rest_route=%2Fwp%2Fv2%2Fmedia&parent=51921"}],"wp:term":[{"taxonomy":"category","embeddable":true,"href":"https:\/\/radiorevelacionfm.cl\/index.php?rest_route=%2Fwp%2Fv2%2Fcategories&post=51921"},{"taxonomy":"post_tag","embeddable":true,"href":"https:\/\/radiorevelacionfm.cl\/index.php?rest_route=%2Fwp%2Fv2%2Ftags&post=51921"}],"curies":[{"name":"wp","href":"https:\/\/api.w.org\/{rel}","templated":true}]}}