{"id":51917,"date":"2025-03-30T17:30:05","date_gmt":"2025-03-30T20:30:05","guid":{"rendered":"https:\/\/radiorevelacionfm.cl\/?p=51917"},"modified":"2025-03-30T17:30:05","modified_gmt":"2025-03-30T20:30:05","slug":"10-mil-jovenes-participaran-en-la-11-encuesta-nacional-de-juventudes-desarrollada-por-injuv","status":"publish","type":"post","link":"https:\/\/radiorevelacionfm.cl\/?p=51917","title":{"rendered":"10 mil j\u00f3venes participar\u00e1n en la 11\u00b0 Encuesta Nacional de Juventudes desarrollada por INJUV"},"content":{"rendered":"<div class=\"flex_column av_one_full  flex_column_div av-zero-column-padding first  avia-builder-el-0  el_before_av_one_full  avia-builder-el-first  \" style='border-radius:0px; '><div  class='avia-image-container  av-styling-    avia-builder-el-1  avia-builder-el-no-sibling  avia-align-center '  itemprop=\"image\" itemscope=\"itemscope\" itemtype=\"https:\/\/schema.org\/ImageObject\"  ><div class='avia-image-container-inner'><div class='avia-image-overlay-wrap'><img decoding=\"async\" class='wp-image-51918 avia-img-lazy-loading-not-51918 avia_image' src=\"https:\/\/radiorevelacionfm.cl\/wp-content\/uploads\/2025\/03\/grAfica-tu-voz-abre-puertas-1_optimized-1_optimized.jpg\" alt='' title='gr\u00c1fica-tu-voz-abre-puertas-(1)_optimized-(1)_optimized' height=\"1000\" width=\"800\"  itemprop=\"thumbnailUrl\" srcset=\"https:\/\/radiorevelacionfm.cl\/wp-content\/uploads\/2025\/03\/grAfica-tu-voz-abre-puertas-1_optimized-1_optimized.jpg 800w, https:\/\/radiorevelacionfm.cl\/wp-content\/uploads\/2025\/03\/grAfica-tu-voz-abre-puertas-1_optimized-1_optimized-240x300.jpg 240w, https:\/\/radiorevelacionfm.cl\/wp-content\/uploads\/2025\/03\/grAfica-tu-voz-abre-puertas-1_optimized-1_optimized-768x960.jpg 768w, https:\/\/radiorevelacionfm.cl\/wp-content\/uploads\/2025\/03\/grAfica-tu-voz-abre-puertas-1_optimized-1_optimized-564x705.jpg 564w, https:\/\/radiorevelacionfm.cl\/wp-content\/uploads\/2025\/03\/grAfica-tu-voz-abre-puertas-1_optimized-1_optimized-450x563.jpg 450w, https:\/\/radiorevelacionfm.cl\/wp-content\/uploads\/2025\/03\/grAfica-tu-voz-abre-puertas-1_optimized-1_optimized-600x750.jpg 600w\" sizes=\"(max-width: 800px) 100vw, 800px\" \/><\/div><\/div><\/div><\/div><div class=\"flex_column av_one_full  flex_column_div av-zero-column-padding first  avia-builder-el-2  el_after_av_one_full  el_before_av_one_full  column-top-margin\" style='border-radius:0px; '><section class=\"av_textblock_section \"  itemscope=\"itemscope\" itemtype=\"https:\/\/schema.org\/BlogPosting\" itemprop=\"blogPost\" ><div class='avia_textblock  '   itemprop=\"text\" ><p style=\"text-align: center;\"><strong><span style=\"font-size: 18pt;\">10 mil j\u00f3venes participar\u00e1n en la 11\u00b0 Encuesta Nacional de Juventudes desarrollada por INJUV<\/span><\/strong><\/p>\n<div id=\"gtx-trans\" style=\"position: absolute; left: -50px; top: 4.31534px;\">\n<div class=\"gtx-trans-icon\"><\/div>\n<\/div>\n<\/div><\/section><\/div><div class=\"flex_column av_one_full  flex_column_div av-zero-column-padding first  avia-builder-el-4  el_after_av_one_full  el_before_av_hr  column-top-margin\" style='border-radius:0px; '><section class=\"av_textblock_section \"  itemscope=\"itemscope\" itemtype=\"https:\/\/schema.org\/BlogPosting\" itemprop=\"blogPost\" ><div class='avia_textblock  '   itemprop=\"text\" ><p style=\"text-align: justify;\"><em>Para verificar la identidad del equipo encuestador, se ha dispuesto la p\u00e1gina web <strong>encuestanacional.injuv.gob.cl<\/strong><\/em><\/p>\n<p style=\"text-align: justify;\">El pr\u00f3ximo lunes 31 de marzo, el Instituto Nacional de la Juventud (INJUV) dar\u00e1 inicio al levantamiento de informaci\u00f3n para la 11\u00b0 Encuesta Nacional de Juventudes, investigaci\u00f3n que se realiza desde 1994 de manera ininterrumpida, cada tres a\u00f1os, y que busca caracterizar a las juventudes que residen en el pa\u00eds, con el fin de entregar insumos a la discusi\u00f3n acad\u00e9mica y al dise\u00f1o e implementaci\u00f3n de pol\u00edticas p\u00fablicas.<\/p>\n<p style=\"text-align: justify;\">La etapa de levantamiento del terreno, a cargo del Departamento de Estudios Sociales de la Pontificia Universidad Cat\u00f3lica de Chile (DESUC), se extender\u00e1 hasta el mes de junio de 2025 y consiste en el despliegue territorial del equipo encuestador para llegar a personas j\u00f3venes de 15 a 29 a\u00f1os, de todas las regiones del pa\u00eds, tanto en zonas rurales como urbanas.<\/p>\n<p style=\"text-align: justify;\">Para garantizar la seguridad y confianza de quienes respondan la encuesta se ha habilitado la p\u00e1gina <a href=\"https:\/\/encuestanacional.injuv.gob.cl\">encuestanacional.injuv.gob.cl<\/a>. En este sitio, cualquier persona podr\u00e1 verificar la identidad de quienes realizan la encuesta ingresando su RUT, lo que permitir\u00e1 visualizar autom\u00e1ticamente sus datos.<\/p>\n<p style=\"text-align: justify;\">Adem\u00e1s, todo el personal en terreno contar\u00e1 con credenciales oficiales de DESUC, as\u00ed como chaquetillas y sombreros o jockeys identificativos.<\/p>\n<p style=\"text-align: justify;\">\u201cEl llamado es a que abran sus puertas y se den un tiempo para responder, ya que los hallazgos de esta consulta son fundamentales para conocer a la poblaci\u00f3n joven y nos permite implementar programas y pol\u00edticas p\u00fablicas que les beneficien. Adem\u00e1s, nos ayuda a derribar mitos o ideas preconcebidas, atender la realidad regional y detectar las brechas que existen. As\u00ed que recuerden que su voz, abre puertas\u201d, se\u00f1al\u00f3 que el director regional de INJUV Ays\u00e9n, Camilo Trivi\u00f1o Urtubia.<\/p>\n<p style=\"text-align: justify;\"><strong>Novedades en el cuestionario<\/strong><\/p>\n<p style=\"text-align: justify;\">Atendiendo al dinamismo propio de las juventudes, en esta und\u00e9cima versi\u00f3n se han incorporado nuevas preguntas que buscan ampliar las dimensiones medidas y profundizar en tem\u00e1ticas que hoy tienen relevancia a nivel nacional.<\/p>\n<p style=\"text-align: justify;\">Se incorporaron preguntas sobre las labores de cuidado que realizan las juventudes y sus efectos en su salud mental y\/o trayectoria de vida. Asimismo, se a\u00f1adieron preguntas respecto a las motivaciones para no tener hijos, en una \u00e9poca donde la baja natalidad y la falta de recambio poblacional son problemas que afectan a Chile y a muchos pa\u00edses del mundo.<\/p>\n<p style=\"text-align: justify;\">Adem\u00e1s, se consideran por primera vez preguntas sobre medioambiente, tem\u00e1ticas solicitadas por las propias organizaciones juveniles.<\/p>\n<p style=\"text-align: justify;\">Dado que INJUV ha sido parte del comit\u00e9 t\u00e9cnico encargado de desarrollar una pol\u00edtica para el fomento de las juventudes rurales, tambi\u00e9n se han a\u00f1adido preguntas vinculadas a esta tem\u00e1tica que permitan conocer las particularidades de esta poblaci\u00f3n.<\/p>\n<p style=\"text-align: justify;\">Finalmente, la 11\u00b0 Encuesta Nacional de Juventudes, agreg\u00f3 interrogantes relacionadas con inteligencia artificial, violencia ginecobst\u00e9trica, educaci\u00f3n sexual, y voluntariado.<\/p>\n<p style=\"text-align: justify;\">Para INJUV es fundamental conocer las opiniones y percepciones de las juventudes en Chile. La encuesta llegar\u00e1 a personas j\u00f3venes de todo el pa\u00eds, considerando regiones, zonas urbanas y zonas rurales, con el objetivo de poder alcanzar la multiplicidad y diversidad de realidades juveniles. Lo anterior, permitir\u00e1 identificar y diagnosticar las principales brechas y problem\u00e1ticas presentes, adem\u00e1s de mejorar la oferta p\u00fablica y las pol\u00edticas para las juventudes.<\/p>\n<\/div><\/section><\/div><div  style='height:50px' class='hr hr-invisible   avia-builder-el-6  el_after_av_one_full  el_before_av_social_share '><span class='hr-inner ' ><span class='hr-inner-style'><\/span><\/span><\/div><\/p>\n<div  class='av-social-sharing-box  avia-builder-el-7  el_after_av_hr  el_before_av_hr  '><div class='av-share-box'><h5 class='av-share-link-description av-no-toc '>Compartir esta noticia<\/h5><ul class='av-share-box-list noLightbox'><li class='av-share-link av-social-link-facebook' ><a target=\"_blank\" aria-label=\"Compartir en Facebook\" href='https:\/\/www.facebook.com\/sharer.php?u=https:\/\/radiorevelacionfm.cl\/?p=51917&#038;t=10%20mil%20j%C3%B3venes%20participar%C3%A1n%20en%20la%2011%C2%B0%20Encuesta%20Nacional%20de%20Juventudes%20desarrollada%20por%20INJUV' aria-hidden='false' data-av_icon='\ue8f3' data-av_iconfont='entypo-fontello' title='' data-avia-related-tooltip='Compartir en Facebook' rel=\"noopener\"><span class='avia_hidden_link_text'>Compartir en Facebook<\/span><\/a><\/li><li class='av-share-link av-social-link-twitter' ><a target=\"_blank\" aria-label=\"Compartir en Twitter\" href='https:\/\/twitter.com\/share?text=10%20mil%20j%C3%B3venes%20participar%C3%A1n%20en%20la%2011%C2%B0%20Encuesta%20Nacional%20de%20Juventudes%20desarrollada%20por%20INJUV&#038;url=https:\/\/radiorevelacionfm.cl\/?p=51917' aria-hidden='false' data-av_icon='\ue8f1' data-av_iconfont='entypo-fontello' title='' data-avia-related-tooltip='Compartir en Twitter' rel=\"noopener\"><span class='avia_hidden_link_text'>Compartir en Twitter<\/span><\/a><\/li><li class='av-share-link av-social-link-whatsapp' ><a target=\"_blank\" aria-label=\"Compartir en Whatsapp\" href='https:\/\/api.whatsapp.com\/send?text=https:\/\/radiorevelacionfm.cl\/?p=51917' aria-hidden='false' data-av_icon='\uf232' data-av_iconfont='entypo-fontello' title='' data-avia-related-tooltip='Compartir en Whatsapp' rel=\"noopener\"><span class='avia_hidden_link_text'>Compartir en Whatsapp<\/span><\/a><\/li><li class='av-share-link av-social-link-linkedin' ><a target=\"_blank\" aria-label=\"Compartir en LinkedIn\" href='https:\/\/linkedin.com\/shareArticle?mini=true&#038;title=10%20mil%20j%C3%B3venes%20participar%C3%A1n%20en%20la%2011%C2%B0%20Encuesta%20Nacional%20de%20Juventudes%20desarrollada%20por%20INJUV&#038;url=https:\/\/radiorevelacionfm.cl\/?p=51917' aria-hidden='false' data-av_icon='\ue8fc' data-av_iconfont='entypo-fontello' title='' data-avia-related-tooltip='Compartir en LinkedIn' rel=\"noopener\"><span class='avia_hidden_link_text'>Compartir en LinkedIn<\/span><\/a><\/li><li class='av-share-link av-social-link-mail' ><a  aria-label=\"Compartir por correo\" href='mailto:?subject=10%20mil%20j%C3%B3venes%20participar%C3%A1n%20en%20la%2011%C2%B0%20Encuesta%20Nacional%20de%20Juventudes%20desarrollada%20por%20INJUV&#038;body=https:\/\/radiorevelacionfm.cl\/?p=51917' aria-hidden='false' data-av_icon='\ue805' data-av_iconfont='entypo-fontello' title='' data-avia-related-tooltip='Compartir por correo'><span class='avia_hidden_link_text'>Compartir por correo<\/span><\/a><\/li><\/ul><\/div><\/div>\n<div  style='height:50px' class='hr hr-invisible   avia-builder-el-8  el_after_av_social_share  el_before_av_comments_list '><span class='hr-inner ' ><span class='hr-inner-style'><\/span><\/span><\/div>\n<div  class='av-buildercomment  av-blog-meta-html-info-disabled av-blog-meta-tag-disabled  '><\/div>\n","protected":false},"excerpt":{"rendered":"","protected":false},"author":1,"featured_media":51918,"comment_status":"closed","ping_status":"closed","sticky":false,"template":"","format":"standard","meta":{"footnotes":""},"categories":[61],"tags":[],"class_list":["post-51917","post","type-post","status-publish","format-standard","has-post-thumbnail","hentry","category-nacional"],"jetpack_featured_media_url":"https:\/\/radiorevelacionfm.cl\/wp-content\/uploads\/2025\/03\/grAfica-tu-voz-abre-puertas-1_optimized-1_optimized.jpg","_links":{"self":[{"href":"https:\/\/radiorevelacionfm.cl\/index.php?rest_route=\/wp\/v2\/posts\/51917","targetHints":{"allow":["GET"]}}],"collection":[{"href":"https:\/\/radiorevelacionfm.cl\/index.php?rest_route=\/wp\/v2\/posts"}],"about":[{"href":"https:\/\/radiorevelacionfm.cl\/index.php?rest_route=\/wp\/v2\/types\/post"}],"author":[{"embeddable":true,"href":"https:\/\/radiorevelacionfm.cl\/index.php?rest_route=\/wp\/v2\/users\/1"}],"replies":[{"embeddable":true,"href":"https:\/\/radiorevelacionfm.cl\/index.php?rest_route=%2Fwp%2Fv2%2Fcomments&post=51917"}],"version-history":[{"count":2,"href":"https:\/\/radiorevelacionfm.cl\/index.php?rest_route=\/wp\/v2\/posts\/51917\/revisions"}],"predecessor-version":[{"id":51920,"href":"https:\/\/radiorevelacionfm.cl\/index.php?rest_route=\/wp\/v2\/posts\/51917\/revisions\/51920"}],"wp:featuredmedia":[{"embeddable":true,"href":"https:\/\/radiorevelacionfm.cl\/index.php?rest_route=\/wp\/v2\/media\/51918"}],"wp:attachment":[{"href":"https:\/\/radiorevelacionfm.cl\/index.php?rest_route=%2Fwp%2Fv2%2Fmedia&parent=51917"}],"wp:term":[{"taxonomy":"category","embeddable":true,"href":"https:\/\/radiorevelacionfm.cl\/index.php?rest_route=%2Fwp%2Fv2%2Fcategories&post=51917"},{"taxonomy":"post_tag","embeddable":true,"href":"https:\/\/radiorevelacionfm.cl\/index.php?rest_route=%2Fwp%2Fv2%2Ftags&post=51917"}],"curies":[{"name":"wp","href":"https:\/\/api.w.org\/{rel}","templated":true}]}}