{"id":5191,"date":"2021-06-12T17:43:27","date_gmt":"2021-06-12T20:43:27","guid":{"rendered":"https:\/\/radiorevelacionfm.cl\/?p=5191"},"modified":"2021-06-12T17:43:27","modified_gmt":"2021-06-12T20:43:27","slug":"intendenta-sostiene-reunion-informativa-sobre-bono-mypes-con-organizaciones-y-representantes-del-comercio","status":"publish","type":"post","link":"https:\/\/radiorevelacionfm.cl\/?p=5191","title":{"rendered":"Intendenta sostiene reuni\u00f3n informativa sobre Bono MYPEs con organizaciones y representantes del comercio"},"content":{"rendered":"<div class=\"flex_column av_one_full  flex_column_div av-zero-column-padding first  avia-builder-el-0  el_before_av_one_full  avia-builder-el-first  \" style='border-radius:0px; '><div  class='avia-image-container  av-styling-    avia-builder-el-1  avia-builder-el-no-sibling  avia-align-center '  itemprop=\"image\" itemscope=\"itemscope\" itemtype=\"https:\/\/schema.org\/ImageObject\"  ><div class='avia-image-container-inner'><div class='avia-image-overlay-wrap'><img decoding=\"async\" class='wp-image-0 avia-img-lazy-loading-not-0 avia_image' src=\"https:\/\/radiorevelacionfm.cl\/wp-content\/uploads\/2021\/06\/FOTO-reunion-informativa-bono-mypes-0-1.jpg\" alt='' title=''   itemprop=\"thumbnailUrl\"  \/><\/div><\/div><\/div><\/div><div class=\"flex_column av_one_full  flex_column_div av-zero-column-padding first  avia-builder-el-2  el_after_av_one_full  el_before_av_one_full  column-top-margin\" style='border-radius:0px; '><section class=\"av_textblock_section \"  itemscope=\"itemscope\" itemtype=\"https:\/\/schema.org\/BlogPosting\" itemprop=\"blogPost\" ><div class='avia_textblock  '   itemprop=\"text\" ><p style=\"text-align: center;\"><strong><span style=\"font-size: 18pt;\">Intendenta sostiene reuni\u00f3n informativa sobre Bono MYPEs con organizaciones y representantes del comercio<\/span><\/strong><\/p>\n<div id=\"gtx-trans\" style=\"position: absolute; left: -50px; top: 4.31534px;\">\n<div class=\"gtx-trans-icon\"><\/div>\n<\/div>\n<\/div><\/section><\/div><div class=\"flex_column av_one_full  flex_column_div av-zero-column-padding first  avia-builder-el-4  el_after_av_one_full  el_before_av_hr  column-top-margin\" style='border-radius:0px; '><section class=\"av_textblock_section \"  itemscope=\"itemscope\" itemtype=\"https:\/\/schema.org\/BlogPosting\" itemprop=\"blogPost\" ><div class='avia_textblock  '   itemprop=\"text\" ><p style=\"font-weight: 400; text-align: justify;\">Este s\u00e1bado la Intendenta de la Regi\u00f3n de Ays\u00e9n, Margarita Ossa, junto a los seremis de Econom\u00eda, Carlos Pacheco; de la Mujer y la Equidad de G\u00e9nero, B\u00e1rbara Ort\u00fazar; y de Gobierno, Tatiana Fontecha, sostuvieron una reuni\u00f3n de manera remota junto a las organizaciones de pymes y representantes de la C\u00e1mara de Comercio, para informar el nuevo beneficio econ\u00f3mico anunciado por el gobierno, el cual busca apoyar a las micro, peque\u00f1as y medianas empresas a trav\u00e9s del Bono MYPEs, donde unas seis mil pymes ser\u00e1n potencialmente beneficias a nivel regional.<\/p>\n<p style=\"font-weight: 400; text-align: justify;\">\u201cEl Presidente Sebasti\u00e1n Pi\u00f1era ha promulgado el d\u00eda de ayer esta ley que es una ayuda muy importante e hist\u00f3rica para las pymes. Adem\u00e1s, este soporte va en paralelo con el Ingreso de Emergencia universal, donde vamos a tener una inyecci\u00f3n importante dentro de nuestra econom\u00eda en paralelo al fortalecimiento y al apoyo a las peque\u00f1as y medianas empresas, donde varias se han visto da\u00f1adas en esta larga pandemia\u201d, expres\u00f3 la\u00a0Intendenta Margarita Ossa.<\/p>\n<p style=\"font-weight: 400; text-align: justify;\">El paquete econ\u00f3mico presentado por el gobierno consiste en tres medidas fundamentales:\u00a0primero,\u00a0apoyo monetario directo a las MYPEs a trav\u00e9s de bonos; segundo,\u00a0medidas tributarias para flexibilizar y reducir temporalmente el pago de impuestos; y, tercero, otros mecanismos de modificaciones al Fogape, capacitaciones y la discusi\u00f3n inmediata a la Ley de Insolvencia y Reemprendimiento.<\/p>\n<p style=\"font-weight: 400; text-align: justify;\">El detalle de este soporte econ\u00f3mico es explicado a continuaci\u00f3n:<\/p>\n<p style=\"font-weight: 400; text-align: justify;\">&#8211; Bono de Alivio: de $1 mill\u00f3n y beneficiar\u00e1 a 820 mil 545 MYPEs \u2013sean personas naturales o jur\u00eddicas\u2013 que hayan iniciado actividades en primera categor\u00eda hasta el 31 de marzo 2020 y que sus ingresos anuales por ventas no hayan superado las UF 25.000 durante el a\u00f1o calendario 2020.<\/p>\n<p style=\"font-weight: 400; text-align: justify;\">o\u00a0\u00a0\u00a0Para recibir el bono ser\u00e1 suficiente cumplir uno de los siguientes requisitos:<\/p>\n<ul style=\"text-align: justify;\">\n<li style=\"font-weight: 400;\">Que haya tenido al menos un trabajador contratado durante el a\u00f1o 2020.<\/li>\n<li style=\"font-weight: 400;\">Que haya declarado ingresos por ventas al menos 2 meses en 2020 (continuos o discontinuos).<\/li>\n<li style=\"font-weight: 400;\">Que haya declarado ingresos por ventas al menos 2 meses 2021 (continuos o discontinuos).<\/li>\n<li style=\"font-weight: 400;\">Que corresponda a los rubros m\u00e1s golpeados por la pandemia (gastronom\u00eda, eventos, cultura, servicios de turismo, belleza y peluquer\u00edas, gimnasios, transportes escolares, jardines infantiles, ferias y otros servicios afectados).<\/li>\n<\/ul>\n<p style=\"font-weight: 400; text-align: justify;\">&#8211; Bono Adicional Variables: para aquellas MYPEs que est\u00e1n afectas al pago de IVA, recibir\u00e1n un bono adicional equivalente a 3 meses del promedio del IVA d\u00e9bito del 2019, con un tope de $2 millones.<\/p>\n<p style=\"font-weight: 400; text-align: justify;\">&#8211; Incremento para mujeres: tanto el Bono Alivio y Bono Adicional Variable aumentar\u00e1n 20% en el caso que la persona natural o la titular de una empresa individual de responsabilidad limitada sea mujer.<\/p>\n<p style=\"font-weight: 400; text-align: justify;\">&#8211; Anticipo solidario para el pago de cotizaciones de seguridad social de trabajadores suspendidos por Ley de Protecci\u00f3n al Empleo.<\/p>\n<p style=\"font-weight: 400; text-align: justify;\">&#8211; Medidas tributarias: reducci\u00f3n transitoria de la tasa de inter\u00e9s penal de 1,5% a 0%; devoluci\u00f3n del cr\u00e9dito fiscal IVA acumulado para pymes; y, extensi\u00f3n de vigencia de patentes provisorias.<\/p>\n<p style=\"font-weight: 400; text-align: justify;\">Cabe destacar que los potencialmente beneficiarios a los bonos y beneficios tributarios a las micro, peque\u00f1as y medianas empresas, podr\u00e1n postular 15 d\u00edas despu\u00e9s de haberse publicado la ley, a trav\u00e9s de un banner que estar\u00e1 disponible en el sitio web del Servicio de Impuestos Internos. El pago se efectuar\u00e1 20 d\u00edas despu\u00e9s de postular.<\/p>\n<\/div><\/section><\/div><div  style='height:50px' class='hr hr-invisible   avia-builder-el-6  el_after_av_one_full  el_before_av_social_share '><span class='hr-inner ' ><span class='hr-inner-style'><\/span><\/span><\/div><\/p>\n<div  class='av-social-sharing-box  avia-builder-el-7  el_after_av_hr  el_before_av_hr  '><div class='av-share-box'><h5 class='av-share-link-description av-no-toc '>Compartir esta noticia<\/h5><ul class='av-share-box-list noLightbox'><li class='av-share-link av-social-link-facebook' ><a target=\"_blank\" aria-label=\"Compartir en Facebook\" href='https:\/\/www.facebook.com\/sharer.php?u=https:\/\/radiorevelacionfm.cl\/?p=5191&#038;t=Intendenta%20sostiene%20reuni%C3%B3n%20informativa%20sobre%20Bono%20MYPEs%20con%20organizaciones%20y%20representantes%20del%20comercio' aria-hidden='false' data-av_icon='\ue8f3' data-av_iconfont='entypo-fontello' title='' data-avia-related-tooltip='Compartir en Facebook' rel=\"noopener\"><span class='avia_hidden_link_text'>Compartir en Facebook<\/span><\/a><\/li><li class='av-share-link av-social-link-twitter' ><a target=\"_blank\" aria-label=\"Compartir en Twitter\" href='https:\/\/twitter.com\/share?text=Intendenta%20sostiene%20reuni%C3%B3n%20informativa%20sobre%20Bono%20MYPEs%20con%20organizaciones%20y%20representantes%20del%20comercio&#038;url=https:\/\/radiorevelacionfm.cl\/?p=5191' aria-hidden='false' data-av_icon='\ue8f1' data-av_iconfont='entypo-fontello' title='' data-avia-related-tooltip='Compartir en Twitter' rel=\"noopener\"><span class='avia_hidden_link_text'>Compartir en Twitter<\/span><\/a><\/li><li class='av-share-link av-social-link-whatsapp' ><a target=\"_blank\" aria-label=\"Compartir en Whatsapp\" href='https:\/\/api.whatsapp.com\/send?text=https:\/\/radiorevelacionfm.cl\/?p=5191' aria-hidden='false' data-av_icon='\uf232' data-av_iconfont='entypo-fontello' title='' data-avia-related-tooltip='Compartir en Whatsapp' rel=\"noopener\"><span class='avia_hidden_link_text'>Compartir en Whatsapp<\/span><\/a><\/li><li class='av-share-link av-social-link-linkedin' ><a target=\"_blank\" aria-label=\"Compartir en LinkedIn\" href='https:\/\/linkedin.com\/shareArticle?mini=true&#038;title=Intendenta%20sostiene%20reuni%C3%B3n%20informativa%20sobre%20Bono%20MYPEs%20con%20organizaciones%20y%20representantes%20del%20comercio&#038;url=https:\/\/radiorevelacionfm.cl\/?p=5191' aria-hidden='false' data-av_icon='\ue8fc' data-av_iconfont='entypo-fontello' title='' data-avia-related-tooltip='Compartir en LinkedIn' rel=\"noopener\"><span class='avia_hidden_link_text'>Compartir en LinkedIn<\/span><\/a><\/li><li class='av-share-link av-social-link-mail' ><a  aria-label=\"Compartir por correo\" href='mailto:?subject=Intendenta%20sostiene%20reuni%C3%B3n%20informativa%20sobre%20Bono%20MYPEs%20con%20organizaciones%20y%20representantes%20del%20comercio&#038;body=https:\/\/radiorevelacionfm.cl\/?p=5191' aria-hidden='false' data-av_icon='\ue805' data-av_iconfont='entypo-fontello' title='' data-avia-related-tooltip='Compartir por correo'><span class='avia_hidden_link_text'>Compartir por correo<\/span><\/a><\/li><\/ul><\/div><\/div>\n<div  style='height:50px' class='hr hr-invisible   avia-builder-el-8  el_after_av_social_share  el_before_av_comments_list '><span class='hr-inner ' ><span class='hr-inner-style'><\/span><\/span><\/div>\n<div  class='av-buildercomment  av-blog-meta-html-info-disabled av-blog-meta-tag-disabled  '><\/div>\n","protected":false},"excerpt":{"rendered":"","protected":false},"author":1,"featured_media":0,"comment_status":"open","ping_status":"open","sticky":false,"template":"","format":"standard","meta":{"footnotes":""},"categories":[38],"tags":[],"class_list":["post-5191","post","type-post","status-publish","format-standard","hentry","category-regional"],"jetpack_featured_media_url":"","_links":{"self":[{"href":"https:\/\/radiorevelacionfm.cl\/index.php?rest_route=\/wp\/v2\/posts\/5191","targetHints":{"allow":["GET"]}}],"collection":[{"href":"https:\/\/radiorevelacionfm.cl\/index.php?rest_route=\/wp\/v2\/posts"}],"about":[{"href":"https:\/\/radiorevelacionfm.cl\/index.php?rest_route=\/wp\/v2\/types\/post"}],"author":[{"embeddable":true,"href":"https:\/\/radiorevelacionfm.cl\/index.php?rest_route=\/wp\/v2\/users\/1"}],"replies":[{"embeddable":true,"href":"https:\/\/radiorevelacionfm.cl\/index.php?rest_route=%2Fwp%2Fv2%2Fcomments&post=5191"}],"version-history":[{"count":1,"href":"https:\/\/radiorevelacionfm.cl\/index.php?rest_route=\/wp\/v2\/posts\/5191\/revisions"}],"predecessor-version":[{"id":5193,"href":"https:\/\/radiorevelacionfm.cl\/index.php?rest_route=\/wp\/v2\/posts\/5191\/revisions\/5193"}],"wp:attachment":[{"href":"https:\/\/radiorevelacionfm.cl\/index.php?rest_route=%2Fwp%2Fv2%2Fmedia&parent=5191"}],"wp:term":[{"taxonomy":"category","embeddable":true,"href":"https:\/\/radiorevelacionfm.cl\/index.php?rest_route=%2Fwp%2Fv2%2Fcategories&post=5191"},{"taxonomy":"post_tag","embeddable":true,"href":"https:\/\/radiorevelacionfm.cl\/index.php?rest_route=%2Fwp%2Fv2%2Ftags&post=5191"}],"curies":[{"name":"wp","href":"https:\/\/api.w.org\/{rel}","templated":true}]}}