{"id":51905,"date":"2025-03-30T15:56:28","date_gmt":"2025-03-30T18:56:28","guid":{"rendered":"https:\/\/radiorevelacionfm.cl\/?p=51905"},"modified":"2025-03-30T15:56:28","modified_gmt":"2025-03-30T18:56:28","slug":"encuentro-regional-reune-a-diversos-sectores-para-abordar-la-ciencia-y-planificacion-territorial","status":"publish","type":"post","link":"https:\/\/radiorevelacionfm.cl\/?p=51905","title":{"rendered":"Encuentro Regional re\u00fane a diversos sectores para abordar la ciencia y planificaci\u00f3n territorial"},"content":{"rendered":"<div class=\"flex_column av_one_full  flex_column_div av-zero-column-padding first  avia-builder-el-0  el_before_av_one_full  avia-builder-el-first  \" style='border-radius:0px; '><div  class='avia-image-container  av-styling-    avia-builder-el-1  avia-builder-el-no-sibling  avia-align-center '  itemprop=\"image\" itemscope=\"itemscope\" itemtype=\"https:\/\/schema.org\/ImageObject\"  ><div class='avia-image-container-inner'><div class='avia-image-overlay-wrap'><img decoding=\"async\" class='wp-image-51906 avia-img-lazy-loading-not-51906 avia_image' src=\"https:\/\/radiorevelacionfm.cl\/wp-content\/uploads\/2025\/03\/afiche-convocatoria-2-1_optimized-1.jpg\" alt='' title='afiche-convocatoria-2-(1)_optimized (1)' height=\"1000\" width=\"800\"  itemprop=\"thumbnailUrl\" srcset=\"https:\/\/radiorevelacionfm.cl\/wp-content\/uploads\/2025\/03\/afiche-convocatoria-2-1_optimized-1.jpg 800w, https:\/\/radiorevelacionfm.cl\/wp-content\/uploads\/2025\/03\/afiche-convocatoria-2-1_optimized-1-240x300.jpg 240w, https:\/\/radiorevelacionfm.cl\/wp-content\/uploads\/2025\/03\/afiche-convocatoria-2-1_optimized-1-768x960.jpg 768w, https:\/\/radiorevelacionfm.cl\/wp-content\/uploads\/2025\/03\/afiche-convocatoria-2-1_optimized-1-564x705.jpg 564w, https:\/\/radiorevelacionfm.cl\/wp-content\/uploads\/2025\/03\/afiche-convocatoria-2-1_optimized-1-450x563.jpg 450w, https:\/\/radiorevelacionfm.cl\/wp-content\/uploads\/2025\/03\/afiche-convocatoria-2-1_optimized-1-600x750.jpg 600w\" sizes=\"(max-width: 800px) 100vw, 800px\" \/><\/div><\/div><\/div><\/div><div class=\"flex_column av_one_full  flex_column_div av-zero-column-padding first  avia-builder-el-2  el_after_av_one_full  el_before_av_one_full  column-top-margin\" style='border-radius:0px; '><section class=\"av_textblock_section \"  itemscope=\"itemscope\" itemtype=\"https:\/\/schema.org\/BlogPosting\" itemprop=\"blogPost\" ><div class='avia_textblock  '   itemprop=\"text\" ><p style=\"text-align: center;\"><strong><span style=\"font-size: 18pt;\">Encuentro Regional re\u00fane a diversos sectores para abordar la ciencia y planificaci\u00f3n territorial<\/span><\/strong><\/p>\n<div id=\"gtx-trans\" style=\"position: absolute; left: -50px; top: 4.31534px;\">\n<div class=\"gtx-trans-icon\"><\/div>\n<\/div>\n<\/div><\/section><\/div><div class=\"flex_column av_one_full  flex_column_div av-zero-column-padding first  avia-builder-el-4  el_after_av_one_full  el_before_av_hr  column-top-margin\" style='border-radius:0px; '><section class=\"av_textblock_section \"  itemscope=\"itemscope\" itemtype=\"https:\/\/schema.org\/BlogPosting\" itemprop=\"blogPost\" ><div class='avia_textblock  '   itemprop=\"text\" ><p dir=\"ltr\" style=\"text-align: justify;\">El pr\u00f3ximo 2 y 3 de abril se desarrollar\u00e1 en Coyhaique un encuentro enfocado en el rol de las geotecnolog\u00edas para la toma de decisiones territoriales en la Regi\u00f3n de Ays\u00e9n. Las inscripciones est\u00e1n abiertas para sumarse a esta in\u00e9dita iniciativa impulsada por Nodo Ciencia Austral junto a diversas instituciones regionales.<\/p>\n<p dir=\"ltr\" style=\"text-align: justify;\">\u00bfVives en la Regi\u00f3n de Ays\u00e9n? \u00bfTe relacionas con la planificaci\u00f3n territorial y\/o la gesti\u00f3n del cambio clim\u00e1tico en instituciones p\u00fablicas, privadas u organizaciones locales? La red macrozonal Nodo Ciencia Austral invita a participar de \u201cEncuentro Austral: Conocimiento cient\u00edfico al servicio de la planificaci\u00f3n territorial\u201d, un espacio de formaci\u00f3n de capacidades e intercambio de experiencias sobre el rol de la ciencia y las geotecnolog\u00edas para la toma de decisiones territoriales en la Macrozona Austral, en un contexto de cambio global y crisis clim\u00e1tica.<\/p>\n<p dir=\"ltr\" style=\"text-align: justify;\">\u201cEl Encuentro Austral, al que estamos invitando, es una muestra m\u00e1s de c\u00f3mo la ciencia se puede poner a disposici\u00f3n de las necesidades de nuestras regiones, en este caso estamos impulsando el uso de una herramienta de planificaci\u00f3n territorial que es el Geoportal Ciencia Austral para los requerimientos de nuestras comunidades, en particular para quienes tienen que planificar el uso de nuestros territorios y el uso de herramientas de sistemas de informaci\u00f3n geogr\u00e1fica, para finalmente mejorar la gesti\u00f3n de los recursos\u201d, comenta el director de Nodo Ciencia Austral, Dr. Juan Carlos Aravena.<\/p>\n<p dir=\"ltr\" style=\"text-align: justify;\">Esta iniciativa se desarrollar\u00e1 en las regiones de Ays\u00e9n y Magallanes. Comenzar\u00e1 los d\u00edas mi\u00e9rcoles 2 de abril en el auditorio del Museo Regional de Ays\u00e9n y jueves 3 de abril en el microcine del Centro Cultural Coyhaique; y posteriormente, los d\u00edas 9, 10 y 11 de abril se llevar\u00e1 a cabo en la Regi\u00f3n de Magallanes y Ant\u00e1rtica Chilena. Es un espacio impulsado por Nodo Ciencia Austral, Nodo Laboratorios Naturales Subant\u00e1rticos y Centro de Investigaci\u00f3n en Ecosistemas de la Patagonia (CIEP), en colaboraci\u00f3n con Gobierno Regional de Ays\u00e9n, Seremi del Medio Ambiente de Ays\u00e9n y Universidad de Ays\u00e9n. Instancia financiada por la Agencia Nacional de Investigaci\u00f3n y Desarrollo, ANID.<\/p>\n<p dir=\"ltr\" style=\"text-align: justify;\">La invitaci\u00f3n contempla actividades presenciales y transmisi\u00f3n por streaming de charlas magistrales, presentaciones de plataformas y conversatorios en tem\u00e1ticas como herramientas geoespaciales para la gesti\u00f3n y planificaci\u00f3n territorial desde la evidencia cient\u00edfica, y tambi\u00e9n en relaci\u00f3n a hallazgos cient\u00edficos a trav\u00e9s de las geotecnolog\u00edas que tienen como objetivo transferir el conocimiento, como por ejemplo, el <a href=\"https:\/\/geoportalcienciaaustral-ciep.hub.arcgis.com\/\" target=\"_blank\" rel=\"noopener\" data-saferedirecturl=\"https:\/\/www.google.com\/url?q=https:\/\/geoportalcienciaaustral-ciep.hub.arcgis.com\/&amp;source=gmail&amp;ust=1743440278746000&amp;usg=AOvVaw3DcsUsYbmQb16IHALUi5jR\">Geoportal Ciencia Austral<\/a>. Adem\u00e1s de incluir un taller de ciencia ciudadana enfocado en qu\u00e9 sabemos y qu\u00e9 queremos saber de los hongos australes, a cargo del equipo del Nodo Laboratorio Natural Subant\u00e1rtico.<\/p>\n<p dir=\"ltr\" style=\"text-align: justify;\"><strong>Experiencias nacionales y ayseninas<\/strong><\/p>\n<p dir=\"ltr\" style=\"text-align: justify;\">Las exposiciones abordar\u00e1n diversas iniciativas y plataformas geoespaciales disponibles en la regi\u00f3n de Ays\u00e9n, como el Atlas de Riesgo Clim\u00e1tico para Chile (ARCLIM), mostrando como estas herramientas pueden ser utilizadas para tomar decisiones en el territorio. Tambi\u00e9n se contar\u00e1 con la presencia de la Secretar\u00eda Ejecutiva de la Infraestructura de Datos Geoespaciales de Chile (IDE Chile), encargados de la coordinaci\u00f3n institucional a nivel nacional en esta materia, qui\u00e9nes presentar\u00e1n acerca de la gesti\u00f3n de informaci\u00f3n territorial, la integraci\u00f3n con datos cient\u00edficos y el potencial uso en toma de decisiones.<\/p>\n<p dir=\"ltr\" style=\"text-align: justify;\">Otro de los expertos invitados ser\u00e1 el asesor del Consejo Nacional de Desarrollo Territorial, Rodolfo Arriagada, quien presentar\u00e1 el Sistema Nacional de Indicadores y Est\u00e1ndares Territoriales (SIET-Chile), compartiendo usos pr\u00e1cticos de esta herramienta para la regi\u00f3n. Por otro lado, se contar\u00e1 con un panel de exposici\u00f3n y conversaci\u00f3n de investigadores e investigadoras del CIEP, abordando la interrogante de transferir e incorporar los hallazgos cient\u00edficos para la gesti\u00f3n y planificaci\u00f3n territorial en Ays\u00e9n mediante las geotecnolog\u00edas.<\/p>\n<p dir=\"ltr\" style=\"text-align: justify;\">Desde CIEP la investigadora residente de la l\u00ednea de ecosistemas terrestres, Angela Hern\u00e1ndez, releva que \u201clos cient\u00edficos y las cient\u00edficas generamos informaci\u00f3n que en muchas ocasiones quedan plasmadas en un mapa, en un art\u00edculo cient\u00edfico, en un libro o en una nota de prensa, y no siempre es transferida o dada a conocer a las personas que hacen la planificaci\u00f3n del territorio. En esta ocasi\u00f3n vamos a socializar y mostrar posibles usos e ideas con las cuales esta informaci\u00f3n podr\u00eda potencialmente ser usada para una planificaci\u00f3n estrat\u00e9gica del territorio\u2026 Espero que muchas personas, no necesariamente tomadores de decisiones o generadores de geoinformaci\u00f3n, sino tambi\u00e9n estudiantes y la comunidad general, puedan aportar, aprender y enriquecer la discusi\u00f3n en el encuentro\u201d.<\/p>\n<p dir=\"ltr\" style=\"text-align: justify;\">Para los interesados en participar, se requiere inscripci\u00f3n previa en el siguiente link, donde tambi\u00e9n se puede encontrar el programa completo de la actividad. <a href=\"https:\/\/docs.google.com\/forms\/d\/e\/1FAIpQLSeRWLsvhDRUE_xcDV7ypZxsL8BqaQ_k5MEbxHyYlVmxPqIhAQ\/viewform?usp=header\" target=\"_blank\" rel=\"noopener\" data-saferedirecturl=\"https:\/\/www.google.com\/url?q=https:\/\/docs.google.com\/forms\/d\/e\/1FAIpQLSeRWLsvhDRUE_xcDV7ypZxsL8BqaQ_k5MEbxHyYlVmxPqIhAQ\/viewform?usp%3Dheader&amp;source=gmail&amp;ust=1743440278747000&amp;usg=AOvVaw35im5SI5oNkfc6d4aVzdBy\">https:\/\/docs.google.com\/forms\/<wbr \/>d\/e\/1FAIpQLSeRWLsvhDRUE_<wbr \/>xcDV7ypZxsL8BqaQ_<wbr \/>k5MEbxHyYlVmxPqIhAQ\/viewform?<wbr \/>usp=header<\/a><\/p>\n<\/div><\/section><\/div><div  style='height:50px' class='hr hr-invisible   avia-builder-el-6  el_after_av_one_full  el_before_av_social_share '><span class='hr-inner ' ><span class='hr-inner-style'><\/span><\/span><\/div><\/p>\n<div  class='av-social-sharing-box  avia-builder-el-7  el_after_av_hr  el_before_av_hr  '><div class='av-share-box'><h5 class='av-share-link-description av-no-toc '>Compartir esta noticia<\/h5><ul class='av-share-box-list noLightbox'><li class='av-share-link av-social-link-facebook' ><a target=\"_blank\" aria-label=\"Compartir en Facebook\" href='https:\/\/www.facebook.com\/sharer.php?u=https:\/\/radiorevelacionfm.cl\/?p=51905&#038;t=Encuentro%20Regional%20re%C3%BAne%20a%20diversos%20sectores%20para%20abordar%20la%20ciencia%20y%20planificaci%C3%B3n%20territorial' aria-hidden='false' data-av_icon='\ue8f3' data-av_iconfont='entypo-fontello' title='' data-avia-related-tooltip='Compartir en Facebook' rel=\"noopener\"><span class='avia_hidden_link_text'>Compartir en Facebook<\/span><\/a><\/li><li class='av-share-link av-social-link-twitter' ><a target=\"_blank\" aria-label=\"Compartir en Twitter\" href='https:\/\/twitter.com\/share?text=Encuentro%20Regional%20re%C3%BAne%20a%20diversos%20sectores%20para%20abordar%20la%20ciencia%20y%20planificaci%C3%B3n%20territorial&#038;url=https:\/\/radiorevelacionfm.cl\/?p=51905' aria-hidden='false' data-av_icon='\ue8f1' data-av_iconfont='entypo-fontello' title='' data-avia-related-tooltip='Compartir en Twitter' rel=\"noopener\"><span class='avia_hidden_link_text'>Compartir en Twitter<\/span><\/a><\/li><li class='av-share-link av-social-link-whatsapp' ><a target=\"_blank\" aria-label=\"Compartir en Whatsapp\" href='https:\/\/api.whatsapp.com\/send?text=https:\/\/radiorevelacionfm.cl\/?p=51905' aria-hidden='false' data-av_icon='\uf232' data-av_iconfont='entypo-fontello' title='' data-avia-related-tooltip='Compartir en Whatsapp' rel=\"noopener\"><span class='avia_hidden_link_text'>Compartir en Whatsapp<\/span><\/a><\/li><li class='av-share-link av-social-link-linkedin' ><a target=\"_blank\" aria-label=\"Compartir en LinkedIn\" href='https:\/\/linkedin.com\/shareArticle?mini=true&#038;title=Encuentro%20Regional%20re%C3%BAne%20a%20diversos%20sectores%20para%20abordar%20la%20ciencia%20y%20planificaci%C3%B3n%20territorial&#038;url=https:\/\/radiorevelacionfm.cl\/?p=51905' aria-hidden='false' data-av_icon='\ue8fc' data-av_iconfont='entypo-fontello' title='' data-avia-related-tooltip='Compartir en LinkedIn' rel=\"noopener\"><span class='avia_hidden_link_text'>Compartir en LinkedIn<\/span><\/a><\/li><li class='av-share-link av-social-link-mail' ><a  aria-label=\"Compartir por correo\" href='mailto:?subject=Encuentro%20Regional%20re%C3%BAne%20a%20diversos%20sectores%20para%20abordar%20la%20ciencia%20y%20planificaci%C3%B3n%20territorial&#038;body=https:\/\/radiorevelacionfm.cl\/?p=51905' aria-hidden='false' data-av_icon='\ue805' data-av_iconfont='entypo-fontello' title='' data-avia-related-tooltip='Compartir por correo'><span class='avia_hidden_link_text'>Compartir por correo<\/span><\/a><\/li><\/ul><\/div><\/div>\n<div  style='height:50px' class='hr hr-invisible   avia-builder-el-8  el_after_av_social_share  el_before_av_comments_list '><span class='hr-inner ' ><span class='hr-inner-style'><\/span><\/span><\/div>\n<div  class='av-buildercomment  av-blog-meta-html-info-disabled av-blog-meta-tag-disabled  '><\/div>\n","protected":false},"excerpt":{"rendered":"","protected":false},"author":1,"featured_media":51906,"comment_status":"closed","ping_status":"closed","sticky":false,"template":"","format":"standard","meta":{"footnotes":""},"categories":[53],"tags":[],"class_list":["post-51905","post","type-post","status-publish","format-standard","has-post-thumbnail","hentry","category-ciencia"],"jetpack_featured_media_url":"https:\/\/radiorevelacionfm.cl\/wp-content\/uploads\/2025\/03\/afiche-convocatoria-2-1_optimized-1.jpg","_links":{"self":[{"href":"https:\/\/radiorevelacionfm.cl\/index.php?rest_route=\/wp\/v2\/posts\/51905","targetHints":{"allow":["GET"]}}],"collection":[{"href":"https:\/\/radiorevelacionfm.cl\/index.php?rest_route=\/wp\/v2\/posts"}],"about":[{"href":"https:\/\/radiorevelacionfm.cl\/index.php?rest_route=\/wp\/v2\/types\/post"}],"author":[{"embeddable":true,"href":"https:\/\/radiorevelacionfm.cl\/index.php?rest_route=\/wp\/v2\/users\/1"}],"replies":[{"embeddable":true,"href":"https:\/\/radiorevelacionfm.cl\/index.php?rest_route=%2Fwp%2Fv2%2Fcomments&post=51905"}],"version-history":[{"count":2,"href":"https:\/\/radiorevelacionfm.cl\/index.php?rest_route=\/wp\/v2\/posts\/51905\/revisions"}],"predecessor-version":[{"id":51908,"href":"https:\/\/radiorevelacionfm.cl\/index.php?rest_route=\/wp\/v2\/posts\/51905\/revisions\/51908"}],"wp:featuredmedia":[{"embeddable":true,"href":"https:\/\/radiorevelacionfm.cl\/index.php?rest_route=\/wp\/v2\/media\/51906"}],"wp:attachment":[{"href":"https:\/\/radiorevelacionfm.cl\/index.php?rest_route=%2Fwp%2Fv2%2Fmedia&parent=51905"}],"wp:term":[{"taxonomy":"category","embeddable":true,"href":"https:\/\/radiorevelacionfm.cl\/index.php?rest_route=%2Fwp%2Fv2%2Fcategories&post=51905"},{"taxonomy":"post_tag","embeddable":true,"href":"https:\/\/radiorevelacionfm.cl\/index.php?rest_route=%2Fwp%2Fv2%2Ftags&post=51905"}],"curies":[{"name":"wp","href":"https:\/\/api.w.org\/{rel}","templated":true}]}}