{"id":51901,"date":"2025-03-30T15:47:18","date_gmt":"2025-03-30T18:47:18","guid":{"rendered":"https:\/\/radiorevelacionfm.cl\/?p=51901"},"modified":"2025-03-30T15:47:18","modified_gmt":"2025-03-30T18:47:18","slug":"en-el-marco-del-dia-mundial-del-consumidor-sernac-se-despliega-por-las-calles-de-puerto-aysen","status":"publish","type":"post","link":"https:\/\/radiorevelacionfm.cl\/?p=51901","title":{"rendered":"En el marco del D\u00eda Mundial del Consumidor: Sernac se despliega por las calles de Puerto Ays\u00e9n"},"content":{"rendered":"<div class=\"flex_column av_one_full  flex_column_div av-zero-column-padding first  avia-builder-el-0  el_before_av_one_full  avia-builder-el-first  \" style='border-radius:0px; '><div  class='avia-image-container  av-styling-    avia-builder-el-1  avia-builder-el-no-sibling  avia-align-center '  itemprop=\"image\" itemscope=\"itemscope\" itemtype=\"https:\/\/schema.org\/ImageObject\"  ><div class='avia-image-container-inner'><div class='avia-image-overlay-wrap'><img decoding=\"async\" class='wp-image-51902 avia-img-lazy-loading-not-51902 avia_image' src=\"https:\/\/radiorevelacionfm.cl\/wp-content\/uploads\/2025\/03\/sernac-2-1_optimized-1.jpg\" alt='' title='sernac-2-(1)_optimized (1)' height=\"600\" width=\"1067\"  itemprop=\"thumbnailUrl\" srcset=\"https:\/\/radiorevelacionfm.cl\/wp-content\/uploads\/2025\/03\/sernac-2-1_optimized-1.jpg 1067w, https:\/\/radiorevelacionfm.cl\/wp-content\/uploads\/2025\/03\/sernac-2-1_optimized-1-300x169.jpg 300w, https:\/\/radiorevelacionfm.cl\/wp-content\/uploads\/2025\/03\/sernac-2-1_optimized-1-1030x579.jpg 1030w, https:\/\/radiorevelacionfm.cl\/wp-content\/uploads\/2025\/03\/sernac-2-1_optimized-1-768x432.jpg 768w, https:\/\/radiorevelacionfm.cl\/wp-content\/uploads\/2025\/03\/sernac-2-1_optimized-1-705x396.jpg 705w, https:\/\/radiorevelacionfm.cl\/wp-content\/uploads\/2025\/03\/sernac-2-1_optimized-1-450x253.jpg 450w, https:\/\/radiorevelacionfm.cl\/wp-content\/uploads\/2025\/03\/sernac-2-1_optimized-1-600x337.jpg 600w\" sizes=\"(max-width: 1067px) 100vw, 1067px\" \/><\/div><\/div><\/div><\/div><div class=\"flex_column av_one_full  flex_column_div av-zero-column-padding first  avia-builder-el-2  el_after_av_one_full  el_before_av_one_full  column-top-margin\" style='border-radius:0px; '><section class=\"av_textblock_section \"  itemscope=\"itemscope\" itemtype=\"https:\/\/schema.org\/BlogPosting\" itemprop=\"blogPost\" ><div class='avia_textblock  '   itemprop=\"text\" ><p style=\"text-align: center;\"><strong><span style=\"font-size: 18pt;\">En el marco del D\u00eda Mundial del Consumidor: Sernac se despliega por las calles de Puerto Ays\u00e9n<\/span><\/strong><\/p>\n<div id=\"gtx-trans\" style=\"position: absolute; left: -50px; top: 4.31534px;\">\n<div class=\"gtx-trans-icon\"><\/div>\n<\/div>\n<\/div><\/section><\/div><div class=\"flex_column av_one_full  flex_column_div av-zero-column-padding first  avia-builder-el-4  el_after_av_one_full  el_before_av_hr  column-top-margin\" style='border-radius:0px; '><section class=\"av_textblock_section \"  itemscope=\"itemscope\" itemtype=\"https:\/\/schema.org\/BlogPosting\" itemprop=\"blogPost\" ><div class='avia_textblock  '   itemprop=\"text\" ><p style=\"text-align: justify;\"><em>En Puerto Ays\u00e9n, la Directora Regional del SERNAC estuvo junto al Delegado Presidencial Provincial de Ays\u00e9n, realizando difusi\u00f3n de derechos en el comercio, a locatarios y transe\u00fantes, quienes recibieron informaci\u00f3n directamente de las autoridades.<\/em><\/p>\n<p style=\"text-align: justify;\">Conocer la ley de protecci\u00f3n al consumidor y hacerla presente a la hora de comprar un producto o contratar un servicio, permite a las personas exigir sus derechos. Al mismo tiempo, para los comerciantes la informaci\u00f3n respecto de sus obligaciones como proveedor les permite cumplir con la normativa vigente, y respecto de las personas que se desempe\u00f1an como vendedores y en servicio al cliente, aplicar buenas pr\u00e1cticas en sus lugares de trabajo.<\/p>\n<p style=\"text-align: justify;\">El Delegado Presidencial Provincial de Ays\u00e9n, Rodrigo Moreno Rivera, se\u00f1al\u00f3 que, \u201cEsta instancia de difusi\u00f3n junto a la Directora del Sernac fue provechosa tanto para los locatarios como para los habitantes de Ays\u00e9n, sabemos que nuestra cultura com\u00fanmente no se informa de sus derechos como consumidor, por lo cual la jornada en terreno aclar\u00f3 varias dudas de la comunidad\u201d.<\/p>\n<p style=\"text-align: justify;\">La directora regional del SERNAC Ays\u00e9n, Sandra Espinoza Tordecilla, indic\u00f3: \u201cEn esta actividad de difusi\u00f3n estamos entregando informaci\u00f3n sobre sus derechos a los consumidores y tambi\u00e9n dando a conocer las obligaciones de los proveedores, lo que busca por una parte que las personas conozcan sus derechos para exigir que sean respetados y que las empresas se ajusten a la normativa vigente, en materias como la exhibici\u00f3n de precios, el acceso a la informaci\u00f3n veraz y oportuna, la garant\u00eda legal, entre otras\u201d.<\/p>\n<p style=\"text-align: justify;\">Todo indica que los consumidores est\u00e1n cada vez m\u00e1s conscientes de sus derechos y dispuestos a ejercerlos. Asimismo, las tendencias nos muestran que un consumidor empoderado sabe premiar con su compra o contrataci\u00f3n a la empresa que respeta sus derechos y deja de comprar a quien los vulnera.<\/p>\n<p style=\"text-align: justify;\">Chile ha ido avanzando en materia de protecci\u00f3n al consumidor con el paso de los a\u00f1os.\u00a0<strong>En 1990 naci\u00f3 el SERNAC<\/strong>\u00a0y 7 a\u00f1os m\u00e1s tarde\u00a0<strong>se promulg\u00f3 la Ley del Consumidor (1997)<\/strong>, normativa que estableci\u00f3 los derechos de los consumidores y las obligaciones de las empresas en materia de consumo.<\/p>\n<p style=\"text-align: justify;\"><strong>Posteriormente, diversas reformas legales, en 2001, 2004, 2019 y 2021, han establecido la incorporaci\u00f3n de nuevos derechos<\/strong>, y han otorgado al SERNAC una serie de herramientas, entre ellas su\u00a0<strong>facultad fiscalizadora<\/strong>.<\/p>\n<p style=\"text-align: justify;\">Actualmente, se tramita en el Congreso Nacional el proyecto de ley \u201cSERNAC te Protege\u201d, el cual considera una gesti\u00f3n de reclamos expedita y eficaz por parte de las empresas mediante la creaci\u00f3n de canales de atenci\u00f3n, junto con la obligaci\u00f3n de responderlos; iniciativa que tambi\u00e9n busca que el SERNAC tenga la facultad de sancionar a las empresas que no ofrezcan soluciones oportunas y pertinentes a los consumidores en problem\u00e1ticas individuales de consumo.<\/p>\n<\/div><\/section><\/div><div  style='height:50px' class='hr hr-invisible   avia-builder-el-6  el_after_av_one_full  el_before_av_social_share '><span class='hr-inner ' ><span class='hr-inner-style'><\/span><\/span><\/div><\/p>\n<div  class='av-social-sharing-box  avia-builder-el-7  el_after_av_hr  el_before_av_hr  '><div class='av-share-box'><h5 class='av-share-link-description av-no-toc '>Compartir esta noticia<\/h5><ul class='av-share-box-list noLightbox'><li class='av-share-link av-social-link-facebook' ><a target=\"_blank\" aria-label=\"Compartir en Facebook\" href='https:\/\/www.facebook.com\/sharer.php?u=https:\/\/radiorevelacionfm.cl\/?p=51901&#038;t=En%20el%20marco%20del%20D%C3%ADa%20Mundial%20del%20Consumidor%3A%20Sernac%20se%20despliega%20por%20las%20calles%20de%20Puerto%20Ays%C3%A9n' aria-hidden='false' data-av_icon='\ue8f3' data-av_iconfont='entypo-fontello' title='' data-avia-related-tooltip='Compartir en Facebook' rel=\"noopener\"><span class='avia_hidden_link_text'>Compartir en Facebook<\/span><\/a><\/li><li class='av-share-link av-social-link-twitter' ><a target=\"_blank\" aria-label=\"Compartir en Twitter\" href='https:\/\/twitter.com\/share?text=En%20el%20marco%20del%20D%C3%ADa%20Mundial%20del%20Consumidor%3A%20Sernac%20se%20despliega%20por%20las%20calles%20de%20Puerto%20Ays%C3%A9n&#038;url=https:\/\/radiorevelacionfm.cl\/?p=51901' aria-hidden='false' data-av_icon='\ue8f1' data-av_iconfont='entypo-fontello' title='' data-avia-related-tooltip='Compartir en Twitter' rel=\"noopener\"><span class='avia_hidden_link_text'>Compartir en Twitter<\/span><\/a><\/li><li class='av-share-link av-social-link-whatsapp' ><a target=\"_blank\" aria-label=\"Compartir en Whatsapp\" href='https:\/\/api.whatsapp.com\/send?text=https:\/\/radiorevelacionfm.cl\/?p=51901' aria-hidden='false' data-av_icon='\uf232' data-av_iconfont='entypo-fontello' title='' data-avia-related-tooltip='Compartir en Whatsapp' rel=\"noopener\"><span class='avia_hidden_link_text'>Compartir en Whatsapp<\/span><\/a><\/li><li class='av-share-link av-social-link-linkedin' ><a target=\"_blank\" aria-label=\"Compartir en LinkedIn\" href='https:\/\/linkedin.com\/shareArticle?mini=true&#038;title=En%20el%20marco%20del%20D%C3%ADa%20Mundial%20del%20Consumidor%3A%20Sernac%20se%20despliega%20por%20las%20calles%20de%20Puerto%20Ays%C3%A9n&#038;url=https:\/\/radiorevelacionfm.cl\/?p=51901' aria-hidden='false' data-av_icon='\ue8fc' data-av_iconfont='entypo-fontello' title='' data-avia-related-tooltip='Compartir en LinkedIn' rel=\"noopener\"><span class='avia_hidden_link_text'>Compartir en LinkedIn<\/span><\/a><\/li><li class='av-share-link av-social-link-mail' ><a  aria-label=\"Compartir por correo\" href='mailto:?subject=En%20el%20marco%20del%20D%C3%ADa%20Mundial%20del%20Consumidor%3A%20Sernac%20se%20despliega%20por%20las%20calles%20de%20Puerto%20Ays%C3%A9n&#038;body=https:\/\/radiorevelacionfm.cl\/?p=51901' aria-hidden='false' data-av_icon='\ue805' data-av_iconfont='entypo-fontello' title='' data-avia-related-tooltip='Compartir por correo'><span class='avia_hidden_link_text'>Compartir por correo<\/span><\/a><\/li><\/ul><\/div><\/div>\n<div  style='height:50px' class='hr hr-invisible   avia-builder-el-8  el_after_av_social_share  el_before_av_comments_list '><span class='hr-inner ' ><span class='hr-inner-style'><\/span><\/span><\/div>\n<div  class='av-buildercomment  av-blog-meta-html-info-disabled av-blog-meta-tag-disabled  '><\/div>\n","protected":false},"excerpt":{"rendered":"","protected":false},"author":1,"featured_media":51902,"comment_status":"closed","ping_status":"closed","sticky":false,"template":"","format":"standard","meta":{"footnotes":""},"categories":[38],"tags":[],"class_list":["post-51901","post","type-post","status-publish","format-standard","has-post-thumbnail","hentry","category-regional"],"jetpack_featured_media_url":"https:\/\/radiorevelacionfm.cl\/wp-content\/uploads\/2025\/03\/sernac-2-1_optimized-1.jpg","_links":{"self":[{"href":"https:\/\/radiorevelacionfm.cl\/index.php?rest_route=\/wp\/v2\/posts\/51901","targetHints":{"allow":["GET"]}}],"collection":[{"href":"https:\/\/radiorevelacionfm.cl\/index.php?rest_route=\/wp\/v2\/posts"}],"about":[{"href":"https:\/\/radiorevelacionfm.cl\/index.php?rest_route=\/wp\/v2\/types\/post"}],"author":[{"embeddable":true,"href":"https:\/\/radiorevelacionfm.cl\/index.php?rest_route=\/wp\/v2\/users\/1"}],"replies":[{"embeddable":true,"href":"https:\/\/radiorevelacionfm.cl\/index.php?rest_route=%2Fwp%2Fv2%2Fcomments&post=51901"}],"version-history":[{"count":2,"href":"https:\/\/radiorevelacionfm.cl\/index.php?rest_route=\/wp\/v2\/posts\/51901\/revisions"}],"predecessor-version":[{"id":51904,"href":"https:\/\/radiorevelacionfm.cl\/index.php?rest_route=\/wp\/v2\/posts\/51901\/revisions\/51904"}],"wp:featuredmedia":[{"embeddable":true,"href":"https:\/\/radiorevelacionfm.cl\/index.php?rest_route=\/wp\/v2\/media\/51902"}],"wp:attachment":[{"href":"https:\/\/radiorevelacionfm.cl\/index.php?rest_route=%2Fwp%2Fv2%2Fmedia&parent=51901"}],"wp:term":[{"taxonomy":"category","embeddable":true,"href":"https:\/\/radiorevelacionfm.cl\/index.php?rest_route=%2Fwp%2Fv2%2Fcategories&post=51901"},{"taxonomy":"post_tag","embeddable":true,"href":"https:\/\/radiorevelacionfm.cl\/index.php?rest_route=%2Fwp%2Fv2%2Ftags&post=51901"}],"curies":[{"name":"wp","href":"https:\/\/api.w.org\/{rel}","templated":true}]}}