{"id":51897,"date":"2025-03-30T15:33:32","date_gmt":"2025-03-30T18:33:32","guid":{"rendered":"https:\/\/radiorevelacionfm.cl\/?p=51897"},"modified":"2025-03-30T15:33:32","modified_gmt":"2025-03-30T18:33:32","slug":"agroindustria-inacap-coyhaique-en-el-seminario-internacional-de-sostenibilidad-alimentaria-2025","status":"publish","type":"post","link":"https:\/\/radiorevelacionfm.cl\/?p=51897","title":{"rendered":"Agroindustria INACAP Coyhaique en el Seminario Internacional de Sostenibilidad Alimentaria 2025"},"content":{"rendered":"<div class=\"flex_column av_one_full  flex_column_div av-zero-column-padding first  avia-builder-el-0  el_before_av_one_full  avia-builder-el-first  \" style='border-radius:0px; '><div  class='avia-image-container  av-styling-    avia-builder-el-1  avia-builder-el-no-sibling  avia-align-center '  itemprop=\"image\" itemscope=\"itemscope\" itemtype=\"https:\/\/schema.org\/ImageObject\"  ><div class='avia-image-container-inner'><div class='avia-image-overlay-wrap'><img decoding=\"async\" class='wp-image-51898 avia-img-lazy-loading-not-51898 avia_image' src=\"https:\/\/radiorevelacionfm.cl\/wp-content\/uploads\/2025\/03\/whatsapp-image-2025-03-26-at-9_optimized.11.48-am-1.jpeg\" alt='' title='whatsapp-image-2025-03-26-at-9_optimized.11.48-am-(1)' height=\"610\" width=\"803\"  itemprop=\"thumbnailUrl\" srcset=\"https:\/\/radiorevelacionfm.cl\/wp-content\/uploads\/2025\/03\/whatsapp-image-2025-03-26-at-9_optimized.11.48-am-1.jpeg 803w, https:\/\/radiorevelacionfm.cl\/wp-content\/uploads\/2025\/03\/whatsapp-image-2025-03-26-at-9_optimized.11.48-am-1-300x228.jpeg 300w, https:\/\/radiorevelacionfm.cl\/wp-content\/uploads\/2025\/03\/whatsapp-image-2025-03-26-at-9_optimized.11.48-am-1-768x583.jpeg 768w, https:\/\/radiorevelacionfm.cl\/wp-content\/uploads\/2025\/03\/whatsapp-image-2025-03-26-at-9_optimized.11.48-am-1-705x536.jpeg 705w, https:\/\/radiorevelacionfm.cl\/wp-content\/uploads\/2025\/03\/whatsapp-image-2025-03-26-at-9_optimized.11.48-am-1-450x342.jpeg 450w, https:\/\/radiorevelacionfm.cl\/wp-content\/uploads\/2025\/03\/whatsapp-image-2025-03-26-at-9_optimized.11.48-am-1-600x456.jpeg 600w\" sizes=\"(max-width: 803px) 100vw, 803px\" \/><\/div><\/div><\/div><\/div><div class=\"flex_column av_one_full  flex_column_div av-zero-column-padding first  avia-builder-el-2  el_after_av_one_full  el_before_av_one_full  column-top-margin\" style='border-radius:0px; '><section class=\"av_textblock_section \"  itemscope=\"itemscope\" itemtype=\"https:\/\/schema.org\/BlogPosting\" itemprop=\"blogPost\" ><div class='avia_textblock  '   itemprop=\"text\" ><p style=\"text-align: center;\"><strong><span style=\"font-size: 18pt;\">Agroindustria INACAP Coyhaique en el Seminario Internacional de Sostenibilidad Alimentaria 2025<\/span><\/strong><\/p>\n<div id=\"gtx-trans\" style=\"position: absolute; left: -50px; top: 4.31534px;\">\n<div class=\"gtx-trans-icon\"><\/div>\n<\/div>\n<\/div><\/section><\/div><div class=\"flex_column av_one_full  flex_column_div av-zero-column-padding first  avia-builder-el-4  el_after_av_one_full  el_before_av_hr  column-top-margin\" style='border-radius:0px; '><section class=\"av_textblock_section \"  itemscope=\"itemscope\" itemtype=\"https:\/\/schema.org\/BlogPosting\" itemprop=\"blogPost\" ><div class='avia_textblock  '   itemprop=\"text\" ><p style=\"text-align: justify;\">El \u00e1rea de Agroindustria de INACAP Sede Coyhaique tuvo el honor de participar en el <strong>Seminario Internacional de Sostenibilidad Alimentaria 2025<\/strong>, organizado por la <strong>Universidad de Ays\u00e9n<\/strong> y <strong>Corfo Ays\u00e9n<\/strong>. Este evento reuni\u00f3 a expertos, acad\u00e9micos y empresas del sector para debatir sobre los desaf\u00edos y oportunidades en la producci\u00f3n sustentable de alimentos, destacando la importancia de la innovaci\u00f3n y el desarrollo sostenible en nuestra regi\u00f3n.<\/p>\n<p style=\"text-align: justify;\">Karen Alarc\u00f3n, directora del \u00e1rea de Agroindustria de INACAP Coyhaique, destac\u00f3 la relevancia de este tipo de encuentros para el crecimiento del sector<\/p>\n<p style=\"text-align: justify;\">\u00abEventos como este nos permiten fortalecer redes de colaboraci\u00f3n, compartir conocimientos y fomentar la innovaci\u00f3n en la agroindustria. Es fundamental que sigamos avanzando hacia modelos de producci\u00f3n m\u00e1s sostenibles y eficientes\u00bb.<\/p>\n<p style=\"text-align: justify;\">Asimismo, Angela \u00a0estudiantes participantes del seminario expres\u00f3 su entusiasmo por la experiencia \u00abFue una instancia enriquecedora, donde pudimos conocer nuevas tecnolog\u00edas y enfoques para la producci\u00f3n sustentable de alimentos. Sin duda, esta experiencia nos motiva a seguir explorando soluciones innovadoras para el futuro de la agroindustria en nuestra regi\u00f3n\u00bb.<\/p>\n<p style=\"text-align: justify;\">La participaci\u00f3n de INACAP Coyhaique en este seminario reafirma su compromiso con la formaci\u00f3n de profesionales preparados para enfrentar los desaf\u00edos del sector agroindustrial, promoviendo un desarrollo sostenible y responsable con el medioambiente.<\/p>\n<\/div><\/section><\/div><div  style='height:50px' class='hr hr-invisible   avia-builder-el-6  el_after_av_one_full  el_before_av_social_share '><span class='hr-inner ' ><span class='hr-inner-style'><\/span><\/span><\/div><\/p>\n<div  class='av-social-sharing-box  avia-builder-el-7  el_after_av_hr  el_before_av_hr  '><div class='av-share-box'><h5 class='av-share-link-description av-no-toc '>Compartir esta noticia<\/h5><ul class='av-share-box-list noLightbox'><li class='av-share-link av-social-link-facebook' ><a target=\"_blank\" aria-label=\"Compartir en Facebook\" href='https:\/\/www.facebook.com\/sharer.php?u=https:\/\/radiorevelacionfm.cl\/?p=51897&#038;t=Agroindustria%20INACAP%20Coyhaique%20en%20el%20Seminario%20Internacional%20de%20Sostenibilidad%20Alimentaria%202025' aria-hidden='false' data-av_icon='\ue8f3' data-av_iconfont='entypo-fontello' title='' data-avia-related-tooltip='Compartir en Facebook' rel=\"noopener\"><span class='avia_hidden_link_text'>Compartir en Facebook<\/span><\/a><\/li><li class='av-share-link av-social-link-twitter' ><a target=\"_blank\" aria-label=\"Compartir en Twitter\" href='https:\/\/twitter.com\/share?text=Agroindustria%20INACAP%20Coyhaique%20en%20el%20Seminario%20Internacional%20de%20Sostenibilidad%20Alimentaria%202025&#038;url=https:\/\/radiorevelacionfm.cl\/?p=51897' aria-hidden='false' data-av_icon='\ue8f1' data-av_iconfont='entypo-fontello' title='' data-avia-related-tooltip='Compartir en Twitter' rel=\"noopener\"><span class='avia_hidden_link_text'>Compartir en Twitter<\/span><\/a><\/li><li class='av-share-link av-social-link-whatsapp' ><a target=\"_blank\" aria-label=\"Compartir en Whatsapp\" href='https:\/\/api.whatsapp.com\/send?text=https:\/\/radiorevelacionfm.cl\/?p=51897' aria-hidden='false' data-av_icon='\uf232' data-av_iconfont='entypo-fontello' title='' data-avia-related-tooltip='Compartir en Whatsapp' rel=\"noopener\"><span class='avia_hidden_link_text'>Compartir en Whatsapp<\/span><\/a><\/li><li class='av-share-link av-social-link-linkedin' ><a target=\"_blank\" aria-label=\"Compartir en LinkedIn\" href='https:\/\/linkedin.com\/shareArticle?mini=true&#038;title=Agroindustria%20INACAP%20Coyhaique%20en%20el%20Seminario%20Internacional%20de%20Sostenibilidad%20Alimentaria%202025&#038;url=https:\/\/radiorevelacionfm.cl\/?p=51897' aria-hidden='false' data-av_icon='\ue8fc' data-av_iconfont='entypo-fontello' title='' data-avia-related-tooltip='Compartir en LinkedIn' rel=\"noopener\"><span class='avia_hidden_link_text'>Compartir en LinkedIn<\/span><\/a><\/li><li class='av-share-link av-social-link-mail' ><a  aria-label=\"Compartir por correo\" href='mailto:?subject=Agroindustria%20INACAP%20Coyhaique%20en%20el%20Seminario%20Internacional%20de%20Sostenibilidad%20Alimentaria%202025&#038;body=https:\/\/radiorevelacionfm.cl\/?p=51897' aria-hidden='false' data-av_icon='\ue805' data-av_iconfont='entypo-fontello' title='' data-avia-related-tooltip='Compartir por correo'><span class='avia_hidden_link_text'>Compartir por correo<\/span><\/a><\/li><\/ul><\/div><\/div>\n<div  style='height:50px' class='hr hr-invisible   avia-builder-el-8  el_after_av_social_share  el_before_av_comments_list '><span class='hr-inner ' ><span class='hr-inner-style'><\/span><\/span><\/div>\n<div  class='av-buildercomment  av-blog-meta-html-info-disabled av-blog-meta-tag-disabled  '><\/div>\n","protected":false},"excerpt":{"rendered":"","protected":false},"author":1,"featured_media":51898,"comment_status":"closed","ping_status":"closed","sticky":false,"template":"","format":"standard","meta":{"footnotes":""},"categories":[49],"tags":[],"class_list":["post-51897","post","type-post","status-publish","format-standard","has-post-thumbnail","hentry","category-educacion"],"jetpack_featured_media_url":"https:\/\/radiorevelacionfm.cl\/wp-content\/uploads\/2025\/03\/whatsapp-image-2025-03-26-at-9_optimized.11.48-am-1.jpeg","_links":{"self":[{"href":"https:\/\/radiorevelacionfm.cl\/index.php?rest_route=\/wp\/v2\/posts\/51897","targetHints":{"allow":["GET"]}}],"collection":[{"href":"https:\/\/radiorevelacionfm.cl\/index.php?rest_route=\/wp\/v2\/posts"}],"about":[{"href":"https:\/\/radiorevelacionfm.cl\/index.php?rest_route=\/wp\/v2\/types\/post"}],"author":[{"embeddable":true,"href":"https:\/\/radiorevelacionfm.cl\/index.php?rest_route=\/wp\/v2\/users\/1"}],"replies":[{"embeddable":true,"href":"https:\/\/radiorevelacionfm.cl\/index.php?rest_route=%2Fwp%2Fv2%2Fcomments&post=51897"}],"version-history":[{"count":2,"href":"https:\/\/radiorevelacionfm.cl\/index.php?rest_route=\/wp\/v2\/posts\/51897\/revisions"}],"predecessor-version":[{"id":51900,"href":"https:\/\/radiorevelacionfm.cl\/index.php?rest_route=\/wp\/v2\/posts\/51897\/revisions\/51900"}],"wp:featuredmedia":[{"embeddable":true,"href":"https:\/\/radiorevelacionfm.cl\/index.php?rest_route=\/wp\/v2\/media\/51898"}],"wp:attachment":[{"href":"https:\/\/radiorevelacionfm.cl\/index.php?rest_route=%2Fwp%2Fv2%2Fmedia&parent=51897"}],"wp:term":[{"taxonomy":"category","embeddable":true,"href":"https:\/\/radiorevelacionfm.cl\/index.php?rest_route=%2Fwp%2Fv2%2Fcategories&post=51897"},{"taxonomy":"post_tag","embeddable":true,"href":"https:\/\/radiorevelacionfm.cl\/index.php?rest_route=%2Fwp%2Fv2%2Ftags&post=51897"}],"curies":[{"name":"wp","href":"https:\/\/api.w.org\/{rel}","templated":true}]}}