{"id":51893,"date":"2025-03-30T15:21:46","date_gmt":"2025-03-30T18:21:46","guid":{"rendered":"https:\/\/radiorevelacionfm.cl\/?p=51893"},"modified":"2025-03-30T15:21:46","modified_gmt":"2025-03-30T18:21:46","slug":"cochrane-se-suma-a-la-campana-patagonia-ponte-las-pilas-con-nuevo-punto-de-acopio","status":"publish","type":"post","link":"https:\/\/radiorevelacionfm.cl\/?p=51893","title":{"rendered":"Cochrane se suma a la campa\u00f1a \u201cPatagonia ponte las pilas\u201d con nuevo punto de acopio"},"content":{"rendered":"<div class=\"flex_column av_one_full  flex_column_div av-zero-column-padding first  avia-builder-el-0  el_before_av_one_full  avia-builder-el-first  \" style='border-radius:0px; '><div  class='avia-image-container  av-styling-    avia-builder-el-1  avia-builder-el-no-sibling  avia-align-center '  itemprop=\"image\" itemscope=\"itemscope\" itemtype=\"https:\/\/schema.org\/ImageObject\"  ><div class='avia-image-container-inner'><div class='avia-image-overlay-wrap'><img decoding=\"async\" class='wp-image-51894 avia-img-lazy-loading-not-51894 avia_image' src=\"https:\/\/radiorevelacionfm.cl\/wp-content\/uploads\/2025\/03\/campana-pilas-cochrane1-1_optimized.jpeg\" alt='' title='campa\u00f1a-pilas-cochrane1-(1)_optimized' height=\"600\" width=\"800\"  itemprop=\"thumbnailUrl\" srcset=\"https:\/\/radiorevelacionfm.cl\/wp-content\/uploads\/2025\/03\/campana-pilas-cochrane1-1_optimized.jpeg 800w, https:\/\/radiorevelacionfm.cl\/wp-content\/uploads\/2025\/03\/campana-pilas-cochrane1-1_optimized-300x225.jpeg 300w, https:\/\/radiorevelacionfm.cl\/wp-content\/uploads\/2025\/03\/campana-pilas-cochrane1-1_optimized-768x576.jpeg 768w, https:\/\/radiorevelacionfm.cl\/wp-content\/uploads\/2025\/03\/campana-pilas-cochrane1-1_optimized-705x529.jpeg 705w, https:\/\/radiorevelacionfm.cl\/wp-content\/uploads\/2025\/03\/campana-pilas-cochrane1-1_optimized-450x338.jpeg 450w, https:\/\/radiorevelacionfm.cl\/wp-content\/uploads\/2025\/03\/campana-pilas-cochrane1-1_optimized-600x450.jpeg 600w\" sizes=\"(max-width: 800px) 100vw, 800px\" \/><\/div><\/div><\/div><\/div><div class=\"flex_column av_one_full  flex_column_div av-zero-column-padding first  avia-builder-el-2  el_after_av_one_full  el_before_av_one_full  column-top-margin\" style='border-radius:0px; '><section class=\"av_textblock_section \"  itemscope=\"itemscope\" itemtype=\"https:\/\/schema.org\/BlogPosting\" itemprop=\"blogPost\" ><div class='avia_textblock  '   itemprop=\"text\" ><p style=\"text-align: center;\"><strong><span style=\"font-size: 18pt;\">Cochrane se suma a la campa\u00f1a \u201cPatagonia ponte las pilas\u201d con nuevo punto de acopio<\/span><\/strong><\/p>\n<div id=\"gtx-trans\" style=\"position: absolute; left: -50px; top: 4.31534px;\">\n<div class=\"gtx-trans-icon\"><\/div>\n<\/div>\n<\/div><\/section><\/div><div class=\"flex_column av_one_full  flex_column_div av-zero-column-padding first  avia-builder-el-4  el_after_av_one_full  el_before_av_hr  column-top-margin\" style='border-radius:0px; '><section class=\"av_textblock_section \"  itemscope=\"itemscope\" itemtype=\"https:\/\/schema.org\/BlogPosting\" itemprop=\"blogPost\" ><div class='avia_textblock  '   itemprop=\"text\" ><ul>\n<li style=\"text-align: justify;\"><em>En una nueva alianza Edelaysen junto a la Municipalidad de Cochrane, se unen para disponer de un punto oficial de acopio en la comuna, fomentando el cuidado medio ambiental en la zona sur de la regi\u00f3n.<\/em><\/li>\n<\/ul>\n<p style=\"text-align: justify;\">En el marco del compromiso con el desarrollo sostenible y el cuidado del entorno, Edelaysen concret\u00f3 una nueva alianza, esta vez con la Municipalidad de Cochrane para habilitar un punto oficial de almacenamiento de pilas en desuso, iniciativa que busca promover el almacenaje responsable y potenciar las actividades medio ambientales en la zona sur de la Regi\u00f3n de Ays\u00e9n.<\/p>\n<p style=\"text-align: justify;\">Esta acci\u00f3n se enmarca en la campa\u00f1a \u201cPatagonia ponte las pilas\u201d que a\u00f1o a a\u00f1o suma nuevos actores tanto del sector p\u00fablico como privado, adem\u00e1s de establecimientos educacionales, fomentando actividades sustentables en ni\u00f1os y ni\u00f1as de la regi\u00f3n como lo es la recolecci\u00f3n de estos elementos nocivos, evitando que contaminen ecosistemas locales y generen impactos negativos en la salud de las personas y el entorno.<\/p>\n<p style=\"text-align: justify;\">\u201cEstamos muy contentos por generar esta alianza el d\u00eda de hoy en esta hermosa comuna como es Cochrane. Este tipo de colaboraciones nos permite acercar a la comunidad soluciones concretas para cuidar nuestro entorno. Sabemos lo importante que es para los habitantes de Cochrane contar con espacios adecuados para desechar residuos como las pilas, y estamos orgullosos de trabajar junto a la Municipalidad en esta tarea\u201d, se\u00f1al\u00f3 Yasna Vera, ejecutiva de Edelaysen.<\/p>\n<p style=\"text-align: justify;\">El nuevo punto de acopio, estar\u00e1 disponible para que los vecinos y vecinas puedan depositar sus pilas usadas de forma segura, evitando que estos residuos altamente peligrosos terminen en vertederos o en el entorno natural y puedan ser depositados en lugares especializados para este tipo de desechos.<\/p>\n<p style=\"text-align: justify;\">Por su parte, Beatriz Oliveros, encargada de la unidad de medio ambiente de la Municipalidad de Cochrane destac\u00f3: \u201cEn esta oportunidad nos reunimos con Edelaysen para dar lanzamiento a la campa\u00f1a \u201cPatagonia ponte las pilas\u201d, por lo que invito a toda la comunidad a unirse, a ser part\u00edcipe de esto. Como oficina de medio ambiente, los estaremos esperando para que se sumen, pueden hacer llegar sus pilas a cualquier departamento municipal donde tendremos disponible los contenedores para que usted pueda depositar sus pilas\u201d.<\/p>\n<p style=\"text-align: justify;\">De esta manera, esta alianza no solo facilitar\u00e1 el almacenamiento seguro de estos residuos, sino que tambi\u00e9n se enmarca dentro de una estrategia de educaci\u00f3n ambiental y gesti\u00f3n responsable de los recursos. Con este nuevo hito, se contin\u00faa consolidando una red colaborativa con acciones concretas y coordinadas entre el sector p\u00fablico, privado y educacional.<\/p>\n<\/div><\/section><\/div><div  style='height:50px' class='hr hr-invisible   avia-builder-el-6  el_after_av_one_full  el_before_av_social_share '><span class='hr-inner ' ><span class='hr-inner-style'><\/span><\/span><\/div><\/p>\n<div  class='av-social-sharing-box  avia-builder-el-7  el_after_av_hr  el_before_av_hr  '><div class='av-share-box'><h5 class='av-share-link-description av-no-toc '>Compartir esta noticia<\/h5><ul class='av-share-box-list noLightbox'><li class='av-share-link av-social-link-facebook' ><a target=\"_blank\" aria-label=\"Compartir en Facebook\" href='https:\/\/www.facebook.com\/sharer.php?u=https:\/\/radiorevelacionfm.cl\/?p=51893&#038;t=Cochrane%20se%20suma%20a%20la%20campa%C3%B1a%20%E2%80%9CPatagonia%20ponte%20las%20pilas%E2%80%9D%20con%20nuevo%20punto%20de%20acopio' aria-hidden='false' data-av_icon='\ue8f3' data-av_iconfont='entypo-fontello' title='' data-avia-related-tooltip='Compartir en Facebook' rel=\"noopener\"><span class='avia_hidden_link_text'>Compartir en Facebook<\/span><\/a><\/li><li class='av-share-link av-social-link-twitter' ><a target=\"_blank\" aria-label=\"Compartir en Twitter\" href='https:\/\/twitter.com\/share?text=Cochrane%20se%20suma%20a%20la%20campa%C3%B1a%20%E2%80%9CPatagonia%20ponte%20las%20pilas%E2%80%9D%20con%20nuevo%20punto%20de%20acopio&#038;url=https:\/\/radiorevelacionfm.cl\/?p=51893' aria-hidden='false' data-av_icon='\ue8f1' data-av_iconfont='entypo-fontello' title='' data-avia-related-tooltip='Compartir en Twitter' rel=\"noopener\"><span class='avia_hidden_link_text'>Compartir en Twitter<\/span><\/a><\/li><li class='av-share-link av-social-link-whatsapp' ><a target=\"_blank\" aria-label=\"Compartir en Whatsapp\" href='https:\/\/api.whatsapp.com\/send?text=https:\/\/radiorevelacionfm.cl\/?p=51893' aria-hidden='false' data-av_icon='\uf232' data-av_iconfont='entypo-fontello' title='' data-avia-related-tooltip='Compartir en Whatsapp' rel=\"noopener\"><span class='avia_hidden_link_text'>Compartir en Whatsapp<\/span><\/a><\/li><li class='av-share-link av-social-link-linkedin' ><a target=\"_blank\" aria-label=\"Compartir en LinkedIn\" href='https:\/\/linkedin.com\/shareArticle?mini=true&#038;title=Cochrane%20se%20suma%20a%20la%20campa%C3%B1a%20%E2%80%9CPatagonia%20ponte%20las%20pilas%E2%80%9D%20con%20nuevo%20punto%20de%20acopio&#038;url=https:\/\/radiorevelacionfm.cl\/?p=51893' aria-hidden='false' data-av_icon='\ue8fc' data-av_iconfont='entypo-fontello' title='' data-avia-related-tooltip='Compartir en LinkedIn' rel=\"noopener\"><span class='avia_hidden_link_text'>Compartir en LinkedIn<\/span><\/a><\/li><li class='av-share-link av-social-link-mail' ><a  aria-label=\"Compartir por correo\" href='mailto:?subject=Cochrane%20se%20suma%20a%20la%20campa%C3%B1a%20%E2%80%9CPatagonia%20ponte%20las%20pilas%E2%80%9D%20con%20nuevo%20punto%20de%20acopio&#038;body=https:\/\/radiorevelacionfm.cl\/?p=51893' aria-hidden='false' data-av_icon='\ue805' data-av_iconfont='entypo-fontello' title='' data-avia-related-tooltip='Compartir por correo'><span class='avia_hidden_link_text'>Compartir por correo<\/span><\/a><\/li><\/ul><\/div><\/div>\n<div  style='height:50px' class='hr hr-invisible   avia-builder-el-8  el_after_av_social_share  el_before_av_comments_list '><span class='hr-inner ' ><span class='hr-inner-style'><\/span><\/span><\/div>\n<div  class='av-buildercomment  av-blog-meta-html-info-disabled av-blog-meta-tag-disabled  '><\/div>\n","protected":false},"excerpt":{"rendered":"","protected":false},"author":1,"featured_media":51894,"comment_status":"closed","ping_status":"closed","sticky":false,"template":"","format":"standard","meta":{"footnotes":""},"categories":[38],"tags":[],"class_list":["post-51893","post","type-post","status-publish","format-standard","has-post-thumbnail","hentry","category-regional"],"jetpack_featured_media_url":"https:\/\/radiorevelacionfm.cl\/wp-content\/uploads\/2025\/03\/campana-pilas-cochrane1-1_optimized.jpeg","_links":{"self":[{"href":"https:\/\/radiorevelacionfm.cl\/index.php?rest_route=\/wp\/v2\/posts\/51893","targetHints":{"allow":["GET"]}}],"collection":[{"href":"https:\/\/radiorevelacionfm.cl\/index.php?rest_route=\/wp\/v2\/posts"}],"about":[{"href":"https:\/\/radiorevelacionfm.cl\/index.php?rest_route=\/wp\/v2\/types\/post"}],"author":[{"embeddable":true,"href":"https:\/\/radiorevelacionfm.cl\/index.php?rest_route=\/wp\/v2\/users\/1"}],"replies":[{"embeddable":true,"href":"https:\/\/radiorevelacionfm.cl\/index.php?rest_route=%2Fwp%2Fv2%2Fcomments&post=51893"}],"version-history":[{"count":2,"href":"https:\/\/radiorevelacionfm.cl\/index.php?rest_route=\/wp\/v2\/posts\/51893\/revisions"}],"predecessor-version":[{"id":51896,"href":"https:\/\/radiorevelacionfm.cl\/index.php?rest_route=\/wp\/v2\/posts\/51893\/revisions\/51896"}],"wp:featuredmedia":[{"embeddable":true,"href":"https:\/\/radiorevelacionfm.cl\/index.php?rest_route=\/wp\/v2\/media\/51894"}],"wp:attachment":[{"href":"https:\/\/radiorevelacionfm.cl\/index.php?rest_route=%2Fwp%2Fv2%2Fmedia&parent=51893"}],"wp:term":[{"taxonomy":"category","embeddable":true,"href":"https:\/\/radiorevelacionfm.cl\/index.php?rest_route=%2Fwp%2Fv2%2Fcategories&post=51893"},{"taxonomy":"post_tag","embeddable":true,"href":"https:\/\/radiorevelacionfm.cl\/index.php?rest_route=%2Fwp%2Fv2%2Ftags&post=51893"}],"curies":[{"name":"wp","href":"https:\/\/api.w.org\/{rel}","templated":true}]}}