{"id":51889,"date":"2025-03-30T15:08:14","date_gmt":"2025-03-30T18:08:14","guid":{"rendered":"https:\/\/radiorevelacionfm.cl\/?p=51889"},"modified":"2025-03-30T15:08:14","modified_gmt":"2025-03-30T18:08:14","slug":"invitan-a-seminario-sobre-derecho-administrativo-en-la-labor-judicial","status":"publish","type":"post","link":"https:\/\/radiorevelacionfm.cl\/?p=51889","title":{"rendered":"Invitan a seminario sobre Derecho Administrativo en la labor judicial"},"content":{"rendered":"<div class=\"flex_column av_one_full  flex_column_div av-zero-column-padding first  avia-builder-el-0  el_before_av_one_full  avia-builder-el-first  \" style='border-radius:0px; '><div  class='avia-image-container  av-styling-    avia-builder-el-1  avia-builder-el-no-sibling  avia-align-center '  itemprop=\"image\" itemscope=\"itemscope\" itemtype=\"https:\/\/schema.org\/ImageObject\"  ><div class='avia-image-container-inner'><div class='avia-image-overlay-wrap'><img decoding=\"async\" class='wp-image-51890 avia-img-lazy-loading-not-51890 avia_image' src=\"https:\/\/radiorevelacionfm.cl\/wp-content\/uploads\/2025\/03\/ciclo_ca2025_h-2_coyhaique-por-confirmar-1-1-1_optimized.jpg\" alt='' title='ciclo_ca2025_h-2_coyhaique - por-confirmar-(1)-(1)-(1)_optimized' height=\"600\" width=\"1200\"  itemprop=\"thumbnailUrl\" srcset=\"https:\/\/radiorevelacionfm.cl\/wp-content\/uploads\/2025\/03\/ciclo_ca2025_h-2_coyhaique-por-confirmar-1-1-1_optimized.jpg 1200w, https:\/\/radiorevelacionfm.cl\/wp-content\/uploads\/2025\/03\/ciclo_ca2025_h-2_coyhaique-por-confirmar-1-1-1_optimized-300x150.jpg 300w, https:\/\/radiorevelacionfm.cl\/wp-content\/uploads\/2025\/03\/ciclo_ca2025_h-2_coyhaique-por-confirmar-1-1-1_optimized-1030x515.jpg 1030w, https:\/\/radiorevelacionfm.cl\/wp-content\/uploads\/2025\/03\/ciclo_ca2025_h-2_coyhaique-por-confirmar-1-1-1_optimized-768x384.jpg 768w, https:\/\/radiorevelacionfm.cl\/wp-content\/uploads\/2025\/03\/ciclo_ca2025_h-2_coyhaique-por-confirmar-1-1-1_optimized-705x353.jpg 705w, https:\/\/radiorevelacionfm.cl\/wp-content\/uploads\/2025\/03\/ciclo_ca2025_h-2_coyhaique-por-confirmar-1-1-1_optimized-450x225.jpg 450w, https:\/\/radiorevelacionfm.cl\/wp-content\/uploads\/2025\/03\/ciclo_ca2025_h-2_coyhaique-por-confirmar-1-1-1_optimized-600x300.jpg 600w\" sizes=\"(max-width: 1200px) 100vw, 1200px\" \/><\/div><\/div><\/div><\/div><div class=\"flex_column av_one_full  flex_column_div av-zero-column-padding first  avia-builder-el-2  el_after_av_one_full  el_before_av_one_full  column-top-margin\" style='border-radius:0px; '><section class=\"av_textblock_section \"  itemscope=\"itemscope\" itemtype=\"https:\/\/schema.org\/BlogPosting\" itemprop=\"blogPost\" ><div class='avia_textblock  '   itemprop=\"text\" ><p style=\"text-align: center;\"><strong><span style=\"font-size: 18pt;\">Invitan a seminario sobre Derecho Administrativo en la labor judicial<\/span><\/strong><\/p>\n<div id=\"gtx-trans\" style=\"position: absolute; left: -50px; top: 4.31534px;\">\n<div class=\"gtx-trans-icon\"><\/div>\n<\/div>\n<\/div><\/section><\/div><div class=\"flex_column av_one_full  flex_column_div av-zero-column-padding first  avia-builder-el-4  el_after_av_one_full  el_before_av_hr  column-top-margin\" style='border-radius:0px; '><section class=\"av_textblock_section \"  itemscope=\"itemscope\" itemtype=\"https:\/\/schema.org\/BlogPosting\" itemprop=\"blogPost\" ><div class='avia_textblock  '   itemprop=\"text\" ><p class=\"v1MsoNormal\" style=\"text-align: justify;\">El presidente de la Corte de Apelaciones de Coyhaique, ministro Pedro Castro Espinoza, invita a la comunidad jur\u00eddica e interesados de la jurisdicci\u00f3n al seminario \u00abAspectos esenciales de derecho administrativo para la labor judicial\u00bb, instancia organizada por el tribunal de alzada en conjunto con la Academia Judicial.<\/p>\n<p class=\"v1MsoNormal\" style=\"text-align: justify;\">La actividad se realizar\u00e1 el jueves 3 de abril del presente a\u00f1o, a las 15:00 horas, y se podr\u00e1 participar de manera presencial, en la sala de extensi\u00f3n de la Corte de Apelaciones (2 piso) y, adem\u00e1s, mediante la plataforma Zoom, para aquellos que se encuentren en otras zonas geogr\u00e1ficas.<\/p>\n<p class=\"v1MsoNormal\" style=\"text-align: justify;\">El seminario tendr\u00e1 como expositora a Rosa Fernanda G\u00f3mez Gonz\u00e1lez, doctora en Derecho por la Pontificia Universidad Cat\u00f3lica de Valpara\u00edso y Mag\u00edster en Derecho, con menci\u00f3n en Derecho Regulatorio, por la Pontificia Universidad Cat\u00f3lica de Chile. Adem\u00e1s, es profesora de Derecho Administrativo de la Universidad de los Andes.<\/p>\n<p class=\"v1MsoNormal\" style=\"text-align: justify;\">\u00abLa tem\u00e1tica tiene por objetivo analizar los aspectos m\u00e1s relevantes de la disciplina del derecho administrativo aplicables a la labor jurisdiccional, con \u00e9nfasis en los criterios dogm\u00e1ticos y jurisprudenciales de mayor relevancia. En concreto, se busca dar cuenta de los conceptos, principios e instituciones b\u00e1sicos o fundamentales que deben tener en consideraci\u00f3n los jueces y las juezas al momento de conocer de asuntos contenciosos-administrativos\u00bb, sostuvo el presidente de la Corte de Apelaciones, Pedro Castro.<\/p>\n<p class=\"v1MsoNormal\" style=\"text-align: justify;\">Asimismo, se abordar\u00e1n temas espec\u00edficos a profundizar como la Ley de Transformaci\u00f3n Digital del Estado. Y adicionalmente, el tema: \u00abRecursos y acciones contencioso-administrativos en Chile\u00bb.<\/p>\n<p class=\"v1MsoNormal\" style=\"text-align: justify;\">Para quienes deseen participar, las inscripciones son al correo\u00a0<a href=\"mailto:extensioncoyhaique@gmail.com\" rel=\"noreferrer\">extensioncoyhaique@gmail.com<\/a>\u00a0indicando en el asunto el nombre de la actividad: \u00abAspectos esenciales de derecho administrativo para la labor judicial\u00bb.<\/p>\n<\/div><\/section><\/div><div  style='height:50px' class='hr hr-invisible   avia-builder-el-6  el_after_av_one_full  el_before_av_social_share '><span class='hr-inner ' ><span class='hr-inner-style'><\/span><\/span><\/div><\/p>\n<div  class='av-social-sharing-box  avia-builder-el-7  el_after_av_hr  el_before_av_hr  '><div class='av-share-box'><h5 class='av-share-link-description av-no-toc '>Compartir esta noticia<\/h5><ul class='av-share-box-list noLightbox'><li class='av-share-link av-social-link-facebook' ><a target=\"_blank\" aria-label=\"Compartir en Facebook\" href='https:\/\/www.facebook.com\/sharer.php?u=https:\/\/radiorevelacionfm.cl\/?p=51889&#038;t=Invitan%20a%20seminario%20sobre%20Derecho%20Administrativo%20en%20la%20labor%20judicial' aria-hidden='false' data-av_icon='\ue8f3' data-av_iconfont='entypo-fontello' title='' data-avia-related-tooltip='Compartir en Facebook' rel=\"noopener\"><span class='avia_hidden_link_text'>Compartir en Facebook<\/span><\/a><\/li><li class='av-share-link av-social-link-twitter' ><a target=\"_blank\" aria-label=\"Compartir en Twitter\" href='https:\/\/twitter.com\/share?text=Invitan%20a%20seminario%20sobre%20Derecho%20Administrativo%20en%20la%20labor%20judicial&#038;url=https:\/\/radiorevelacionfm.cl\/?p=51889' aria-hidden='false' data-av_icon='\ue8f1' data-av_iconfont='entypo-fontello' title='' data-avia-related-tooltip='Compartir en Twitter' rel=\"noopener\"><span class='avia_hidden_link_text'>Compartir en Twitter<\/span><\/a><\/li><li class='av-share-link av-social-link-whatsapp' ><a target=\"_blank\" aria-label=\"Compartir en Whatsapp\" href='https:\/\/api.whatsapp.com\/send?text=https:\/\/radiorevelacionfm.cl\/?p=51889' aria-hidden='false' data-av_icon='\uf232' data-av_iconfont='entypo-fontello' title='' data-avia-related-tooltip='Compartir en Whatsapp' rel=\"noopener\"><span class='avia_hidden_link_text'>Compartir en Whatsapp<\/span><\/a><\/li><li class='av-share-link av-social-link-linkedin' ><a target=\"_blank\" aria-label=\"Compartir en LinkedIn\" href='https:\/\/linkedin.com\/shareArticle?mini=true&#038;title=Invitan%20a%20seminario%20sobre%20Derecho%20Administrativo%20en%20la%20labor%20judicial&#038;url=https:\/\/radiorevelacionfm.cl\/?p=51889' aria-hidden='false' data-av_icon='\ue8fc' data-av_iconfont='entypo-fontello' title='' data-avia-related-tooltip='Compartir en LinkedIn' rel=\"noopener\"><span class='avia_hidden_link_text'>Compartir en LinkedIn<\/span><\/a><\/li><li class='av-share-link av-social-link-mail' ><a  aria-label=\"Compartir por correo\" href='mailto:?subject=Invitan%20a%20seminario%20sobre%20Derecho%20Administrativo%20en%20la%20labor%20judicial&#038;body=https:\/\/radiorevelacionfm.cl\/?p=51889' aria-hidden='false' data-av_icon='\ue805' data-av_iconfont='entypo-fontello' title='' data-avia-related-tooltip='Compartir por correo'><span class='avia_hidden_link_text'>Compartir por correo<\/span><\/a><\/li><\/ul><\/div><\/div>\n<div  style='height:50px' class='hr hr-invisible   avia-builder-el-8  el_after_av_social_share  el_before_av_comments_list '><span class='hr-inner ' ><span class='hr-inner-style'><\/span><\/span><\/div>\n<div  class='av-buildercomment  av-blog-meta-html-info-disabled av-blog-meta-tag-disabled  '><\/div>\n","protected":false},"excerpt":{"rendered":"","protected":false},"author":1,"featured_media":51890,"comment_status":"closed","ping_status":"closed","sticky":false,"template":"","format":"standard","meta":{"footnotes":""},"categories":[55],"tags":[],"class_list":["post-51889","post","type-post","status-publish","format-standard","has-post-thumbnail","hentry","category-justicia"],"jetpack_featured_media_url":"https:\/\/radiorevelacionfm.cl\/wp-content\/uploads\/2025\/03\/ciclo_ca2025_h-2_coyhaique-por-confirmar-1-1-1_optimized.jpg","_links":{"self":[{"href":"https:\/\/radiorevelacionfm.cl\/index.php?rest_route=\/wp\/v2\/posts\/51889","targetHints":{"allow":["GET"]}}],"collection":[{"href":"https:\/\/radiorevelacionfm.cl\/index.php?rest_route=\/wp\/v2\/posts"}],"about":[{"href":"https:\/\/radiorevelacionfm.cl\/index.php?rest_route=\/wp\/v2\/types\/post"}],"author":[{"embeddable":true,"href":"https:\/\/radiorevelacionfm.cl\/index.php?rest_route=\/wp\/v2\/users\/1"}],"replies":[{"embeddable":true,"href":"https:\/\/radiorevelacionfm.cl\/index.php?rest_route=%2Fwp%2Fv2%2Fcomments&post=51889"}],"version-history":[{"count":2,"href":"https:\/\/radiorevelacionfm.cl\/index.php?rest_route=\/wp\/v2\/posts\/51889\/revisions"}],"predecessor-version":[{"id":51892,"href":"https:\/\/radiorevelacionfm.cl\/index.php?rest_route=\/wp\/v2\/posts\/51889\/revisions\/51892"}],"wp:featuredmedia":[{"embeddable":true,"href":"https:\/\/radiorevelacionfm.cl\/index.php?rest_route=\/wp\/v2\/media\/51890"}],"wp:attachment":[{"href":"https:\/\/radiorevelacionfm.cl\/index.php?rest_route=%2Fwp%2Fv2%2Fmedia&parent=51889"}],"wp:term":[{"taxonomy":"category","embeddable":true,"href":"https:\/\/radiorevelacionfm.cl\/index.php?rest_route=%2Fwp%2Fv2%2Fcategories&post=51889"},{"taxonomy":"post_tag","embeddable":true,"href":"https:\/\/radiorevelacionfm.cl\/index.php?rest_route=%2Fwp%2Fv2%2Ftags&post=51889"}],"curies":[{"name":"wp","href":"https:\/\/api.w.org\/{rel}","templated":true}]}}