{"id":51883,"date":"2025-03-29T22:11:25","date_gmt":"2025-03-30T01:11:25","guid":{"rendered":"https:\/\/radiorevelacionfm.cl\/?p=51883"},"modified":"2025-03-29T22:11:25","modified_gmt":"2025-03-30T01:11:25","slug":"primeros-resultados-del-censo-2024-100-745-personas-fueron-censadas-en-la-region-de-aysen","status":"publish","type":"post","link":"https:\/\/radiorevelacionfm.cl\/?p=51883","title":{"rendered":"Primeros resultados del Censo 2024: 100.745 personas fueron censadas en la Regi\u00f3n de Ays\u00e9n"},"content":{"rendered":"<div class=\"flex_column av_one_full  flex_column_div av-zero-column-padding first  avia-builder-el-0  el_before_av_one_full  avia-builder-el-first  \" style='border-radius:0px; '><div  class='avia-image-container  av-styling-    avia-builder-el-1  avia-builder-el-no-sibling  avia-align-center '  itemprop=\"image\" itemscope=\"itemscope\" itemtype=\"https:\/\/schema.org\/ImageObject\"  ><div class='avia-image-container-inner'><div class='avia-image-overlay-wrap'><img decoding=\"async\" class='wp-image-43087 avia-img-lazy-loading-not-43087 avia_image' src=\"https:\/\/radiorevelacionfm.cl\/wp-content\/uploads\/2024\/06\/CENSO-2024-COYHAIQUE-1-1.jpg\" alt='' title='CENSO 2024 COYHAIQUE (1) (1)' height=\"600\" width=\"800\"  itemprop=\"thumbnailUrl\" srcset=\"https:\/\/radiorevelacionfm.cl\/wp-content\/uploads\/2024\/06\/CENSO-2024-COYHAIQUE-1-1.jpg 800w, https:\/\/radiorevelacionfm.cl\/wp-content\/uploads\/2024\/06\/CENSO-2024-COYHAIQUE-1-1-300x225.jpg 300w, https:\/\/radiorevelacionfm.cl\/wp-content\/uploads\/2024\/06\/CENSO-2024-COYHAIQUE-1-1-768x576.jpg 768w, https:\/\/radiorevelacionfm.cl\/wp-content\/uploads\/2024\/06\/CENSO-2024-COYHAIQUE-1-1-705x529.jpg 705w, https:\/\/radiorevelacionfm.cl\/wp-content\/uploads\/2024\/06\/CENSO-2024-COYHAIQUE-1-1-450x338.jpg 450w, https:\/\/radiorevelacionfm.cl\/wp-content\/uploads\/2024\/06\/CENSO-2024-COYHAIQUE-1-1-600x450.jpg 600w\" sizes=\"(max-width: 800px) 100vw, 800px\" \/><\/div><\/div><\/div><\/div><div class=\"flex_column av_one_full  flex_column_div av-zero-column-padding first  avia-builder-el-2  el_after_av_one_full  el_before_av_one_full  column-top-margin\" style='border-radius:0px; '><section class=\"av_textblock_section \"  itemscope=\"itemscope\" itemtype=\"https:\/\/schema.org\/BlogPosting\" itemprop=\"blogPost\" ><div class='avia_textblock  '   itemprop=\"text\" ><p style=\"text-align: center;\"><strong><span style=\"font-size: 18pt;\">Primeros resultados del Censo 2024: 100.745 personas fueron censadas en la Regi\u00f3n de Ays\u00e9n<\/span><\/strong><\/p>\n<div id=\"gtx-trans\" style=\"position: absolute; left: -50px; top: 4.31534px;\">\n<div class=\"gtx-trans-icon\"><\/div>\n<\/div>\n<\/div><\/section><\/div><div class=\"flex_column av_one_full  flex_column_div av-zero-column-padding first  avia-builder-el-4  el_after_av_one_full  el_before_av_hr  column-top-margin\" style='border-radius:0px; '><section class=\"av_textblock_section \"  itemscope=\"itemscope\" itemtype=\"https:\/\/schema.org\/BlogPosting\" itemprop=\"blogPost\" ><div class='avia_textblock  '   itemprop=\"text\" ><ul>\n<li style=\"text-align: justify;\"><em>La regi\u00f3n sigue la tendencia nacional respecto al envejecimiento poblacional. El porcentaje de personas de 65 a\u00f1os o m\u00e1s aumenta de 4,5% en 1992 a 12,6% en Por otro lado, el porcentaje de personas de 14 a\u00f1os o menos disminuye de 32,7% a 19,1% en el mismo per\u00edodo.<\/em><\/li>\n<li style=\"text-align: justify;\"><em>La regi\u00f3n presenta un \u00cdndice de Envejecimiento menor al observado a nivel Esto es, por cada 100 personas de 14 a\u00f1os o menos hay 66,2 personas de 65 a\u00f1os o m\u00e1s. Esa misma cifra a nivel nacional es 79.<\/em><\/li>\n<\/ul>\n<p style=\"text-align: justify;\">Durante el Censo de Poblaci\u00f3n y Vivienda, que se efectu\u00f3 entre marzo y julio de 2024, fueron censadas un total de 100.745 personas en la Regi\u00f3n de Ays\u00e9n del General Carlos Ib\u00e1\u00f1ez del Campo, de las cuales 50,5% son mujeres y 49,5% son hombres. As\u00ed lo inform\u00f3 durante esta tarde el director regional del Instituto Nacional de Estad\u00edsticas (INE), Danilo Pavez.<\/p>\n<p style=\"text-align: justify;\">Esta cifra representa un 0,5% de la poblaci\u00f3n censada a nivel nacional, siendo la regi\u00f3n m\u00e1s peque\u00f1a del pa\u00eds.<\/p>\n<p style=\"text-align: justify;\">Las comunas que concentran la mayor cantidad de poblaci\u00f3n son Coyhaique, con un 57,4% del total regional y Ays\u00e9n con un 23%.<\/p>\n<p style=\"text-align: justify;\"><strong><span style=\"font-size: 12pt;\">Envejecimiento de la poblaci\u00f3n<\/span><\/strong><\/p>\n<p style=\"text-align: justify;\">Las cifras presentadas muestran que, al igual que a nivel nacional, la poblaci\u00f3n de la Regi\u00f3n de Ays\u00e9n del General Carlos Ib\u00e1\u00f1ez del Campo presenta un avance en el envejecimiento. Al comparar con censos anteriores, se observa un aumento de la proporci\u00f3n de personas de 65 a\u00f1os o m\u00e1s que alcanz\u00f3 el 12,6% en el Censo 2024, mientras que en 1992 era 4,5% (5,8% en 2002; 9% en 2017). Al mismo tiempo, se observa una disminuci\u00f3n del porcentaje de personas con 14 a\u00f1os o menos, desde un 32,7% en 1992 a 19,1% en 2024 (28,4% en 2002; 22,5% en 2017).<\/p>\n<p style=\"text-align: justify;\">De esta manera, los datos indican que la regi\u00f3n mantiene la tendencia al alza en el \u00cdndice de Envejecimiento (cantidad de personas de 65 a\u00f1os o m\u00e1s por cada 100 personas de 14 a\u00f1os o menos). Mientras en 1992 hab\u00eda 13,7 personas de 65 a\u00f1os o m\u00e1s por cada 100 personas de 14 a\u00f1os o menos, esa cifra aumenta a 66,2 en 2024. Este \u00edndice es menor al observado a nivel nacional (79).<\/p>\n<p style=\"text-align: justify;\">Las comunas con los \u00edndices de envejecimiento m\u00e1s alto en la regi\u00f3n son Lago Verde (182,8) y Rio Iba\u00f1ez (121,2). En tanto las comunas con los \u00edndices m\u00e1s bajos son Tortel (30,8) y O\u2019Higgins (41,7).<\/p>\n<p style=\"text-align: justify;\"><strong>Viviendas y hogares censadas<\/strong><\/p>\n<p style=\"text-align: justify;\">En el Censo 2024 se censaron 52.294 viviendas a nivel regional, n\u00famero que representa un crecimiento de 17% respecto al n\u00famero registrado en el Censo de 2017. Las viviendas censadas en la regi\u00f3n representan un 0,7% del total censado a nivel nacional.<\/p>\n<p style=\"text-align: justify;\">Del total de viviendas censadas en 2024, un 99,8% correspondi\u00f3 a viviendas particulares y un 0,2%, a viviendas colectivas.<\/p>\n<p style=\"text-align: justify;\">En sinton\u00eda con lo anterior, el n\u00famero de hogares en la regi\u00f3n lleg\u00f3 a 39.964, lo que equivale a un incremento respecto del Censo 2017, cuando se contabilizaron 34.609 hogares, mientras que en 1992 esta cifra era 19.977.<\/p>\n<p style=\"text-align: justify;\">El promedio de personas por hogar en la regi\u00f3n ha continuado disminuyendo, pasando de 3,7 personas por hogar en 1992 a 2,5 personas por hogar en 2024 (3,3 en 2002; 2,8 en 2017), siendo la regi\u00f3n que presenta un menor tama\u00f1o promedio de hogares a nivel nacional.<\/p>\n<p style=\"text-align: justify;\">Al igual que a nivel nacional, respecto a la composici\u00f3n de los hogares se observa un aumento en el porcentaje de hogares conformados s\u00f3lo por personas de 65 a\u00f1os o m\u00e1s en la regi\u00f3n. En 1992 esta cifra alcanzaba un 3%, y se incrementa a 11,8% el a\u00f1o 2024. Por otro lado, disminuye el porcentaje de hogares con al menos una persona de 14 a\u00f1os o menos de 65% en 1992 a 33% en 2024 (57,5% en 2002; 42,9% en 2017).<\/p>\n<p style=\"text-align: justify;\"><strong>Censo en L\u00ednea<\/strong><\/p>\n<p style=\"text-align: justify;\">Una de las innovaciones de este censo fue el uso de tecnolog\u00eda. El 91,2% de la poblaci\u00f3n censada en la regi\u00f3n lo hizo a trav\u00e9s de una entrevista presencial por medio de un dispositivo m\u00f3vil, y el 8,7% lo hizo accediendo al Censo en L\u00ednea. A nivel nacional, esta \u00faltima cifra alcanza un 6,2% lo que ubica a la regi\u00f3n dentro de las con mayor porcentaje de personas censadas por esta modalidad.<\/p>\n<p style=\"text-align: justify;\">Los resultados completos de esta primera entrega est\u00e1n disponibles en <a href=\"http:\/\/www.censo2024.cl\/\">www.censo2024.cl<\/a><\/p>\n<\/div><\/section><\/div><div  style='height:50px' class='hr hr-invisible   avia-builder-el-6  el_after_av_one_full  el_before_av_social_share '><span class='hr-inner ' ><span class='hr-inner-style'><\/span><\/span><\/div><\/p>\n<div  class='av-social-sharing-box  avia-builder-el-7  el_after_av_hr  el_before_av_hr  '><div class='av-share-box'><h5 class='av-share-link-description av-no-toc '>Compartir esta noticia<\/h5><ul class='av-share-box-list noLightbox'><li class='av-share-link av-social-link-facebook' ><a target=\"_blank\" aria-label=\"Compartir en Facebook\" href='https:\/\/www.facebook.com\/sharer.php?u=https:\/\/radiorevelacionfm.cl\/?p=51883&#038;t=Primeros%20resultados%20del%20Censo%202024%3A%20100.745%20personas%20fueron%20censadas%20en%20la%20Regi%C3%B3n%20de%20Ays%C3%A9n' aria-hidden='false' data-av_icon='\ue8f3' data-av_iconfont='entypo-fontello' title='' data-avia-related-tooltip='Compartir en Facebook' rel=\"noopener\"><span class='avia_hidden_link_text'>Compartir en Facebook<\/span><\/a><\/li><li class='av-share-link av-social-link-twitter' ><a target=\"_blank\" aria-label=\"Compartir en Twitter\" href='https:\/\/twitter.com\/share?text=Primeros%20resultados%20del%20Censo%202024%3A%20100.745%20personas%20fueron%20censadas%20en%20la%20Regi%C3%B3n%20de%20Ays%C3%A9n&#038;url=https:\/\/radiorevelacionfm.cl\/?p=51883' aria-hidden='false' data-av_icon='\ue8f1' data-av_iconfont='entypo-fontello' title='' data-avia-related-tooltip='Compartir en Twitter' rel=\"noopener\"><span class='avia_hidden_link_text'>Compartir en Twitter<\/span><\/a><\/li><li class='av-share-link av-social-link-whatsapp' ><a target=\"_blank\" aria-label=\"Compartir en Whatsapp\" href='https:\/\/api.whatsapp.com\/send?text=https:\/\/radiorevelacionfm.cl\/?p=51883' aria-hidden='false' data-av_icon='\uf232' data-av_iconfont='entypo-fontello' title='' data-avia-related-tooltip='Compartir en Whatsapp' rel=\"noopener\"><span class='avia_hidden_link_text'>Compartir en Whatsapp<\/span><\/a><\/li><li class='av-share-link av-social-link-linkedin' ><a target=\"_blank\" aria-label=\"Compartir en LinkedIn\" href='https:\/\/linkedin.com\/shareArticle?mini=true&#038;title=Primeros%20resultados%20del%20Censo%202024%3A%20100.745%20personas%20fueron%20censadas%20en%20la%20Regi%C3%B3n%20de%20Ays%C3%A9n&#038;url=https:\/\/radiorevelacionfm.cl\/?p=51883' aria-hidden='false' data-av_icon='\ue8fc' data-av_iconfont='entypo-fontello' title='' data-avia-related-tooltip='Compartir en LinkedIn' rel=\"noopener\"><span class='avia_hidden_link_text'>Compartir en LinkedIn<\/span><\/a><\/li><li class='av-share-link av-social-link-mail' ><a  aria-label=\"Compartir por correo\" href='mailto:?subject=Primeros%20resultados%20del%20Censo%202024%3A%20100.745%20personas%20fueron%20censadas%20en%20la%20Regi%C3%B3n%20de%20Ays%C3%A9n&#038;body=https:\/\/radiorevelacionfm.cl\/?p=51883' aria-hidden='false' data-av_icon='\ue805' data-av_iconfont='entypo-fontello' title='' data-avia-related-tooltip='Compartir por correo'><span class='avia_hidden_link_text'>Compartir por correo<\/span><\/a><\/li><\/ul><\/div><\/div>\n<div  style='height:50px' class='hr hr-invisible   avia-builder-el-8  el_after_av_social_share  el_before_av_comments_list '><span class='hr-inner ' ><span class='hr-inner-style'><\/span><\/span><\/div>\n<div  class='av-buildercomment  av-blog-meta-html-info-disabled av-blog-meta-tag-disabled  '><\/div>\n","protected":false},"excerpt":{"rendered":"","protected":false},"author":1,"featured_media":43087,"comment_status":"closed","ping_status":"closed","sticky":false,"template":"","format":"standard","meta":{"footnotes":""},"categories":[38],"tags":[],"class_list":["post-51883","post","type-post","status-publish","format-standard","has-post-thumbnail","hentry","category-regional"],"jetpack_featured_media_url":"https:\/\/radiorevelacionfm.cl\/wp-content\/uploads\/2024\/06\/CENSO-2024-COYHAIQUE-1-1.jpg","_links":{"self":[{"href":"https:\/\/radiorevelacionfm.cl\/index.php?rest_route=\/wp\/v2\/posts\/51883","targetHints":{"allow":["GET"]}}],"collection":[{"href":"https:\/\/radiorevelacionfm.cl\/index.php?rest_route=\/wp\/v2\/posts"}],"about":[{"href":"https:\/\/radiorevelacionfm.cl\/index.php?rest_route=\/wp\/v2\/types\/post"}],"author":[{"embeddable":true,"href":"https:\/\/radiorevelacionfm.cl\/index.php?rest_route=\/wp\/v2\/users\/1"}],"replies":[{"embeddable":true,"href":"https:\/\/radiorevelacionfm.cl\/index.php?rest_route=%2Fwp%2Fv2%2Fcomments&post=51883"}],"version-history":[{"count":2,"href":"https:\/\/radiorevelacionfm.cl\/index.php?rest_route=\/wp\/v2\/posts\/51883\/revisions"}],"predecessor-version":[{"id":51885,"href":"https:\/\/radiorevelacionfm.cl\/index.php?rest_route=\/wp\/v2\/posts\/51883\/revisions\/51885"}],"wp:featuredmedia":[{"embeddable":true,"href":"https:\/\/radiorevelacionfm.cl\/index.php?rest_route=\/wp\/v2\/media\/43087"}],"wp:attachment":[{"href":"https:\/\/radiorevelacionfm.cl\/index.php?rest_route=%2Fwp%2Fv2%2Fmedia&parent=51883"}],"wp:term":[{"taxonomy":"category","embeddable":true,"href":"https:\/\/radiorevelacionfm.cl\/index.php?rest_route=%2Fwp%2Fv2%2Fcategories&post=51883"},{"taxonomy":"post_tag","embeddable":true,"href":"https:\/\/radiorevelacionfm.cl\/index.php?rest_route=%2Fwp%2Fv2%2Ftags&post=51883"}],"curies":[{"name":"wp","href":"https:\/\/api.w.org\/{rel}","templated":true}]}}