{"id":51879,"date":"2025-03-29T21:59:53","date_gmt":"2025-03-30T00:59:53","guid":{"rendered":"https:\/\/radiorevelacionfm.cl\/?p=51879"},"modified":"2025-03-29T21:59:53","modified_gmt":"2025-03-30T00:59:53","slug":"uaysen-incorpora-a-15-nuevos-academicos-as-como-parte-de-su-proceso-de-crecimiento-y-fortalecimiento-institucional","status":"publish","type":"post","link":"https:\/\/radiorevelacionfm.cl\/?p=51879","title":{"rendered":"UAys\u00e9n incorpora a 15 nuevos acad\u00e9micos\/as como parte de su proceso de crecimiento y fortalecimiento institucional"},"content":{"rendered":"<div class=\"flex_column av_one_full  flex_column_div av-zero-column-padding first  avia-builder-el-0  el_before_av_one_full  avia-builder-el-first  \" style='border-radius:0px; '><div  class='avia-image-container  av-styling-    avia-builder-el-1  avia-builder-el-no-sibling  avia-align-center '  itemprop=\"image\" itemscope=\"itemscope\" itemtype=\"https:\/\/schema.org\/ImageObject\"  ><div class='avia-image-container-inner'><div class='avia-image-overlay-wrap'><img decoding=\"async\" class='wp-image-51880 avia-img-lazy-loading-not-51880 avia_image' src=\"https:\/\/radiorevelacionfm.cl\/wp-content\/uploads\/2025\/03\/nuevos-academicos-2025-1_optimized.jpeg\" alt='' title='nuevos-academicos-2025-(1)_optimized' height=\"600\" width=\"898\"  itemprop=\"thumbnailUrl\" srcset=\"https:\/\/radiorevelacionfm.cl\/wp-content\/uploads\/2025\/03\/nuevos-academicos-2025-1_optimized.jpeg 898w, https:\/\/radiorevelacionfm.cl\/wp-content\/uploads\/2025\/03\/nuevos-academicos-2025-1_optimized-300x200.jpeg 300w, https:\/\/radiorevelacionfm.cl\/wp-content\/uploads\/2025\/03\/nuevos-academicos-2025-1_optimized-768x513.jpeg 768w, https:\/\/radiorevelacionfm.cl\/wp-content\/uploads\/2025\/03\/nuevos-academicos-2025-1_optimized-705x471.jpeg 705w, https:\/\/radiorevelacionfm.cl\/wp-content\/uploads\/2025\/03\/nuevos-academicos-2025-1_optimized-450x301.jpeg 450w, https:\/\/radiorevelacionfm.cl\/wp-content\/uploads\/2025\/03\/nuevos-academicos-2025-1_optimized-600x401.jpeg 600w\" sizes=\"(max-width: 898px) 100vw, 898px\" \/><\/div><\/div><\/div><\/div><div class=\"flex_column av_one_full  flex_column_div av-zero-column-padding first  avia-builder-el-2  el_after_av_one_full  el_before_av_one_full  column-top-margin\" style='border-radius:0px; '><section class=\"av_textblock_section \"  itemscope=\"itemscope\" itemtype=\"https:\/\/schema.org\/BlogPosting\" itemprop=\"blogPost\" ><div class='avia_textblock  '   itemprop=\"text\" ><p style=\"text-align: center;\"><strong><span style=\"font-size: 18pt;\">UAys\u00e9n incorpora a 15 nuevos acad\u00e9micos\/as como parte de su proceso de crecimiento y fortalecimiento institucional<\/span><\/strong><\/p>\n<div id=\"gtx-trans\" style=\"position: absolute; left: -50px; top: 4.31534px;\"><\/div>\n<\/div><\/section><\/div><div class=\"flex_column av_one_full  flex_column_div av-zero-column-padding first  avia-builder-el-4  el_after_av_one_full  el_before_av_hr  column-top-margin\" style='border-radius:0px; '><section class=\"av_textblock_section \"  itemscope=\"itemscope\" itemtype=\"https:\/\/schema.org\/BlogPosting\" itemprop=\"blogPost\" ><div class='avia_textblock  '   itemprop=\"text\" ><p dir=\"ltr\" style=\"text-align: justify;\"><em>Las nuevas incorporaciones refuerzan la docencia, la investigaci\u00f3n y la vinculaci\u00f3n con el territorio, y responden al compromiso de la instituci\u00f3n por consolidar un proyecto universitario de excelencia y con pertinencia regional.<\/em><\/p>\n<p dir=\"ltr\" style=\"text-align: justify;\">En el marco de su plan de fortalecimiento institucional, la Universidad de Ays\u00e9n dio la bienvenida oficial a 15 nuevos acad\u00e9micos y acad\u00e9micas que se integran este a\u00f1o a los tres departamentos acad\u00e9micos que conforman la casa de estudios. Esta incorporaci\u00f3n se enmarca en el proceso de crecimiento sostenido y consolidaci\u00f3n acad\u00e9mica que impulsa la universidad, con el objetivo de potenciar la docencia, la investigaci\u00f3n y el compromiso con el desarrollo regional.<\/p>\n<p dir=\"ltr\" style=\"text-align: justify;\">La jornada de bienvenida, realizada en el Campus Lillo de Coyhaique, fue organizada por la Direcci\u00f3n General Acad\u00e9mica, en coordinaci\u00f3n con la Direcci\u00f3n de Docencia y los departamentos acad\u00e9micos. El encuentro permiti\u00f3 presentar a las nuevas incorporaciones, compartir los lineamientos estrat\u00e9gicos de la instituci\u00f3n y generar un primer espacio de vinculaci\u00f3n con las autoridades y equipos de gesti\u00f3n.<\/p>\n<p dir=\"ltr\" style=\"text-align: justify;\">Durante la actividad, el Administrador Provisional de la Universidad de Ays\u00e9n, Juan Pablo Prieto Cox, destac\u00f3 la importancia de contar con un equipo acad\u00e9mico comprometido y altamente calificado: \u00abTuvimos la ocasi\u00f3n de recibir a quince nuevos acad\u00e9micos y acad\u00e9micas que se integran a los tres departamentos acad\u00e9micos de la Universidad de Ays\u00e9n. Estamos muy felices de haber podido compartir con ellos y ellas, porque son personas muy bien formadas, que vienen muy comprometidas con hacer su aporte aqu\u00ed, en esta regi\u00f3n, en esta instituci\u00f3n\u00bb, expres\u00f3.<\/p>\n<p dir=\"ltr\" style=\"text-align: justify;\">A su vez, la m\u00e1xima autoridad universitaria agreg\u00f3 que \u00abesto es parte de la formaci\u00f3n de una comunidad estrecha, una comunidad acad\u00e9mica comprometida con el desarrollo de la universidad y con su contribuci\u00f3n al territorio. Les damos una gran bienvenida a esta instituci\u00f3n donde han decidido desarrollar sus familias, su carrera acad\u00e9mica. Con el aporte de ustedes, seguiremos creciendo y fortaleciendo esta tremenda universidad\u00bb, enfatiz\u00f3.<\/p>\n<p dir=\"ltr\" style=\"text-align: justify;\">La jornada incluy\u00f3 presentaciones de los nuevos acad\u00e9micos, quienes compartieron sus motivaciones, trayectorias y expectativas. Lorena Mu\u00f1oz Madrid, trabajadora social, coment\u00f3: \u00abMe parece una instancia muy valiosa para conocer en qu\u00e9 est\u00e1 la universidad, c\u00f3mo se va desarrollando y tambi\u00e9n para interactuar entre colegas y comenzar a crear v\u00ednculos. Me sumo al proyecto educativo de la carrera de Trabajo Social, incorpor\u00e1ndome a la l\u00ednea de territorios, una tem\u00e1tica clave para el ejercicio profesional en esta regi\u00f3n, se\u00f1al\u00f3 la acad\u00e9mica\u00bb, se\u00f1al\u00f3 la acad\u00e9mica.<\/p>\n<p dir=\"ltr\" style=\"text-align: justify;\">Desde el \u00e1mbito de las ciencias agrarias, Rodrigo Silva Mu\u00f1oz, doctor en Ciencias Agrarias e ingeniero agr\u00f3nomo, valor\u00f3 la orientaci\u00f3n institucional de la universidad: \u00abUno de los principales desaf\u00edos es alinearme con el enfoque de agroecolog\u00eda y sostenibilidad que promueve esta universidad. Son temas que me mueven profesionalmente, y mi objetivo es transmitir ese inter\u00e9s a los estudiantes y contribuir al desarrollo regional de Ays\u00e9n, una zona con recursos naturales espectaculares\u00bb, declar\u00f3.<\/p>\n<p dir=\"ltr\" style=\"text-align: justify;\">Por su parte, el enfermero y mag\u00edster en Salud P\u00fablica, Exequiel Quezada Millahual, se refiri\u00f3 al valor del recibimiento institucional: \u00abFue una jornada motivadora, con un ambiente c\u00e1lido y humano. Estoy muy contento de integrarme al equipo cl\u00ednico, participar en simulaci\u00f3n y pr\u00e1cticas cl\u00ednicas, y aportar tanto a la docencia de pregrado como a la investigaci\u00f3n\u00bb, expres\u00f3.<\/p>\n<h3 dir=\"ltr\" style=\"text-align: justify;\">Nuevos acad\u00e9micos y acad\u00e9micas por departamento:<\/h3>\n<p dir=\"ltr\" style=\"text-align: justify;\">Departamento de Ciencias Sociales y Humanidades<\/p>\n<ul style=\"text-align: justify;\">\n<li dir=\"ltr\">\n<p dir=\"ltr\">Carolina Aguirre Garz\u00f3n (Economista)<\/p>\n<\/li>\n<li dir=\"ltr\">\n<p dir=\"ltr\">Javier Fern\u00e1ndez Ch\u00e1vez (Ingeniero Comercial)<\/p>\n<\/li>\n<li dir=\"ltr\">\n<p dir=\"ltr\">Lorena Mu\u00f1oz Madrid (Trabajadora Social)<\/p>\n<\/li>\n<\/ul>\n<p dir=\"ltr\" style=\"text-align: justify;\">Departamento de Ciencias de la Salud<\/p>\n<ul style=\"text-align: justify;\">\n<li dir=\"ltr\">\n<p dir=\"ltr\">Romina Barr\u00eda Badilla (Terapeuta Ocupacional)<\/p>\n<\/li>\n<li dir=\"ltr\">\n<p dir=\"ltr\">Paula Cayun Fern\u00e1ndez (Matrona)<\/p>\n<\/li>\n<li dir=\"ltr\">\n<p dir=\"ltr\">Jessica Espinoza Saavedra (Matrona)<\/p>\n<\/li>\n<li dir=\"ltr\">\n<p dir=\"ltr\">Diego Ferrada Segovia (Terapeuta Ocupacional)<\/p>\n<\/li>\n<li dir=\"ltr\">\n<p dir=\"ltr\">Nelson Poblete Valladares (Terapeuta Ocupacional)<\/p>\n<\/li>\n<li dir=\"ltr\">\n<p dir=\"ltr\">Exequiel Quezada Millahual (Enfermero)<\/p>\n<\/li>\n<\/ul>\n<p dir=\"ltr\" style=\"text-align: justify;\">Departamento de Ciencias Naturales y Tecnolog\u00eda<\/p>\n<ul style=\"text-align: justify;\">\n<li dir=\"ltr\">\n<p dir=\"ltr\">Jos\u00e9 Emilio Cuevas Becerra (Ingeniero Agr\u00f3nomo)<\/p>\n<\/li>\n<li dir=\"ltr\">\n<p dir=\"ltr\">Carlos Jara Arriagada (Ingeniero Civil en Obras Civiles)<\/p>\n<\/li>\n<li dir=\"ltr\">\n<p dir=\"ltr\">Esteban Landaeta Campos (Ingeniero Qu\u00edmico)<\/p>\n<\/li>\n<li dir=\"ltr\">\n<p dir=\"ltr\">Claudio Levic\u00e1n Jaque (Ingeniero en Gesti\u00f3n Inform\u00e1tica)<\/p>\n<\/li>\n<li dir=\"ltr\">\n<p dir=\"ltr\">Rodrigo Morales Ram\u00edrez (Ingeniero Forestal)<\/p>\n<\/li>\n<li dir=\"ltr\">\n<p dir=\"ltr\">Rodrigo Silva Mu\u00f1oz (Ingeniero Agr\u00f3nomo)<\/p>\n<\/li>\n<\/ul>\n<p dir=\"ltr\" style=\"text-align: justify;\">Con estas nuevas incorporaciones, la Universidad de Ays\u00e9n avanza en su compromiso con una educaci\u00f3n p\u00fablica, regional y de excelencia, consolidando un cuerpo acad\u00e9mico que refleje la diversidad de saberes y la pertinencia territorial necesaria para el desarrollo integral de la Regi\u00f3n de Ays\u00e9n.<\/p>\n<\/div><\/section><\/div><div  style='height:50px' class='hr hr-invisible   avia-builder-el-6  el_after_av_one_full  el_before_av_social_share '><span class='hr-inner ' ><span class='hr-inner-style'><\/span><\/span><\/div><\/p>\n<div  class='av-social-sharing-box  avia-builder-el-7  el_after_av_hr  el_before_av_hr  '><div class='av-share-box'><h5 class='av-share-link-description av-no-toc '>Compartir esta noticia<\/h5><ul class='av-share-box-list noLightbox'><li class='av-share-link av-social-link-facebook' ><a target=\"_blank\" aria-label=\"Compartir en Facebook\" href='https:\/\/www.facebook.com\/sharer.php?u=https:\/\/radiorevelacionfm.cl\/?p=51879&#038;t=UAys%C3%A9n%20incorpora%20a%2015%20nuevos%20acad%C3%A9micos%2Fas%20como%20parte%20de%20su%20proceso%20de%20crecimiento%20y%20fortalecimiento%20institucional' aria-hidden='false' data-av_icon='\ue8f3' data-av_iconfont='entypo-fontello' title='' data-avia-related-tooltip='Compartir en Facebook' rel=\"noopener\"><span class='avia_hidden_link_text'>Compartir en Facebook<\/span><\/a><\/li><li class='av-share-link av-social-link-twitter' ><a target=\"_blank\" aria-label=\"Compartir en Twitter\" href='https:\/\/twitter.com\/share?text=UAys%C3%A9n%20incorpora%20a%2015%20nuevos%20acad%C3%A9micos%2Fas%20como%20parte%20de%20su%20proceso%20de%20crecimiento%20y%20fortalecimiento%20institucional&#038;url=https:\/\/radiorevelacionfm.cl\/?p=51879' aria-hidden='false' data-av_icon='\ue8f1' data-av_iconfont='entypo-fontello' title='' data-avia-related-tooltip='Compartir en Twitter' rel=\"noopener\"><span class='avia_hidden_link_text'>Compartir en Twitter<\/span><\/a><\/li><li class='av-share-link av-social-link-whatsapp' ><a target=\"_blank\" aria-label=\"Compartir en Whatsapp\" href='https:\/\/api.whatsapp.com\/send?text=https:\/\/radiorevelacionfm.cl\/?p=51879' aria-hidden='false' data-av_icon='\uf232' data-av_iconfont='entypo-fontello' title='' data-avia-related-tooltip='Compartir en Whatsapp' rel=\"noopener\"><span class='avia_hidden_link_text'>Compartir en Whatsapp<\/span><\/a><\/li><li class='av-share-link av-social-link-linkedin' ><a target=\"_blank\" aria-label=\"Compartir en LinkedIn\" href='https:\/\/linkedin.com\/shareArticle?mini=true&#038;title=UAys%C3%A9n%20incorpora%20a%2015%20nuevos%20acad%C3%A9micos%2Fas%20como%20parte%20de%20su%20proceso%20de%20crecimiento%20y%20fortalecimiento%20institucional&#038;url=https:\/\/radiorevelacionfm.cl\/?p=51879' aria-hidden='false' data-av_icon='\ue8fc' data-av_iconfont='entypo-fontello' title='' data-avia-related-tooltip='Compartir en LinkedIn' rel=\"noopener\"><span class='avia_hidden_link_text'>Compartir en LinkedIn<\/span><\/a><\/li><li class='av-share-link av-social-link-mail' ><a  aria-label=\"Compartir por correo\" href='mailto:?subject=UAys%C3%A9n%20incorpora%20a%2015%20nuevos%20acad%C3%A9micos%2Fas%20como%20parte%20de%20su%20proceso%20de%20crecimiento%20y%20fortalecimiento%20institucional&#038;body=https:\/\/radiorevelacionfm.cl\/?p=51879' aria-hidden='false' data-av_icon='\ue805' data-av_iconfont='entypo-fontello' title='' data-avia-related-tooltip='Compartir por correo'><span class='avia_hidden_link_text'>Compartir por correo<\/span><\/a><\/li><\/ul><\/div><\/div>\n<div  style='height:50px' class='hr hr-invisible   avia-builder-el-8  el_after_av_social_share  el_before_av_comments_list '><span class='hr-inner ' ><span class='hr-inner-style'><\/span><\/span><\/div>\n<div  class='av-buildercomment  av-blog-meta-html-info-disabled av-blog-meta-tag-disabled  '><\/div>\n","protected":false},"excerpt":{"rendered":"","protected":false},"author":1,"featured_media":51880,"comment_status":"closed","ping_status":"closed","sticky":false,"template":"","format":"standard","meta":{"footnotes":""},"categories":[49],"tags":[],"class_list":["post-51879","post","type-post","status-publish","format-standard","has-post-thumbnail","hentry","category-educacion"],"jetpack_featured_media_url":"https:\/\/radiorevelacionfm.cl\/wp-content\/uploads\/2025\/03\/nuevos-academicos-2025-1_optimized.jpeg","_links":{"self":[{"href":"https:\/\/radiorevelacionfm.cl\/index.php?rest_route=\/wp\/v2\/posts\/51879","targetHints":{"allow":["GET"]}}],"collection":[{"href":"https:\/\/radiorevelacionfm.cl\/index.php?rest_route=\/wp\/v2\/posts"}],"about":[{"href":"https:\/\/radiorevelacionfm.cl\/index.php?rest_route=\/wp\/v2\/types\/post"}],"author":[{"embeddable":true,"href":"https:\/\/radiorevelacionfm.cl\/index.php?rest_route=\/wp\/v2\/users\/1"}],"replies":[{"embeddable":true,"href":"https:\/\/radiorevelacionfm.cl\/index.php?rest_route=%2Fwp%2Fv2%2Fcomments&post=51879"}],"version-history":[{"count":2,"href":"https:\/\/radiorevelacionfm.cl\/index.php?rest_route=\/wp\/v2\/posts\/51879\/revisions"}],"predecessor-version":[{"id":51882,"href":"https:\/\/radiorevelacionfm.cl\/index.php?rest_route=\/wp\/v2\/posts\/51879\/revisions\/51882"}],"wp:featuredmedia":[{"embeddable":true,"href":"https:\/\/radiorevelacionfm.cl\/index.php?rest_route=\/wp\/v2\/media\/51880"}],"wp:attachment":[{"href":"https:\/\/radiorevelacionfm.cl\/index.php?rest_route=%2Fwp%2Fv2%2Fmedia&parent=51879"}],"wp:term":[{"taxonomy":"category","embeddable":true,"href":"https:\/\/radiorevelacionfm.cl\/index.php?rest_route=%2Fwp%2Fv2%2Fcategories&post=51879"},{"taxonomy":"post_tag","embeddable":true,"href":"https:\/\/radiorevelacionfm.cl\/index.php?rest_route=%2Fwp%2Fv2%2Ftags&post=51879"}],"curies":[{"name":"wp","href":"https:\/\/api.w.org\/{rel}","templated":true}]}}