{"id":51875,"date":"2025-03-29T21:47:39","date_gmt":"2025-03-30T00:47:39","guid":{"rendered":"https:\/\/radiorevelacionfm.cl\/?p=51875"},"modified":"2025-03-29T21:47:39","modified_gmt":"2025-03-30T00:47:39","slug":"junaeb-inicia-atenciones-a-estudiantes-a-traves-de-programa-servicios-medicos","status":"publish","type":"post","link":"https:\/\/radiorevelacionfm.cl\/?p=51875","title":{"rendered":"Junaeb inicia atenciones a estudiantes a trav\u00e9s de Programa Servicios M\u00e9dicos"},"content":{"rendered":"<div class=\"flex_column av_one_full  flex_column_div av-zero-column-padding first  avia-builder-el-0  el_before_av_one_full  avia-builder-el-first  \" style='border-radius:0px; '><div  class='avia-image-container  av-styling-    avia-builder-el-1  avia-builder-el-no-sibling  avia-align-center '  itemprop=\"image\" itemscope=\"itemscope\" itemtype=\"https:\/\/schema.org\/ImageObject\"  ><div class='avia-image-container-inner'><div class='avia-image-overlay-wrap'><img decoding=\"async\" class='wp-image-51876 avia-img-lazy-loading-not-51876 avia_image' src=\"https:\/\/radiorevelacionfm.cl\/wp-content\/uploads\/2025\/03\/salud-junaeb-1_optimized.jpg\" alt='' title='salud-junaeb-(1)_optimized' height=\"685\" width=\"802\"  itemprop=\"thumbnailUrl\" srcset=\"https:\/\/radiorevelacionfm.cl\/wp-content\/uploads\/2025\/03\/salud-junaeb-1_optimized.jpg 802w, https:\/\/radiorevelacionfm.cl\/wp-content\/uploads\/2025\/03\/salud-junaeb-1_optimized-300x256.jpg 300w, https:\/\/radiorevelacionfm.cl\/wp-content\/uploads\/2025\/03\/salud-junaeb-1_optimized-768x656.jpg 768w, https:\/\/radiorevelacionfm.cl\/wp-content\/uploads\/2025\/03\/salud-junaeb-1_optimized-705x602.jpg 705w, https:\/\/radiorevelacionfm.cl\/wp-content\/uploads\/2025\/03\/salud-junaeb-1_optimized-450x384.jpg 450w, https:\/\/radiorevelacionfm.cl\/wp-content\/uploads\/2025\/03\/salud-junaeb-1_optimized-600x512.jpg 600w\" sizes=\"(max-width: 802px) 100vw, 802px\" \/><\/div><\/div><\/div><\/div><div class=\"flex_column av_one_full  flex_column_div av-zero-column-padding first  avia-builder-el-2  el_after_av_one_full  el_before_av_one_full  column-top-margin\" style='border-radius:0px; '><section class=\"av_textblock_section \"  itemscope=\"itemscope\" itemtype=\"https:\/\/schema.org\/BlogPosting\" itemprop=\"blogPost\" ><div class='avia_textblock  '   itemprop=\"text\" ><p style=\"text-align: center;\"><strong><span style=\"font-size: 18pt;\">Junaeb inicia atenciones a estudiantes a trav\u00e9s de Programa Servicios M\u00e9dicos<\/span><\/strong><\/p>\n<div id=\"gtx-trans\" style=\"position: absolute; left: -50px; top: 4.31534px;\">\n<div class=\"gtx-trans-icon\"><\/div>\n<\/div>\n<\/div><\/section><\/div><div class=\"flex_column av_one_full  flex_column_div av-zero-column-padding first  avia-builder-el-4  el_after_av_one_full  el_before_av_hr  column-top-margin\" style='border-radius:0px; '><section class=\"av_textblock_section \"  itemscope=\"itemscope\" itemtype=\"https:\/\/schema.org\/BlogPosting\" itemprop=\"blogPost\" ><div class='avia_textblock  '   itemprop=\"text\" ><p class=\"v1MsoNormal\" style=\"text-align: justify;\" align=\"center\"><i><span lang=\"ES\">En esta primera etapa se espera alcanzar las 2.950 atenciones a estudiantes distribuidos en las distintas localidades de la regi\u00f3n.<\/span><\/i><\/p>\n<p class=\"v1MsoNormal\" style=\"text-align: justify;\">El lunes 24 Marzo en el Liceo de Castillo de la comuna de Ib\u00e1\u00f1ez, se dio inicio al proceso de tamizajes o evaluaciones diagn\u00f3sticas en el \u00e1rea de oftalmolog\u00eda y otorrino para estudiantes de pre k\u00ednder y en el \u00e1rea de traumatolog\u00eda &#8211; revisi\u00f3n de columna &#8211; para estudiantes de 7\u00b0 b\u00e1sico. En esta etapa de tamizajes, que es una de las partes del programa servicios m\u00e9dicos de Junaeb, se espera poder generar cerca de 2.950 atenciones para estudiantes de toda la regi\u00f3n.<\/p>\n<p class=\"v1MsoNormal\" style=\"text-align: justify;\">La etapa de tamizajes es clave porque con este diagn\u00f3stico inicial, posteriormente se puede derivar a atenciones especializadas a los estudiantes, proceso que tambi\u00e9n es parte de la\u00a0 oferta program\u00e1tica de JUNAEB. En este sentido, Manuel Vivar Aguila, director regional se\u00f1al\u00f3: \u201c Comenzar en estas fechas con los operativos de tamizajes es fundamental, lo que nos da tiempo despu\u00e9s para ejecutar las atenciones especializadas y entrega de servicios de apoyo. Detr\u00e1s de esto hay un esfuerzo institucional importante, estamos muy conscientes que cuidar la salud de nuestros estudiantes es fundamental para su trayectoria educativa\u201d.<\/p>\n<p class=\"v1MsoNormal\" style=\"text-align: justify;\">El director del Liceo de Cerro Castillo, Franco Nu\u00f1ez, se refiri\u00f3 tambi\u00e9n a esta importante actividad \u201c Se valora mucho la llegada de los profesionales en las \u00e1rea de oftalmolog\u00eda, otorrino y traumatolog\u00eda al Liceo que se genera desde JUNAEB y que particularmente el inicio del programa se de nuestro establecimiento, esto es fundamental para apoyar el proceso formativo de nuestra\/os estudiantes\u201d<\/p>\n<p class=\"v1MsoNormal\" style=\"text-align: justify;\">El programa de servicios m\u00e9dicos de JUNAEB, adem\u00e1s del proceso de tamizajes y atenciones m\u00e9dicas especializadas, entrega tratamientos y servicios de apoyo que se gestan en base a la indicaci\u00f3n del m\u00e9dico especialista para una adecuada resoluci\u00f3n del problema de salud detectado, lo que incluye: implantes auditivos, medicamentos, lentes \u00f3pticos, lentes de contacto, sesiones de kinesiterapia, cors\u00e9 y ayudas t\u00e9cnicas \u00f3pticas y no \u00f3pticas en Baja Visi\u00f3n. En su globalidad el programa de servicios m\u00e9dicos en la regi\u00f3n de Ays\u00e9n considera cerca de 8.000 prestaciones con una inversi\u00f3n cercana a los 138 millones de pesos.<\/p>\n<\/div><\/section><\/div><div  style='height:50px' class='hr hr-invisible   avia-builder-el-6  el_after_av_one_full  el_before_av_social_share '><span class='hr-inner ' ><span class='hr-inner-style'><\/span><\/span><\/div><\/p>\n<div  class='av-social-sharing-box  avia-builder-el-7  el_after_av_hr  el_before_av_hr  '><div class='av-share-box'><h5 class='av-share-link-description av-no-toc '>Compartir esta noticia<\/h5><ul class='av-share-box-list noLightbox'><li class='av-share-link av-social-link-facebook' ><a target=\"_blank\" aria-label=\"Compartir en Facebook\" href='https:\/\/www.facebook.com\/sharer.php?u=https:\/\/radiorevelacionfm.cl\/?p=51875&#038;t=Junaeb%20inicia%20atenciones%20a%20estudiantes%20a%20trav%C3%A9s%20de%20Programa%20Servicios%20M%C3%A9dicos' aria-hidden='false' data-av_icon='\ue8f3' data-av_iconfont='entypo-fontello' title='' data-avia-related-tooltip='Compartir en Facebook' rel=\"noopener\"><span class='avia_hidden_link_text'>Compartir en Facebook<\/span><\/a><\/li><li class='av-share-link av-social-link-twitter' ><a target=\"_blank\" aria-label=\"Compartir en Twitter\" href='https:\/\/twitter.com\/share?text=Junaeb%20inicia%20atenciones%20a%20estudiantes%20a%20trav%C3%A9s%20de%20Programa%20Servicios%20M%C3%A9dicos&#038;url=https:\/\/radiorevelacionfm.cl\/?p=51875' aria-hidden='false' data-av_icon='\ue8f1' data-av_iconfont='entypo-fontello' title='' data-avia-related-tooltip='Compartir en Twitter' rel=\"noopener\"><span class='avia_hidden_link_text'>Compartir en Twitter<\/span><\/a><\/li><li class='av-share-link av-social-link-whatsapp' ><a target=\"_blank\" aria-label=\"Compartir en Whatsapp\" href='https:\/\/api.whatsapp.com\/send?text=https:\/\/radiorevelacionfm.cl\/?p=51875' aria-hidden='false' data-av_icon='\uf232' data-av_iconfont='entypo-fontello' title='' data-avia-related-tooltip='Compartir en Whatsapp' rel=\"noopener\"><span class='avia_hidden_link_text'>Compartir en Whatsapp<\/span><\/a><\/li><li class='av-share-link av-social-link-linkedin' ><a target=\"_blank\" aria-label=\"Compartir en LinkedIn\" href='https:\/\/linkedin.com\/shareArticle?mini=true&#038;title=Junaeb%20inicia%20atenciones%20a%20estudiantes%20a%20trav%C3%A9s%20de%20Programa%20Servicios%20M%C3%A9dicos&#038;url=https:\/\/radiorevelacionfm.cl\/?p=51875' aria-hidden='false' data-av_icon='\ue8fc' data-av_iconfont='entypo-fontello' title='' data-avia-related-tooltip='Compartir en LinkedIn' rel=\"noopener\"><span class='avia_hidden_link_text'>Compartir en LinkedIn<\/span><\/a><\/li><li class='av-share-link av-social-link-mail' ><a  aria-label=\"Compartir por correo\" href='mailto:?subject=Junaeb%20inicia%20atenciones%20a%20estudiantes%20a%20trav%C3%A9s%20de%20Programa%20Servicios%20M%C3%A9dicos&#038;body=https:\/\/radiorevelacionfm.cl\/?p=51875' aria-hidden='false' data-av_icon='\ue805' data-av_iconfont='entypo-fontello' title='' data-avia-related-tooltip='Compartir por correo'><span class='avia_hidden_link_text'>Compartir por correo<\/span><\/a><\/li><\/ul><\/div><\/div>\n<div  style='height:50px' class='hr hr-invisible   avia-builder-el-8  el_after_av_social_share  el_before_av_comments_list '><span class='hr-inner ' ><span class='hr-inner-style'><\/span><\/span><\/div>\n<div  class='av-buildercomment  av-blog-meta-html-info-disabled av-blog-meta-tag-disabled  '><\/div>\n","protected":false},"excerpt":{"rendered":"","protected":false},"author":1,"featured_media":51876,"comment_status":"closed","ping_status":"closed","sticky":false,"template":"","format":"standard","meta":{"footnotes":""},"categories":[49],"tags":[],"class_list":["post-51875","post","type-post","status-publish","format-standard","has-post-thumbnail","hentry","category-educacion"],"jetpack_featured_media_url":"https:\/\/radiorevelacionfm.cl\/wp-content\/uploads\/2025\/03\/salud-junaeb-1_optimized.jpg","_links":{"self":[{"href":"https:\/\/radiorevelacionfm.cl\/index.php?rest_route=\/wp\/v2\/posts\/51875","targetHints":{"allow":["GET"]}}],"collection":[{"href":"https:\/\/radiorevelacionfm.cl\/index.php?rest_route=\/wp\/v2\/posts"}],"about":[{"href":"https:\/\/radiorevelacionfm.cl\/index.php?rest_route=\/wp\/v2\/types\/post"}],"author":[{"embeddable":true,"href":"https:\/\/radiorevelacionfm.cl\/index.php?rest_route=\/wp\/v2\/users\/1"}],"replies":[{"embeddable":true,"href":"https:\/\/radiorevelacionfm.cl\/index.php?rest_route=%2Fwp%2Fv2%2Fcomments&post=51875"}],"version-history":[{"count":2,"href":"https:\/\/radiorevelacionfm.cl\/index.php?rest_route=\/wp\/v2\/posts\/51875\/revisions"}],"predecessor-version":[{"id":51878,"href":"https:\/\/radiorevelacionfm.cl\/index.php?rest_route=\/wp\/v2\/posts\/51875\/revisions\/51878"}],"wp:featuredmedia":[{"embeddable":true,"href":"https:\/\/radiorevelacionfm.cl\/index.php?rest_route=\/wp\/v2\/media\/51876"}],"wp:attachment":[{"href":"https:\/\/radiorevelacionfm.cl\/index.php?rest_route=%2Fwp%2Fv2%2Fmedia&parent=51875"}],"wp:term":[{"taxonomy":"category","embeddable":true,"href":"https:\/\/radiorevelacionfm.cl\/index.php?rest_route=%2Fwp%2Fv2%2Fcategories&post=51875"},{"taxonomy":"post_tag","embeddable":true,"href":"https:\/\/radiorevelacionfm.cl\/index.php?rest_route=%2Fwp%2Fv2%2Ftags&post=51875"}],"curies":[{"name":"wp","href":"https:\/\/api.w.org\/{rel}","templated":true}]}}