{"id":51870,"date":"2025-03-29T21:37:54","date_gmt":"2025-03-30T00:37:54","guid":{"rendered":"https:\/\/radiorevelacionfm.cl\/?p=51870"},"modified":"2025-03-29T23:25:08","modified_gmt":"2025-03-30T02:25:08","slug":"corte-de-coyhaique-ordena-a-municipio-reintegro-de-funcionaria-despedida-tras-siete-anos-de-buen-desempeno","status":"publish","type":"post","link":"https:\/\/radiorevelacionfm.cl\/?p=51870","title":{"rendered":"Corte de Coyhaique ordena a municipio de Lago Verde reintegro de funcionaria despedida tras siete a\u00f1os de buen desempe\u00f1o"},"content":{"rendered":"<div class=\"flex_column av_one_full  flex_column_div av-zero-column-padding first  avia-builder-el-0  el_before_av_one_full  avia-builder-el-first  \" style='border-radius:0px; '><div  class='avia-image-container  av-styling-    avia-builder-el-1  avia-builder-el-no-sibling  avia-align-center '  itemprop=\"image\" itemscope=\"itemscope\" itemtype=\"https:\/\/schema.org\/ImageObject\"  ><div class='avia-image-container-inner'><div class='avia-image-overlay-wrap'><img decoding=\"async\" class='wp-image-5552 avia-img-lazy-loading-not-5552 avia_image' src=\"https:\/\/radiorevelacionfm.cl\/wp-content\/uploads\/2021\/06\/Foto-10-Corte-COYHAIQUE-1-1-1.jpg\" alt='' title='Foto 10 Corte COYHAIQUE (1) (1) (1)' height=\"600\" width=\"1169\"  itemprop=\"thumbnailUrl\" srcset=\"https:\/\/radiorevelacionfm.cl\/wp-content\/uploads\/2021\/06\/Foto-10-Corte-COYHAIQUE-1-1-1.jpg 1169w, https:\/\/radiorevelacionfm.cl\/wp-content\/uploads\/2021\/06\/Foto-10-Corte-COYHAIQUE-1-1-1-300x154.jpg 300w, https:\/\/radiorevelacionfm.cl\/wp-content\/uploads\/2021\/06\/Foto-10-Corte-COYHAIQUE-1-1-1-1030x529.jpg 1030w, https:\/\/radiorevelacionfm.cl\/wp-content\/uploads\/2021\/06\/Foto-10-Corte-COYHAIQUE-1-1-1-768x394.jpg 768w, https:\/\/radiorevelacionfm.cl\/wp-content\/uploads\/2021\/06\/Foto-10-Corte-COYHAIQUE-1-1-1-705x362.jpg 705w, https:\/\/radiorevelacionfm.cl\/wp-content\/uploads\/2021\/06\/Foto-10-Corte-COYHAIQUE-1-1-1-600x308.jpg 600w\" sizes=\"(max-width: 1169px) 100vw, 1169px\" \/><\/div><\/div><\/div><\/div>\n<div class=\"flex_column av_one_full  flex_column_div av-zero-column-padding first  avia-builder-el-2  el_after_av_one_full  el_before_av_one_full  column-top-margin\" style='border-radius:0px; '><section class=\"av_textblock_section \"  itemscope=\"itemscope\" itemtype=\"https:\/\/schema.org\/BlogPosting\" itemprop=\"blogPost\" ><div class='avia_textblock  '   itemprop=\"text\" ><p style=\"text-align: center;\"><span style=\"font-size: 18pt;\"><b>Corte de Coyhaique ordena a municipio de Lago Verde reintegro de funcionaria despedida tras siete a\u00f1os de buen desempe\u00f1o<\/b><\/span><\/p>\n<div id=\"gtx-trans\" style=\"position: absolute; left: -50px; top: 4.31534px;\">\n<div class=\"gtx-trans-icon\"><\/div>\n<\/div>\n<\/div><\/section><\/div><div class=\"flex_column av_one_full  flex_column_div av-zero-column-padding first  avia-builder-el-4  el_after_av_one_full  el_before_av_hr  column-top-margin\" style='border-radius:0px; '><section class=\"av_textblock_section \"  itemscope=\"itemscope\" itemtype=\"https:\/\/schema.org\/BlogPosting\" itemprop=\"blogPost\" ><div class='avia_textblock  '   itemprop=\"text\" ><p class=\"v1MsoNormal\" style=\"text-align: justify;\">La Corte de Apelaciones de Coyhaique acogi\u00f3 el recurso de protecci\u00f3n deducido en representaci\u00f3n de funcionaria y le orden\u00f3 a la Municipalidad de Lago Verde renovar contrata, por considerar que cumple con el principio de confianza leg\u00edtima, tras permanecer en el cargo por siete a\u00f1os continuos.<\/p>\n<p class=\"v1MsoNormal\" style=\"text-align: justify;\">En fallo un\u00e1nime (causa rol 19-2025), la Primera Sala del Tribunal de alzada \u2013integrada por los ministros Pedro Castro Espinoza, Jos\u00e9 Ignacio Mora Trujillo y Natalia Rencoret Oliva\u2013acogi\u00f3 la acci\u00f3n constitucional, tras establecer el actuar ilegal, arbitrario e infundado del municipio recurrido.<\/p>\n<p class=\"v1MsoNormal\" style=\"text-align: justify;\">\u00a0\u00ab(&#8230;) en consecuencia, la resoluci\u00f3n administrativa impugnada mediante esta acci\u00f3n de protecci\u00f3n, surge del todo ilegal, desde que al ser infundada, seg\u00fan ante se indic\u00f3, infringe los art\u00edculos 11 y 41, ambos de la Ley 19.880; como asimismo aparece arbitraria, desde que previamente a la dictaci\u00f3n del acto recurrido, se le notific\u00f3 una carta de 28 de noviembre de 2024, emitida por Viviana Rivera Peralta, alcaldesa de la Municipalidad de Lago Verde, mediante la cual se le informa a la recurrente que atendido su buen desempe\u00f1o laboral, se ha decidido prorrogar su contrataci\u00f3n bajo la cual se desempe\u00f1a en el municipio para el periodo comprendido entre el 1 de enero y el 31 de diciembre de 2025, sin que por su parte se incluya en el acto posterior que pone t\u00e9rmino a la contrata, alguna menci\u00f3n a esta misiva, en orden a dejarla sin efecto, esgrimiendo antecedentes comprobables que controviertan su buen desempe\u00f1o laboral que sirvi\u00f3 justamente como fundamento de la referida carta de aviso de renovaci\u00f3n\u00bb, sostiene el fallo.<\/p>\n<p class=\"v1MsoNormal\" style=\"text-align: justify;\">\u00a0La resoluci\u00f3n agrega: \u00abQue, de este modo, la actuaci\u00f3n de la recurrida infringe el derecho a la igualdad ante la ley, consagrado en el art\u00edculo 19 N\u00b02 de la Constituci\u00f3n Pol\u00edtica de la Rep\u00fablica, al ser discriminada arbitrariamente por no contar con la &#8216;confianza&#8217; de la m\u00e1xima autoridad comunal, en comparaci\u00f3n a otros empleados contrata, sin perjuicio de que el deber de motivaci\u00f3n del acto administrativo debe emplearse para todas las personas que se encuentren en la misma situaci\u00f3n y en el presente caso ello no se cumple\u00bb.<\/p>\n<p class=\"v1MsoNormal\" style=\"text-align: justify;\">\u00a0\u00abIgualmente se ha vulnerado el derecho de propiedad, estatuido en el art\u00edculo 19 N\u00b024 del nuestra Carta Magna, desde que priva de manera ileg\u00edtima a la recurrente de las remuneraciones a las que ten\u00eda derecho a percibir durante su desempe\u00f1o laboral\u00bb, a\u00f1ade.<\/p>\n<p class=\"v1MsoNormal\" style=\"text-align: justify;\">Por tanto, se resuelve que: \u00ab<b>SE ACOGE<\/b>, con costas, el recurso de protecci\u00f3n deducido por \u00c1ngela Eliana Valenzuela Cort\u00e9s, en contra de la Municipalidad de Lago Verde representada legalmente por su Alcaldesa, Claudia Andrea Vald\u00e9s V\u00e1squez, y, en consecuencia, se deja sin efecto el Decreto Alcaldicio N\u00b01072\/1064, de fecha 27 de diciembre de 2024, mediante la cual la recurrida dispuso no renovar para el periodo 2025 su nombramiento a contrata, como asimismo se ordena el reintegro inmediato a sus funciones y el pago de las remuneraciones devengadas durante el tiempo que la recurrente ha estado separado de su cargo hasta su efectiva reincorporaci\u00f3n, debiendo la recurrida disponer la inmediata renovaci\u00f3n de su contrata por todo el a\u00f1o 2025&#8243;.<\/p>\n<\/div><\/section><\/div><\/p>\n<div  style='height:50px' class='hr hr-invisible   avia-builder-el-6  el_after_av_one_full  el_before_av_social_share '><span class='hr-inner ' ><span class='hr-inner-style'><\/span><\/span><\/div>\n<div  class='av-social-sharing-box  avia-builder-el-7  el_after_av_hr  el_before_av_hr  '><div class='av-share-box'><h5 class='av-share-link-description av-no-toc '>Compartir esta noticia<\/h5><ul class='av-share-box-list noLightbox'><li class='av-share-link av-social-link-facebook' ><a target=\"_blank\" aria-label=\"Compartir en Facebook\" href='https:\/\/www.facebook.com\/sharer.php?u=https:\/\/radiorevelacionfm.cl\/?p=51870&#038;t=Corte%20de%20Coyhaique%20ordena%20a%20municipio%20de%20Lago%20Verde%20reintegro%20de%20funcionaria%20despedida%20tras%20siete%20a%C3%B1os%20de%20buen%20desempe%C3%B1o' aria-hidden='false' data-av_icon='\ue8f3' data-av_iconfont='entypo-fontello' title='' data-avia-related-tooltip='Compartir en Facebook' rel=\"noopener\"><span class='avia_hidden_link_text'>Compartir en Facebook<\/span><\/a><\/li><li class='av-share-link av-social-link-twitter' ><a target=\"_blank\" aria-label=\"Compartir en Twitter\" href='https:\/\/twitter.com\/share?text=Corte%20de%20Coyhaique%20ordena%20a%20municipio%20de%20Lago%20Verde%20reintegro%20de%20funcionaria%20despedida%20tras%20siete%20a%C3%B1os%20de%20buen%20desempe%C3%B1o&#038;url=https:\/\/radiorevelacionfm.cl\/?p=51870' aria-hidden='false' data-av_icon='\ue8f1' data-av_iconfont='entypo-fontello' title='' data-avia-related-tooltip='Compartir en Twitter' rel=\"noopener\"><span class='avia_hidden_link_text'>Compartir en Twitter<\/span><\/a><\/li><li class='av-share-link av-social-link-whatsapp' ><a target=\"_blank\" aria-label=\"Compartir en Whatsapp\" href='https:\/\/api.whatsapp.com\/send?text=https:\/\/radiorevelacionfm.cl\/?p=51870' aria-hidden='false' data-av_icon='\uf232' data-av_iconfont='entypo-fontello' title='' data-avia-related-tooltip='Compartir en Whatsapp' rel=\"noopener\"><span class='avia_hidden_link_text'>Compartir en Whatsapp<\/span><\/a><\/li><li class='av-share-link av-social-link-linkedin' ><a target=\"_blank\" aria-label=\"Compartir en LinkedIn\" href='https:\/\/linkedin.com\/shareArticle?mini=true&#038;title=Corte%20de%20Coyhaique%20ordena%20a%20municipio%20de%20Lago%20Verde%20reintegro%20de%20funcionaria%20despedida%20tras%20siete%20a%C3%B1os%20de%20buen%20desempe%C3%B1o&#038;url=https:\/\/radiorevelacionfm.cl\/?p=51870' aria-hidden='false' data-av_icon='\ue8fc' data-av_iconfont='entypo-fontello' title='' data-avia-related-tooltip='Compartir en LinkedIn' rel=\"noopener\"><span class='avia_hidden_link_text'>Compartir en LinkedIn<\/span><\/a><\/li><li class='av-share-link av-social-link-mail' ><a  aria-label=\"Compartir por correo\" href='mailto:?subject=Corte%20de%20Coyhaique%20ordena%20a%20municipio%20de%20Lago%20Verde%20reintegro%20de%20funcionaria%20despedida%20tras%20siete%20a%C3%B1os%20de%20buen%20desempe%C3%B1o&#038;body=https:\/\/radiorevelacionfm.cl\/?p=51870' aria-hidden='false' data-av_icon='\ue805' data-av_iconfont='entypo-fontello' title='' data-avia-related-tooltip='Compartir por correo'><span class='avia_hidden_link_text'>Compartir por correo<\/span><\/a><\/li><\/ul><\/div><\/div>\n<div  style='height:50px' class='hr hr-invisible   avia-builder-el-8  el_after_av_social_share  el_before_av_comments_list '><span class='hr-inner ' ><span class='hr-inner-style'><\/span><\/span><\/div>\n<div  class='av-buildercomment  av-blog-meta-html-info-disabled av-blog-meta-tag-disabled  '><\/div>\n","protected":false},"excerpt":{"rendered":"","protected":false},"author":1,"featured_media":5552,"comment_status":"closed","ping_status":"closed","sticky":false,"template":"","format":"standard","meta":{"footnotes":""},"categories":[55],"tags":[],"class_list":["post-51870","post","type-post","status-publish","format-standard","has-post-thumbnail","hentry","category-justicia"],"jetpack_featured_media_url":"https:\/\/radiorevelacionfm.cl\/wp-content\/uploads\/2021\/06\/Foto-10-Corte-COYHAIQUE-1-1-1.jpg","_links":{"self":[{"href":"https:\/\/radiorevelacionfm.cl\/index.php?rest_route=\/wp\/v2\/posts\/51870","targetHints":{"allow":["GET"]}}],"collection":[{"href":"https:\/\/radiorevelacionfm.cl\/index.php?rest_route=\/wp\/v2\/posts"}],"about":[{"href":"https:\/\/radiorevelacionfm.cl\/index.php?rest_route=\/wp\/v2\/types\/post"}],"author":[{"embeddable":true,"href":"https:\/\/radiorevelacionfm.cl\/index.php?rest_route=\/wp\/v2\/users\/1"}],"replies":[{"embeddable":true,"href":"https:\/\/radiorevelacionfm.cl\/index.php?rest_route=%2Fwp%2Fv2%2Fcomments&post=51870"}],"version-history":[{"count":3,"href":"https:\/\/radiorevelacionfm.cl\/index.php?rest_route=\/wp\/v2\/posts\/51870\/revisions"}],"predecessor-version":[{"id":51887,"href":"https:\/\/radiorevelacionfm.cl\/index.php?rest_route=\/wp\/v2\/posts\/51870\/revisions\/51887"}],"wp:featuredmedia":[{"embeddable":true,"href":"https:\/\/radiorevelacionfm.cl\/index.php?rest_route=\/wp\/v2\/media\/5552"}],"wp:attachment":[{"href":"https:\/\/radiorevelacionfm.cl\/index.php?rest_route=%2Fwp%2Fv2%2Fmedia&parent=51870"}],"wp:term":[{"taxonomy":"category","embeddable":true,"href":"https:\/\/radiorevelacionfm.cl\/index.php?rest_route=%2Fwp%2Fv2%2Fcategories&post=51870"},{"taxonomy":"post_tag","embeddable":true,"href":"https:\/\/radiorevelacionfm.cl\/index.php?rest_route=%2Fwp%2Fv2%2Ftags&post=51870"}],"curies":[{"name":"wp","href":"https:\/\/api.w.org\/{rel}","templated":true}]}}