{"id":5187,"date":"2021-06-12T17:05:39","date_gmt":"2021-06-12T20:05:39","guid":{"rendered":"https:\/\/radiorevelacionfm.cl\/?p=5187"},"modified":"2021-06-12T17:05:39","modified_gmt":"2021-06-12T20:05:39","slug":"en-conversatorio-con-la-ciudadania-analizan-estado-actual-covid-19-en-la-region-de-aysen","status":"publish","type":"post","link":"https:\/\/radiorevelacionfm.cl\/?p=5187","title":{"rendered":"En conversatorio con la ciudadan\u00eda analizan estado actual Covid-19 en la Regi\u00f3n de Ays\u00e9n"},"content":{"rendered":"<div class=\"flex_column av_one_full  flex_column_div av-zero-column-padding first  avia-builder-el-0  el_before_av_one_full  avia-builder-el-first  \" style='border-radius:0px; '><div  class='avia-image-container  av-styling-    avia-builder-el-1  avia-builder-el-no-sibling  avia-align-center '  itemprop=\"image\" itemscope=\"itemscope\" itemtype=\"https:\/\/schema.org\/ImageObject\"  ><div class='avia-image-container-inner'><div class='avia-image-overlay-wrap'><img decoding=\"async\" class='wp-image-0 avia-img-lazy-loading-not-0 avia_image' src=\"https:\/\/radiorevelacionfm.cl\/wp-content\/uploads\/2021\/06\/Conversatorio-2-1-1.jpg\" alt='' title=''   itemprop=\"thumbnailUrl\"  \/><\/div><\/div><\/div><\/div><div class=\"flex_column av_one_full  flex_column_div av-zero-column-padding first  avia-builder-el-2  el_after_av_one_full  el_before_av_one_full  column-top-margin\" style='border-radius:0px; '><section class=\"av_textblock_section \"  itemscope=\"itemscope\" itemtype=\"https:\/\/schema.org\/BlogPosting\" itemprop=\"blogPost\" ><div class='avia_textblock  '   itemprop=\"text\" ><p style=\"text-align: center;\"><strong><span style=\"font-size: 18pt;\">En conversatorio con la ciudadan\u00eda analizan estado actual Covid-19 en la Regi\u00f3n de Ays\u00e9n<\/span><\/strong><\/p>\n<div id=\"gtx-trans\" style=\"position: absolute; left: -50px; top: 4.31534px;\">\n<div class=\"gtx-trans-icon\"><\/div>\n<\/div>\n<\/div><\/section><\/div><div class=\"flex_column av_one_full  flex_column_div av-zero-column-padding first  avia-builder-el-4  el_after_av_one_full  el_before_av_hr  column-top-margin\" style='border-radius:0px; '><section class=\"av_textblock_section \"  itemscope=\"itemscope\" itemtype=\"https:\/\/schema.org\/BlogPosting\" itemprop=\"blogPost\" ><div class='avia_textblock  '   itemprop=\"text\" ><p style=\"text-align: justify;\">Un nuevo conversatorio con la ciudadan\u00eda, se realiz\u00f3 la tarde del jueves 10 de junio, el cual fue convocado por el Director del Servicio de Salud Ays\u00e9n, Gabriel Burgos y la Unidad de Participaci\u00f3n de la misma Instituci\u00f3n.<\/p>\n<p style=\"text-align: justify;\">En la instancia mediante ZOOM, participaron unos 25 dirigentes sociales de los Consejos Consultivos de Salud, de los Consejos de Desarrollo de los establecimientos de la Red y comunidad en general, destacando entre ellos, la presencia de dirigentes sindicales, dirigentes de juntas de vecinos y concejales que concurren regularmente a los encuentros con la comunidad.<\/p>\n<p style=\"text-align: justify;\">Tras el saludo de bienvenida y presentaci\u00f3n de los asistentes, Burgos realiz\u00f3 una exposici\u00f3n sobre el estado actual de la pandemia y sus impactos en la poblaci\u00f3n regional.<\/p>\n<p style=\"text-align: justify;\">\u201cComo instituci\u00f3n, tenemos no solo el rol de atender las necesidades en salud, si no tambi\u00e9n, la de comunicar a la gente lo que estamos haciendo para mejorar nuestras prestaciones, m\u00e1s a\u00fan cuando estamos enfrentando una crisis sanitaria de impacto mundial, que requiere de voluntad y de toda una conducta ciudadana responsable, en cuanto a las medidas de protecci\u00f3n que debemos tener para protegernos a fin de resguardar la integridad de nuestras familias y seres queridos; por ello es que sostener estos di\u00e1logos, nos resulta fundamental, pues nos permiten orientar bien las decisiones que se deben tomar, para acercar la salud a las comunidades, como en este caso, lo representan: la toma de PCR, el uso de las camas, las campa\u00f1as de vacunaci\u00f3n y que se respondan las consultas de manera oportuna\u201d, indic\u00f3 Gabriel Burgos.<\/p>\n<p style=\"text-align: justify;\"><strong><u>Reacciones:<\/u><\/strong><\/p>\n<p style=\"text-align: justify;\">\u201cLa exposici\u00f3n del Director fue bastante clarificadora, para luego responder las interrogantes e inquietudes que ten\u00eda la comunidad, tanto de la situaci\u00f3n del COVID como de la campa\u00f1a de vacunaci\u00f3n\u201d, coment\u00f3 la Jefa de la Unidad de Participaci\u00f3n del Servicio de Salud Ays\u00e9n, Lorena Guerrero.<\/p>\n<p style=\"text-align: justify;\">V\u00edctor Soto, presidente regional de la Uni\u00f3n Nacional de Pensionados UNAP, asistente al encuentro, catalog\u00f3 como muy oportuna la reuni\u00f3n. \u201cSe hac\u00eda necesario obtener de una fuente confiable, como lo es la Direcci\u00f3n de este Servicio, una informaci\u00f3n referida a 2 grandes temas; la situaci\u00f3n de la pandemia en la Regi\u00f3n de Ays\u00e9n desde el punto de vista de las estad\u00edsticas, entre otros aspectos la situaci\u00f3n o estado del proceso de vacunaci\u00f3n. Quiero valorar el esfuerzo que hace este Servicio en mantener un contacto permanente con la ciudadan\u00eda, sobre todo a trav\u00e9s de los dirigentes sociales tanto territoriales como funcionales, hubo una alta convocatoria y espero que los dirigentes aprendamos cada d\u00eda m\u00e1s a dialogar con la autoridad, refiri\u00e9ndonos a temas de nuestros representados, en mi caso, los adultos mayores\u201d, puntualiz\u00f3 el l\u00edder social.<\/p>\n<p style=\"text-align: justify;\">Finalmente, Lorena Guerrero, agreg\u00f3 que desde el \u00e1rea de participaci\u00f3n del SSA que dirige, se proyectan en la planificaci\u00f3n anual, conversatorios sobre diversas tem\u00e1ticas. \u201cHemos proyectado, a parte del conversatorio realizado sobre la Situaci\u00f3n del COVID &#8211; 19, abordar las campa\u00f1as de vacunaci\u00f3n de COVID, los paso a paso en que se encuentra la pandemia, as\u00ed tambi\u00e9n sobre teleasistencia en \u00a0coordinaci\u00f3n con SAMU y un conversatorio final sobre la estrategia Hospital Amigo, donde esperamos mejorar algunas estrategias de comunicaci\u00f3n e informaci\u00f3n a los usuarios desde los centros hospitalarios, con el aporte que nos haga la comunidad respecto de las necesidades que ellos han advertido en este cambio de cultura hospitalaria que ha ocurrido en raz\u00f3n de la presencia del COVID\u201d, concluy\u00f3 la profesional.<\/p>\n<\/div><\/section><\/div><div  style='height:50px' class='hr hr-invisible   avia-builder-el-6  el_after_av_one_full  el_before_av_social_share '><span class='hr-inner ' ><span class='hr-inner-style'><\/span><\/span><\/div><\/p>\n<div  class='av-social-sharing-box  avia-builder-el-7  el_after_av_hr  el_before_av_hr  '><div class='av-share-box'><h5 class='av-share-link-description av-no-toc '>Compartir esta noticia<\/h5><ul class='av-share-box-list noLightbox'><li class='av-share-link av-social-link-facebook' ><a target=\"_blank\" aria-label=\"Compartir en Facebook\" href='https:\/\/www.facebook.com\/sharer.php?u=https:\/\/radiorevelacionfm.cl\/?p=5187&#038;t=En%20conversatorio%20con%20la%20ciudadan%C3%ADa%20analizan%20estado%20actual%20Covid-19%20en%20la%20Regi%C3%B3n%20de%20Ays%C3%A9n' aria-hidden='false' data-av_icon='\ue8f3' data-av_iconfont='entypo-fontello' title='' data-avia-related-tooltip='Compartir en Facebook' rel=\"noopener\"><span class='avia_hidden_link_text'>Compartir en Facebook<\/span><\/a><\/li><li class='av-share-link av-social-link-twitter' ><a target=\"_blank\" aria-label=\"Compartir en Twitter\" href='https:\/\/twitter.com\/share?text=En%20conversatorio%20con%20la%20ciudadan%C3%ADa%20analizan%20estado%20actual%20Covid-19%20en%20la%20Regi%C3%B3n%20de%20Ays%C3%A9n&#038;url=https:\/\/radiorevelacionfm.cl\/?p=5187' aria-hidden='false' data-av_icon='\ue8f1' data-av_iconfont='entypo-fontello' title='' data-avia-related-tooltip='Compartir en Twitter' rel=\"noopener\"><span class='avia_hidden_link_text'>Compartir en Twitter<\/span><\/a><\/li><li class='av-share-link av-social-link-whatsapp' ><a target=\"_blank\" aria-label=\"Compartir en Whatsapp\" href='https:\/\/api.whatsapp.com\/send?text=https:\/\/radiorevelacionfm.cl\/?p=5187' aria-hidden='false' data-av_icon='\uf232' data-av_iconfont='entypo-fontello' title='' data-avia-related-tooltip='Compartir en Whatsapp' rel=\"noopener\"><span class='avia_hidden_link_text'>Compartir en Whatsapp<\/span><\/a><\/li><li class='av-share-link av-social-link-linkedin' ><a target=\"_blank\" aria-label=\"Compartir en LinkedIn\" href='https:\/\/linkedin.com\/shareArticle?mini=true&#038;title=En%20conversatorio%20con%20la%20ciudadan%C3%ADa%20analizan%20estado%20actual%20Covid-19%20en%20la%20Regi%C3%B3n%20de%20Ays%C3%A9n&#038;url=https:\/\/radiorevelacionfm.cl\/?p=5187' aria-hidden='false' data-av_icon='\ue8fc' data-av_iconfont='entypo-fontello' title='' data-avia-related-tooltip='Compartir en LinkedIn' rel=\"noopener\"><span class='avia_hidden_link_text'>Compartir en LinkedIn<\/span><\/a><\/li><li class='av-share-link av-social-link-mail' ><a  aria-label=\"Compartir por correo\" href='mailto:?subject=En%20conversatorio%20con%20la%20ciudadan%C3%ADa%20analizan%20estado%20actual%20Covid-19%20en%20la%20Regi%C3%B3n%20de%20Ays%C3%A9n&#038;body=https:\/\/radiorevelacionfm.cl\/?p=5187' aria-hidden='false' data-av_icon='\ue805' data-av_iconfont='entypo-fontello' title='' data-avia-related-tooltip='Compartir por correo'><span class='avia_hidden_link_text'>Compartir por correo<\/span><\/a><\/li><\/ul><\/div><\/div>\n<div  style='height:50px' class='hr hr-invisible   avia-builder-el-8  el_after_av_social_share  el_before_av_comments_list '><span class='hr-inner ' ><span class='hr-inner-style'><\/span><\/span><\/div>\n<div  class='av-buildercomment  av-blog-meta-html-info-disabled av-blog-meta-tag-disabled  '><\/div>\n","protected":false},"excerpt":{"rendered":"","protected":false},"author":1,"featured_media":0,"comment_status":"open","ping_status":"open","sticky":false,"template":"","format":"standard","meta":{"footnotes":""},"categories":[46],"tags":[],"class_list":["post-5187","post","type-post","status-publish","format-standard","hentry","category-salud"],"jetpack_featured_media_url":"","_links":{"self":[{"href":"https:\/\/radiorevelacionfm.cl\/index.php?rest_route=\/wp\/v2\/posts\/5187","targetHints":{"allow":["GET"]}}],"collection":[{"href":"https:\/\/radiorevelacionfm.cl\/index.php?rest_route=\/wp\/v2\/posts"}],"about":[{"href":"https:\/\/radiorevelacionfm.cl\/index.php?rest_route=\/wp\/v2\/types\/post"}],"author":[{"embeddable":true,"href":"https:\/\/radiorevelacionfm.cl\/index.php?rest_route=\/wp\/v2\/users\/1"}],"replies":[{"embeddable":true,"href":"https:\/\/radiorevelacionfm.cl\/index.php?rest_route=%2Fwp%2Fv2%2Fcomments&post=5187"}],"version-history":[{"count":1,"href":"https:\/\/radiorevelacionfm.cl\/index.php?rest_route=\/wp\/v2\/posts\/5187\/revisions"}],"predecessor-version":[{"id":5189,"href":"https:\/\/radiorevelacionfm.cl\/index.php?rest_route=\/wp\/v2\/posts\/5187\/revisions\/5189"}],"wp:attachment":[{"href":"https:\/\/radiorevelacionfm.cl\/index.php?rest_route=%2Fwp%2Fv2%2Fmedia&parent=5187"}],"wp:term":[{"taxonomy":"category","embeddable":true,"href":"https:\/\/radiorevelacionfm.cl\/index.php?rest_route=%2Fwp%2Fv2%2Fcategories&post=5187"},{"taxonomy":"post_tag","embeddable":true,"href":"https:\/\/radiorevelacionfm.cl\/index.php?rest_route=%2Fwp%2Fv2%2Ftags&post=5187"}],"curies":[{"name":"wp","href":"https:\/\/api.w.org\/{rel}","templated":true}]}}