{"id":51866,"date":"2025-03-29T21:27:21","date_gmt":"2025-03-30T00:27:21","guid":{"rendered":"https:\/\/radiorevelacionfm.cl\/?p=51866"},"modified":"2025-03-29T21:27:21","modified_gmt":"2025-03-30T00:27:21","slug":"edelaysen-se-suma-a-jornada-de-limpieza-en-el-muelle-san-pedro-en-conmemoracion-del-dia-mundial-del-agua","status":"publish","type":"post","link":"https:\/\/radiorevelacionfm.cl\/?p=51866","title":{"rendered":"Edelaysen se suma a jornada de limpieza en el muelle San Pedro en conmemoraci\u00f3n del D\u00eda Mundial del Agua"},"content":{"rendered":"<div class=\"flex_column av_one_full  flex_column_div av-zero-column-padding first  avia-builder-el-0  el_before_av_one_full  avia-builder-el-first  \" style='border-radius:0px; '><div  class='avia-image-container  av-styling-    avia-builder-el-1  avia-builder-el-no-sibling  avia-align-center '  itemprop=\"image\" itemscope=\"itemscope\" itemtype=\"https:\/\/schema.org\/ImageObject\"  ><div class='avia-image-container-inner'><div class='avia-image-overlay-wrap'><img decoding=\"async\" class='wp-image-51867 avia-img-lazy-loading-not-51867 avia_image' src=\"https:\/\/radiorevelacionfm.cl\/wp-content\/uploads\/2025\/03\/dia-mundial-del-agua-5-1_optimized.jpeg\" alt='' title='d\u00eda-mundial-del-agua-(5)-(1)_optimized' height=\"600\" width=\"877\"  itemprop=\"thumbnailUrl\" srcset=\"https:\/\/radiorevelacionfm.cl\/wp-content\/uploads\/2025\/03\/dia-mundial-del-agua-5-1_optimized.jpeg 877w, https:\/\/radiorevelacionfm.cl\/wp-content\/uploads\/2025\/03\/dia-mundial-del-agua-5-1_optimized-300x205.jpeg 300w, https:\/\/radiorevelacionfm.cl\/wp-content\/uploads\/2025\/03\/dia-mundial-del-agua-5-1_optimized-768x525.jpeg 768w, https:\/\/radiorevelacionfm.cl\/wp-content\/uploads\/2025\/03\/dia-mundial-del-agua-5-1_optimized-705x482.jpeg 705w, https:\/\/radiorevelacionfm.cl\/wp-content\/uploads\/2025\/03\/dia-mundial-del-agua-5-1_optimized-450x308.jpeg 450w, https:\/\/radiorevelacionfm.cl\/wp-content\/uploads\/2025\/03\/dia-mundial-del-agua-5-1_optimized-600x410.jpeg 600w\" sizes=\"(max-width: 877px) 100vw, 877px\" \/><\/div><\/div><\/div><\/div><div class=\"flex_column av_one_full  flex_column_div av-zero-column-padding first  avia-builder-el-2  el_after_av_one_full  el_before_av_one_full  column-top-margin\" style='border-radius:0px; '><section class=\"av_textblock_section \"  itemscope=\"itemscope\" itemtype=\"https:\/\/schema.org\/BlogPosting\" itemprop=\"blogPost\" ><div class='avia_textblock  '   itemprop=\"text\" ><p style=\"text-align: center;\"><strong><span style=\"font-size: 18pt;\">Edelaysen se suma a jornada de limpieza en el muelle San Pedro en conmemoraci\u00f3n del D\u00eda Mundial del Agua<\/span><\/strong><\/p>\n<div id=\"gtx-trans\" style=\"position: absolute; left: -50px; top: 4.31534px;\">\n<div class=\"gtx-trans-icon\"><\/div>\n<\/div>\n<\/div><\/section><\/div><div class=\"flex_column av_one_full  flex_column_div av-zero-column-padding first  avia-builder-el-4  el_after_av_one_full  el_before_av_hr  column-top-margin\" style='border-radius:0px; '><section class=\"av_textblock_section \"  itemscope=\"itemscope\" itemtype=\"https:\/\/schema.org\/BlogPosting\" itemprop=\"blogPost\" ><div class='avia_textblock  '   itemprop=\"text\" ><p style=\"text-align: justify;\"><em>La actividad liderada por la Municipalidad de Ays\u00e9n reuni\u00f3 a estudiantes, instituciones p\u00fablicas y privadas en una acci\u00f3n conjunta por el cuidado de los recursos h\u00eddricos y el medio ambiente.<\/em><\/p>\n<p style=\"text-align: justify;\">En el marco del D\u00eda Mundial del Agua, Edelaysen particip\u00f3 de una iniciativa que tuvo como objetivo limpiar el muelle San Pedro de Puerto Ays\u00e9n y que cont\u00f3 con la participaci\u00f3n de los ni\u00f1os de diversos establecimientos educacionales, adem\u00e1s de representantes de distintas instituciones p\u00fablicas y privadas, as\u00ed como de la organizaci\u00f3n civil, quienes ten\u00edan stand de concientizaci\u00f3n del cuidado del medio ambiente.<\/p>\n<p style=\"text-align: justify;\">Esta acci\u00f3n colaborativa tuvo como objetivo generar conciencia sobre la importancia de cuidar de los recursos h\u00eddricos y espacios naturales, promoviendo el trabajo conjunto por el cuidado de estos espacios a trav\u00e9s de la limpieza y posterior clasificaci\u00f3n de la basura.<\/p>\n<p style=\"text-align: justify;\">Durante la actividad, Edelaysen tambi\u00e9n present\u00f3 su programa \u201cPatagonia ponte las pilas\u201d, iniciativa que en 2025 busca fortalecer su presencia en la comunidad mediante nuevas alianzas que impulsen el almacenaje de pilas en desuso y la educaci\u00f3n ambiental.<\/p>\n<p style=\"text-align: justify;\">Francisco Pavez, ejecutivo de Edelaysen destac\u00f3: \u201cNos encontramos ac\u00e1 en el muelle San Pedro realizando distintas labores de limpieza, junto al municipio de Puerto Ays\u00e9n y distintas instituciones privadas, conmemorando el D\u00eda Mundial del Agua y nosotros como Edelaysen los invitamos a sumarse a las campa\u00f1as del cuidado del medio ambiente como lo es nuestra campa\u00f1a \u201cPatagonia ponte las pilas\u201d que realizamos anualmente en la comuna\u201d.<\/p>\n<p style=\"text-align: justify;\">Para Marcela Matus, del departamento de medio ambiente de la Municipalidad la actividad fue positiva y motivadora agregando qu\u00e9: \u201cGeneramos una limpieza a la orilla del r\u00edo, donde en esta oportunidad participaron los alumnos del colegio Santa Teresa y Ribera Sur, as\u00ed que estamos muy contentos porque hayan participado de estas actividades en conjunto con todos los que estamos ac\u00e1 con Empresas Bahamondes, Fundaci\u00f3n y Ciencia, la Direcci\u00f3n General de Aguas, Sernapesca, Edelaysen tambi\u00e9n y el equipo completo de medio ambiente que hicimos posible la actividad\u201d.<\/p>\n<p style=\"text-align: justify;\">De esta manera la jornada culmin\u00f3 con los alumnos realizando el recorrido por los distintos stand donde aprendieron m\u00e1s sobre la protecci\u00f3n del agua, del medio ambiente y de la importancia de las turberas, llev\u00e1ndose una planta como s\u00edmbolo de la actividad entregada por la Municipalidad de Ays\u00e9n.<\/p>\n<\/div><\/section><\/div><div  style='height:50px' class='hr hr-invisible   avia-builder-el-6  el_after_av_one_full  el_before_av_social_share '><span class='hr-inner ' ><span class='hr-inner-style'><\/span><\/span><\/div><\/p>\n<div  class='av-social-sharing-box  avia-builder-el-7  el_after_av_hr  el_before_av_hr  '><div class='av-share-box'><h5 class='av-share-link-description av-no-toc '>Compartir esta noticia<\/h5><ul class='av-share-box-list noLightbox'><li class='av-share-link av-social-link-facebook' ><a target=\"_blank\" aria-label=\"Compartir en Facebook\" href='https:\/\/www.facebook.com\/sharer.php?u=https:\/\/radiorevelacionfm.cl\/?p=51866&#038;t=Edelaysen%20se%20suma%20a%20jornada%20de%20limpieza%20en%20el%20muelle%20San%20Pedro%20en%20conmemoraci%C3%B3n%20del%20D%C3%ADa%20Mundial%20del%20Agua' aria-hidden='false' data-av_icon='\ue8f3' data-av_iconfont='entypo-fontello' title='' data-avia-related-tooltip='Compartir en Facebook' rel=\"noopener\"><span class='avia_hidden_link_text'>Compartir en Facebook<\/span><\/a><\/li><li class='av-share-link av-social-link-twitter' ><a target=\"_blank\" aria-label=\"Compartir en Twitter\" href='https:\/\/twitter.com\/share?text=Edelaysen%20se%20suma%20a%20jornada%20de%20limpieza%20en%20el%20muelle%20San%20Pedro%20en%20conmemoraci%C3%B3n%20del%20D%C3%ADa%20Mundial%20del%20Agua&#038;url=https:\/\/radiorevelacionfm.cl\/?p=51866' aria-hidden='false' data-av_icon='\ue8f1' data-av_iconfont='entypo-fontello' title='' data-avia-related-tooltip='Compartir en Twitter' rel=\"noopener\"><span class='avia_hidden_link_text'>Compartir en Twitter<\/span><\/a><\/li><li class='av-share-link av-social-link-whatsapp' ><a target=\"_blank\" aria-label=\"Compartir en Whatsapp\" href='https:\/\/api.whatsapp.com\/send?text=https:\/\/radiorevelacionfm.cl\/?p=51866' aria-hidden='false' data-av_icon='\uf232' data-av_iconfont='entypo-fontello' title='' data-avia-related-tooltip='Compartir en Whatsapp' rel=\"noopener\"><span class='avia_hidden_link_text'>Compartir en Whatsapp<\/span><\/a><\/li><li class='av-share-link av-social-link-linkedin' ><a target=\"_blank\" aria-label=\"Compartir en LinkedIn\" href='https:\/\/linkedin.com\/shareArticle?mini=true&#038;title=Edelaysen%20se%20suma%20a%20jornada%20de%20limpieza%20en%20el%20muelle%20San%20Pedro%20en%20conmemoraci%C3%B3n%20del%20D%C3%ADa%20Mundial%20del%20Agua&#038;url=https:\/\/radiorevelacionfm.cl\/?p=51866' aria-hidden='false' data-av_icon='\ue8fc' data-av_iconfont='entypo-fontello' title='' data-avia-related-tooltip='Compartir en LinkedIn' rel=\"noopener\"><span class='avia_hidden_link_text'>Compartir en LinkedIn<\/span><\/a><\/li><li class='av-share-link av-social-link-mail' ><a  aria-label=\"Compartir por correo\" href='mailto:?subject=Edelaysen%20se%20suma%20a%20jornada%20de%20limpieza%20en%20el%20muelle%20San%20Pedro%20en%20conmemoraci%C3%B3n%20del%20D%C3%ADa%20Mundial%20del%20Agua&#038;body=https:\/\/radiorevelacionfm.cl\/?p=51866' aria-hidden='false' data-av_icon='\ue805' data-av_iconfont='entypo-fontello' title='' data-avia-related-tooltip='Compartir por correo'><span class='avia_hidden_link_text'>Compartir por correo<\/span><\/a><\/li><\/ul><\/div><\/div>\n<div  style='height:50px' class='hr hr-invisible   avia-builder-el-8  el_after_av_social_share  el_before_av_comments_list '><span class='hr-inner ' ><span class='hr-inner-style'><\/span><\/span><\/div>\n<div  class='av-buildercomment  av-blog-meta-html-info-disabled av-blog-meta-tag-disabled  '><\/div>\n","protected":false},"excerpt":{"rendered":"","protected":false},"author":1,"featured_media":51867,"comment_status":"closed","ping_status":"closed","sticky":false,"template":"","format":"standard","meta":{"footnotes":""},"categories":[38],"tags":[],"class_list":["post-51866","post","type-post","status-publish","format-standard","has-post-thumbnail","hentry","category-regional"],"jetpack_featured_media_url":"https:\/\/radiorevelacionfm.cl\/wp-content\/uploads\/2025\/03\/dia-mundial-del-agua-5-1_optimized.jpeg","_links":{"self":[{"href":"https:\/\/radiorevelacionfm.cl\/index.php?rest_route=\/wp\/v2\/posts\/51866","targetHints":{"allow":["GET"]}}],"collection":[{"href":"https:\/\/radiorevelacionfm.cl\/index.php?rest_route=\/wp\/v2\/posts"}],"about":[{"href":"https:\/\/radiorevelacionfm.cl\/index.php?rest_route=\/wp\/v2\/types\/post"}],"author":[{"embeddable":true,"href":"https:\/\/radiorevelacionfm.cl\/index.php?rest_route=\/wp\/v2\/users\/1"}],"replies":[{"embeddable":true,"href":"https:\/\/radiorevelacionfm.cl\/index.php?rest_route=%2Fwp%2Fv2%2Fcomments&post=51866"}],"version-history":[{"count":2,"href":"https:\/\/radiorevelacionfm.cl\/index.php?rest_route=\/wp\/v2\/posts\/51866\/revisions"}],"predecessor-version":[{"id":51869,"href":"https:\/\/radiorevelacionfm.cl\/index.php?rest_route=\/wp\/v2\/posts\/51866\/revisions\/51869"}],"wp:featuredmedia":[{"embeddable":true,"href":"https:\/\/radiorevelacionfm.cl\/index.php?rest_route=\/wp\/v2\/media\/51867"}],"wp:attachment":[{"href":"https:\/\/radiorevelacionfm.cl\/index.php?rest_route=%2Fwp%2Fv2%2Fmedia&parent=51866"}],"wp:term":[{"taxonomy":"category","embeddable":true,"href":"https:\/\/radiorevelacionfm.cl\/index.php?rest_route=%2Fwp%2Fv2%2Fcategories&post=51866"},{"taxonomy":"post_tag","embeddable":true,"href":"https:\/\/radiorevelacionfm.cl\/index.php?rest_route=%2Fwp%2Fv2%2Ftags&post=51866"}],"curies":[{"name":"wp","href":"https:\/\/api.w.org\/{rel}","templated":true}]}}