{"id":51862,"date":"2025-03-29T21:16:26","date_gmt":"2025-03-30T00:16:26","guid":{"rendered":"https:\/\/radiorevelacionfm.cl\/?p=51862"},"modified":"2025-03-29T21:16:26","modified_gmt":"2025-03-30T00:16:26","slug":"conectividad-austral-sandoval-lamento-que-ministros-del-mop-y-transportes-hayan-declinado-asistir-a-comision-de-zonas-extremas","status":"publish","type":"post","link":"https:\/\/radiorevelacionfm.cl\/?p=51862","title":{"rendered":"Conectividad austral: Sandoval lament\u00f3 que ministros del MOP y Transportes hayan declinado asistir a comisi\u00f3n de Zonas Extremas"},"content":{"rendered":"<div class=\"flex_column av_one_full  flex_column_div av-zero-column-padding first  avia-builder-el-0  el_before_av_one_full  avia-builder-el-first  \" style='border-radius:0px; '><div  class='avia-image-container  av-styling-    avia-builder-el-1  avia-builder-el-no-sibling  avia-align-center '  itemprop=\"image\" itemscope=\"itemscope\" itemtype=\"https:\/\/schema.org\/ImageObject\"  ><div class='avia-image-container-inner'><div class='avia-image-overlay-wrap'><img decoding=\"async\" class='wp-image-51863 avia-img-lazy-loading-not-51863 avia_image' src=\"https:\/\/radiorevelacionfm.cl\/wp-content\/uploads\/2025\/03\/IMG_6744-1-1.jpg\" alt='' title='IMG_6744 (1) (1)' height=\"600\" width=\"900\"  itemprop=\"thumbnailUrl\" srcset=\"https:\/\/radiorevelacionfm.cl\/wp-content\/uploads\/2025\/03\/IMG_6744-1-1.jpg 900w, https:\/\/radiorevelacionfm.cl\/wp-content\/uploads\/2025\/03\/IMG_6744-1-1-300x200.jpg 300w, https:\/\/radiorevelacionfm.cl\/wp-content\/uploads\/2025\/03\/IMG_6744-1-1-768x512.jpg 768w, https:\/\/radiorevelacionfm.cl\/wp-content\/uploads\/2025\/03\/IMG_6744-1-1-705x470.jpg 705w, https:\/\/radiorevelacionfm.cl\/wp-content\/uploads\/2025\/03\/IMG_6744-1-1-450x300.jpg 450w, https:\/\/radiorevelacionfm.cl\/wp-content\/uploads\/2025\/03\/IMG_6744-1-1-600x400.jpg 600w\" sizes=\"(max-width: 900px) 100vw, 900px\" \/><\/div><\/div><\/div><\/div><div class=\"flex_column av_one_full  flex_column_div av-zero-column-padding first  avia-builder-el-2  el_after_av_one_full  el_before_av_one_full  column-top-margin\" style='border-radius:0px; '><section class=\"av_textblock_section \"  itemscope=\"itemscope\" itemtype=\"https:\/\/schema.org\/BlogPosting\" itemprop=\"blogPost\" ><div class='avia_textblock  '   itemprop=\"text\" ><p style=\"text-align: center;\"><span style=\"font-size: 18pt;\"><strong>Conectividad austral: <\/strong><strong>Sandoval lament\u00f3 que ministros del MOP y Transportes hayan declinado asistir a comisi\u00f3n de Zonas Extremas<\/strong><\/span><\/p>\n<div id=\"gtx-trans\" style=\"position: absolute; left: -50px; top: 4.31534px;\">\n<div class=\"gtx-trans-icon\"><\/div>\n<\/div>\n<\/div><\/section><\/div><div class=\"flex_column av_one_full  flex_column_div av-zero-column-padding first  avia-builder-el-4  el_after_av_one_full  el_before_av_hr  column-top-margin\" style='border-radius:0px; '><section class=\"av_textblock_section \"  itemscope=\"itemscope\" itemtype=\"https:\/\/schema.org\/BlogPosting\" itemprop=\"blogPost\" ><div class='avia_textblock  '   itemprop=\"text\" ><p style=\"text-align: justify;\"><em>Parlamentario dijo que se insistir\u00e1 para que ambos secretarios de Estado concurran a la instancia, de lo contrario \u201cte<\/em><em>ndremos que ir nosotros a golpear las puertas de los ministerios\u201d.<\/em><\/p>\n<p style=\"text-align: justify;\">\u201cLamentamos que los dos ministros convocados no hayan podido asistir a la comisi\u00f3n\u201d. As\u00ed lo se\u00f1al\u00f3 el senador David luego de que tanto la ministra de Obras P\u00fablicas, Jessica L\u00f3pez, como el ministro de Transportes, Juan Carlos Mu\u00f1oz, hayan excusado su participaci\u00f3n, en la comisi\u00f3n de Zonas Extremas del Senado, donde se abordar\u00eda temas relacionados con la conectividad austral.<\/p>\n<p style=\"text-align: justify;\">En ese contexto, el parlamentario dijo que \u201caqu\u00ed, (el ministerio de) Obras P\u00fablicas es la llave fundamental para salvar este tema\u201d, valorando de paso el permanente inter\u00e9s de autoridades locales en esta materia. \u201cPr\u00e1cticamente todos los alcaldes tienen clara conciencia que el camino es una herramienta fundamental para el desarrollo de sus comunidades\u201d, recalc\u00f3.<\/p>\n<p style=\"text-align: justify;\">Se\u00f1al\u00f3 que el objetivo de esta reuni\u00f3n, en definitiva, era poder ver los aspectos t\u00e9cnicos, los aspectos financieros y analizar cu\u00e1les son las causas que finalmente est\u00e1n produciendo este lento avance de los pavimentos en la ruta 7, entre otros aspectos. \u201cY si no tendremos que nosotros ir a golpear las puertas de los ministerios para tratar de aunar estos criterios y definir esta situaci\u00f3n. Yo creo que el pr\u00f3ximo Gobierno va a tener una tremenda responsabilidad y tambi\u00e9n hacerse cargo, dicho sea de paso, de muchos de estos temas, porque estos temas son de Estado\u201d, subray\u00f3.<\/p>\n<p style=\"text-align: justify;\">\u201cTerminar con la carretera y dar a la regi\u00f3n una conectividad adecuada es fundamental\u201d, enfatiz\u00f3 el legislador, m\u00e1s a\u00fan cuando medios internacionales como la BBC eligi\u00f3 en los \u00faltimos d\u00edas a la Carretera Austral como una de las seis m\u00e1s extraordinarias del mundo. \u201cSi hoy tiene esta connotaci\u00f3n con respecto a la belleza a nivel mundial como se ha declarado, yo creo que, si tuvi\u00e9ramos una ruta moderna, pavimentada y segura, implicar\u00eda una explosi\u00f3n de desarrollo para nuestras propias comunidades, ya que atrae empleo e inversiones\u201d, puntualiz\u00f3.<\/p>\n<p style=\"text-align: justify;\">Si bien representa una gran satisfacci\u00f3n esta denominaci\u00f3n, para Sandoval esto tambi\u00e9n impone al MOP \u201cun mayor inter\u00e9s y prioridad para que como Estado resolvamos los problemas\u201d.<\/p>\n<p style=\"text-align: justify;\">En todo caso, Sandoval tambi\u00e9n valor\u00f3 que se haya logrado un cambio en relaci\u00f3n al financiamiento de la ruta, donde ahora es \u00edntegramente financiada por el Estado. \u201cPor eso nos alegramos, por ejemplo, de esta \u00faltima adjudicaci\u00f3n que se realiza de estos 17 km en el camino del Puente Chacabuco hacia el Manzano, donde son cerca de 42.000 millones de pesos, que significa que el Estado pone absolutamente todos los recursos. De lo contrario, el Gobierno Regional habr\u00eda tenido que destinar a lo menos el 30% a cofinanciar esta ruta. Y ahora son recursos que se le liberan para realizar otro tipo de acciones\u201d, precis\u00f3.<\/p>\n<p style=\"text-align: justify;\">Por \u00faltimo, indic\u00f3 que all\u00ed radica la importancia de realizar esta sesi\u00f3n especial para analizar en profundidad la manera en que ambos ministerios abordar\u00e1n los problemas que enfrenta la conectividad en la zona austral del pa\u00eds.<\/p>\n<\/div><\/section><\/div><div  style='height:50px' class='hr hr-invisible   avia-builder-el-6  el_after_av_one_full  el_before_av_social_share '><span class='hr-inner ' ><span class='hr-inner-style'><\/span><\/span><\/div><\/p>\n<div  class='av-social-sharing-box  avia-builder-el-7  el_after_av_hr  el_before_av_hr  '><div class='av-share-box'><h5 class='av-share-link-description av-no-toc '>Compartir esta noticia<\/h5><ul class='av-share-box-list noLightbox'><li class='av-share-link av-social-link-facebook' ><a target=\"_blank\" aria-label=\"Compartir en Facebook\" href='https:\/\/www.facebook.com\/sharer.php?u=https:\/\/radiorevelacionfm.cl\/?p=51862&#038;t=Conectividad%20austral%3A%20Sandoval%20lament%C3%B3%20que%20ministros%20del%20MOP%20y%20Transportes%20hayan%20declinado%20asistir%20a%20comisi%C3%B3n%20de%20Zonas%20Extremas' aria-hidden='false' data-av_icon='\ue8f3' data-av_iconfont='entypo-fontello' title='' data-avia-related-tooltip='Compartir en Facebook' rel=\"noopener\"><span class='avia_hidden_link_text'>Compartir en Facebook<\/span><\/a><\/li><li class='av-share-link av-social-link-twitter' ><a target=\"_blank\" aria-label=\"Compartir en Twitter\" href='https:\/\/twitter.com\/share?text=Conectividad%20austral%3A%20Sandoval%20lament%C3%B3%20que%20ministros%20del%20MOP%20y%20Transportes%20hayan%20declinado%20asistir%20a%20comisi%C3%B3n%20de%20Zonas%20Extremas&#038;url=https:\/\/radiorevelacionfm.cl\/?p=51862' aria-hidden='false' data-av_icon='\ue8f1' data-av_iconfont='entypo-fontello' title='' data-avia-related-tooltip='Compartir en Twitter' rel=\"noopener\"><span class='avia_hidden_link_text'>Compartir en Twitter<\/span><\/a><\/li><li class='av-share-link av-social-link-whatsapp' ><a target=\"_blank\" aria-label=\"Compartir en Whatsapp\" href='https:\/\/api.whatsapp.com\/send?text=https:\/\/radiorevelacionfm.cl\/?p=51862' aria-hidden='false' data-av_icon='\uf232' data-av_iconfont='entypo-fontello' title='' data-avia-related-tooltip='Compartir en Whatsapp' rel=\"noopener\"><span class='avia_hidden_link_text'>Compartir en Whatsapp<\/span><\/a><\/li><li class='av-share-link av-social-link-linkedin' ><a target=\"_blank\" aria-label=\"Compartir en LinkedIn\" href='https:\/\/linkedin.com\/shareArticle?mini=true&#038;title=Conectividad%20austral%3A%20Sandoval%20lament%C3%B3%20que%20ministros%20del%20MOP%20y%20Transportes%20hayan%20declinado%20asistir%20a%20comisi%C3%B3n%20de%20Zonas%20Extremas&#038;url=https:\/\/radiorevelacionfm.cl\/?p=51862' aria-hidden='false' data-av_icon='\ue8fc' data-av_iconfont='entypo-fontello' title='' data-avia-related-tooltip='Compartir en LinkedIn' rel=\"noopener\"><span class='avia_hidden_link_text'>Compartir en LinkedIn<\/span><\/a><\/li><li class='av-share-link av-social-link-mail' ><a  aria-label=\"Compartir por correo\" href='mailto:?subject=Conectividad%20austral%3A%20Sandoval%20lament%C3%B3%20que%20ministros%20del%20MOP%20y%20Transportes%20hayan%20declinado%20asistir%20a%20comisi%C3%B3n%20de%20Zonas%20Extremas&#038;body=https:\/\/radiorevelacionfm.cl\/?p=51862' aria-hidden='false' data-av_icon='\ue805' data-av_iconfont='entypo-fontello' title='' data-avia-related-tooltip='Compartir por correo'><span class='avia_hidden_link_text'>Compartir por correo<\/span><\/a><\/li><\/ul><\/div><\/div>\n<div  style='height:50px' class='hr hr-invisible   avia-builder-el-8  el_after_av_social_share  el_before_av_comments_list '><span class='hr-inner ' ><span class='hr-inner-style'><\/span><\/span><\/div>\n<div  class='av-buildercomment  av-blog-meta-html-info-disabled av-blog-meta-tag-disabled  '><\/div>\n","protected":false},"excerpt":{"rendered":"","protected":false},"author":1,"featured_media":51863,"comment_status":"closed","ping_status":"closed","sticky":false,"template":"","format":"standard","meta":{"footnotes":""},"categories":[35],"tags":[],"class_list":["post-51862","post","type-post","status-publish","format-standard","has-post-thumbnail","hentry","category-politica"],"jetpack_featured_media_url":"https:\/\/radiorevelacionfm.cl\/wp-content\/uploads\/2025\/03\/IMG_6744-1-1.jpg","_links":{"self":[{"href":"https:\/\/radiorevelacionfm.cl\/index.php?rest_route=\/wp\/v2\/posts\/51862","targetHints":{"allow":["GET"]}}],"collection":[{"href":"https:\/\/radiorevelacionfm.cl\/index.php?rest_route=\/wp\/v2\/posts"}],"about":[{"href":"https:\/\/radiorevelacionfm.cl\/index.php?rest_route=\/wp\/v2\/types\/post"}],"author":[{"embeddable":true,"href":"https:\/\/radiorevelacionfm.cl\/index.php?rest_route=\/wp\/v2\/users\/1"}],"replies":[{"embeddable":true,"href":"https:\/\/radiorevelacionfm.cl\/index.php?rest_route=%2Fwp%2Fv2%2Fcomments&post=51862"}],"version-history":[{"count":2,"href":"https:\/\/radiorevelacionfm.cl\/index.php?rest_route=\/wp\/v2\/posts\/51862\/revisions"}],"predecessor-version":[{"id":51865,"href":"https:\/\/radiorevelacionfm.cl\/index.php?rest_route=\/wp\/v2\/posts\/51862\/revisions\/51865"}],"wp:featuredmedia":[{"embeddable":true,"href":"https:\/\/radiorevelacionfm.cl\/index.php?rest_route=\/wp\/v2\/media\/51863"}],"wp:attachment":[{"href":"https:\/\/radiorevelacionfm.cl\/index.php?rest_route=%2Fwp%2Fv2%2Fmedia&parent=51862"}],"wp:term":[{"taxonomy":"category","embeddable":true,"href":"https:\/\/radiorevelacionfm.cl\/index.php?rest_route=%2Fwp%2Fv2%2Fcategories&post=51862"},{"taxonomy":"post_tag","embeddable":true,"href":"https:\/\/radiorevelacionfm.cl\/index.php?rest_route=%2Fwp%2Fv2%2Ftags&post=51862"}],"curies":[{"name":"wp","href":"https:\/\/api.w.org\/{rel}","templated":true}]}}