{"id":51858,"date":"2025-03-29T21:07:17","date_gmt":"2025-03-30T00:07:17","guid":{"rendered":"https:\/\/radiorevelacionfm.cl\/?p=51858"},"modified":"2025-03-29T21:07:17","modified_gmt":"2025-03-30T00:07:17","slug":"inacap-coyhaique-lidera-el-cambio-se-une-al-comite-ambiental-comunal-para-impulsar-la-sostenibilidad","status":"publish","type":"post","link":"https:\/\/radiorevelacionfm.cl\/?p=51858","title":{"rendered":"INACAP Coyhaique lidera el cambio: Se une al Comit\u00e9 Ambiental Comunal para impulsar la sostenibilidad"},"content":{"rendered":"<div class=\"flex_column av_one_full  flex_column_div av-zero-column-padding first  avia-builder-el-0  el_before_av_one_full  avia-builder-el-first  \" style='border-radius:0px; '><div  class='avia-image-container  av-styling-    avia-builder-el-1  avia-builder-el-no-sibling  avia-align-center '  itemprop=\"image\" itemscope=\"itemscope\" itemtype=\"https:\/\/schema.org\/ImageObject\"  ><div class='avia-image-container-inner'><div class='avia-image-overlay-wrap'><img decoding=\"async\" class='wp-image-51859 avia-img-lazy-loading-not-51859 avia_image' src=\"https:\/\/radiorevelacionfm.cl\/wp-content\/uploads\/2025\/03\/whatsapp-image-2025-03-26-at-3_optimized.43.09-pm-1-1.jpeg\" alt='' title='whatsapp-image-2025-03-26-at-3_optimized.43.09-pm-(1)-(1)' height=\"600\" width=\"1067\"  itemprop=\"thumbnailUrl\" srcset=\"https:\/\/radiorevelacionfm.cl\/wp-content\/uploads\/2025\/03\/whatsapp-image-2025-03-26-at-3_optimized.43.09-pm-1-1.jpeg 1067w, https:\/\/radiorevelacionfm.cl\/wp-content\/uploads\/2025\/03\/whatsapp-image-2025-03-26-at-3_optimized.43.09-pm-1-1-300x169.jpeg 300w, https:\/\/radiorevelacionfm.cl\/wp-content\/uploads\/2025\/03\/whatsapp-image-2025-03-26-at-3_optimized.43.09-pm-1-1-1030x579.jpeg 1030w, https:\/\/radiorevelacionfm.cl\/wp-content\/uploads\/2025\/03\/whatsapp-image-2025-03-26-at-3_optimized.43.09-pm-1-1-768x432.jpeg 768w, https:\/\/radiorevelacionfm.cl\/wp-content\/uploads\/2025\/03\/whatsapp-image-2025-03-26-at-3_optimized.43.09-pm-1-1-705x396.jpeg 705w, https:\/\/radiorevelacionfm.cl\/wp-content\/uploads\/2025\/03\/whatsapp-image-2025-03-26-at-3_optimized.43.09-pm-1-1-450x253.jpeg 450w, https:\/\/radiorevelacionfm.cl\/wp-content\/uploads\/2025\/03\/whatsapp-image-2025-03-26-at-3_optimized.43.09-pm-1-1-600x337.jpeg 600w\" sizes=\"(max-width: 1067px) 100vw, 1067px\" \/><\/div><\/div><\/div><\/div><div class=\"flex_column av_one_full  flex_column_div av-zero-column-padding first  avia-builder-el-2  el_after_av_one_full  el_before_av_one_full  column-top-margin\" style='border-radius:0px; '><section class=\"av_textblock_section \"  itemscope=\"itemscope\" itemtype=\"https:\/\/schema.org\/BlogPosting\" itemprop=\"blogPost\" ><div class='avia_textblock  '   itemprop=\"text\" ><p style=\"text-align: center;\"><strong><span style=\"font-size: 18pt;\">INACAP Coyhaique lidera el cambio: Se une al Comit\u00e9 Ambiental Comunal para impulsar la sostenibilidad <\/span><\/strong><\/p>\n<div id=\"gtx-trans\" style=\"position: absolute; left: -50px; top: 4.31534px;\">\n<div class=\"gtx-trans-icon\"><\/div>\n<\/div>\n<\/div><\/section><\/div><div class=\"flex_column av_one_full  flex_column_div av-zero-column-padding first  avia-builder-el-4  el_after_av_one_full  el_before_av_hr  column-top-margin\" style='border-radius:0px; '><section class=\"av_textblock_section \"  itemscope=\"itemscope\" itemtype=\"https:\/\/schema.org\/BlogPosting\" itemprop=\"blogPost\" ><div class='avia_textblock  '   itemprop=\"text\" ><p style=\"text-align: justify;\">En un importante paso hacia la sostenibilidad, nuestro Director de Carrera de Tecnolog\u00edas de Informaci\u00f3n y Ciberseguridad, Dise\u00f1o e Industria Digital y Administraci\u00f3n en INACAP Sede Coyhaique, Mauricio Fern\u00e1ndez, ha participado en la conformaci\u00f3n del Comit\u00e9 Ambiental Comunal (CAC). Este espacio re\u00fane a diversas organizaciones y actores clave con el objetivo de impulsar iniciativas ambientales que beneficien a la comunidad.<\/p>\n<p style=\"text-align: justify;\">La integraci\u00f3n de INACAP en este comit\u00e9 refuerza el compromiso de la instituci\u00f3n con la formaci\u00f3n de profesionales responsables y con conciencia ambiental, promoviendo estrategias innovadoras para el cuidado del entorno.<\/p>\n<p style=\"text-align: justify;\">Al respecto, el Director de INACAP Sede Coyhaique destac\u00f3 \u201cPara nuestra instituci\u00f3n, ser parte del Comit\u00e9 Ambiental Comunal es una gran oportunidad para aportar con nuestro conocimiento y experiencia en materia de sostenibilidad. Buscamos fortalecer la educaci\u00f3n ambiental y promover acciones concretas que generen un impacto positivo en la comunidad\u201d.<\/p>\n<p style=\"text-align: justify;\">Por su parte, el Seremi de Medio Ambiente expres\u00f3 la relevancia de esta participaci\u00f3n \u201cComo Gobierno del presidente Gabriel Boric, estamos muy contentos de seguir trabajando en la certificaci\u00f3n ambiental de los municipios de la regi\u00f3n, en este sentido la constituci\u00f3n del Comit\u00e9 ambiental comunal de Coyhaique marca un precedente importante en el nivel intermedio, el avance de la implementaci\u00f3n para lograr una gesti\u00f3n ambiental inclusiva y colaborativa con la ciudad\u201d.<\/p>\n<p style=\"text-align: justify;\">Este comit\u00e9 est\u00e1 conformado por la Municipalidad de Coyhaique, Fundaci\u00f3n Reforestemos, Cicleayque, Inacap Sede Coyhaique, Universidad de Ays\u00e9n, Aguas Patagonia, Patagonia sin residuos, JJVV Socovesa, Patagonia sostenible, y la Pdta. de la comisi\u00f3n de medio ambiente del Concejo Municipal.<\/p>\n<p style=\"text-align: justify;\">Felicitamos a nuestro Director y a todos los involucrados en esta iniciativa que reafirma nuestro compromiso con el medioambiente. \u00a1Sigamos trabajando juntos por un futuro m\u00e1s verde y sostenible!<\/p>\n<\/div><\/section><\/div><div  style='height:50px' class='hr hr-invisible   avia-builder-el-6  el_after_av_one_full  el_before_av_social_share '><span class='hr-inner ' ><span class='hr-inner-style'><\/span><\/span><\/div><\/p>\n<div  class='av-social-sharing-box  avia-builder-el-7  el_after_av_hr  el_before_av_hr  '><div class='av-share-box'><h5 class='av-share-link-description av-no-toc '>Compartir esta noticia<\/h5><ul class='av-share-box-list noLightbox'><li class='av-share-link av-social-link-facebook' ><a target=\"_blank\" aria-label=\"Compartir en Facebook\" href='https:\/\/www.facebook.com\/sharer.php?u=https:\/\/radiorevelacionfm.cl\/?p=51858&#038;t=INACAP%20Coyhaique%20lidera%20el%20cambio%3A%20Se%20une%20al%20Comit%C3%A9%20Ambiental%20Comunal%20para%20impulsar%20la%20sostenibilidad' aria-hidden='false' data-av_icon='\ue8f3' data-av_iconfont='entypo-fontello' title='' data-avia-related-tooltip='Compartir en Facebook' rel=\"noopener\"><span class='avia_hidden_link_text'>Compartir en Facebook<\/span><\/a><\/li><li class='av-share-link av-social-link-twitter' ><a target=\"_blank\" aria-label=\"Compartir en Twitter\" href='https:\/\/twitter.com\/share?text=INACAP%20Coyhaique%20lidera%20el%20cambio%3A%20Se%20une%20al%20Comit%C3%A9%20Ambiental%20Comunal%20para%20impulsar%20la%20sostenibilidad&#038;url=https:\/\/radiorevelacionfm.cl\/?p=51858' aria-hidden='false' data-av_icon='\ue8f1' data-av_iconfont='entypo-fontello' title='' data-avia-related-tooltip='Compartir en Twitter' rel=\"noopener\"><span class='avia_hidden_link_text'>Compartir en Twitter<\/span><\/a><\/li><li class='av-share-link av-social-link-whatsapp' ><a target=\"_blank\" aria-label=\"Compartir en Whatsapp\" href='https:\/\/api.whatsapp.com\/send?text=https:\/\/radiorevelacionfm.cl\/?p=51858' aria-hidden='false' data-av_icon='\uf232' data-av_iconfont='entypo-fontello' title='' data-avia-related-tooltip='Compartir en Whatsapp' rel=\"noopener\"><span class='avia_hidden_link_text'>Compartir en Whatsapp<\/span><\/a><\/li><li class='av-share-link av-social-link-linkedin' ><a target=\"_blank\" aria-label=\"Compartir en LinkedIn\" href='https:\/\/linkedin.com\/shareArticle?mini=true&#038;title=INACAP%20Coyhaique%20lidera%20el%20cambio%3A%20Se%20une%20al%20Comit%C3%A9%20Ambiental%20Comunal%20para%20impulsar%20la%20sostenibilidad&#038;url=https:\/\/radiorevelacionfm.cl\/?p=51858' aria-hidden='false' data-av_icon='\ue8fc' data-av_iconfont='entypo-fontello' title='' data-avia-related-tooltip='Compartir en LinkedIn' rel=\"noopener\"><span class='avia_hidden_link_text'>Compartir en LinkedIn<\/span><\/a><\/li><li class='av-share-link av-social-link-mail' ><a  aria-label=\"Compartir por correo\" href='mailto:?subject=INACAP%20Coyhaique%20lidera%20el%20cambio%3A%20Se%20une%20al%20Comit%C3%A9%20Ambiental%20Comunal%20para%20impulsar%20la%20sostenibilidad&#038;body=https:\/\/radiorevelacionfm.cl\/?p=51858' aria-hidden='false' data-av_icon='\ue805' data-av_iconfont='entypo-fontello' title='' data-avia-related-tooltip='Compartir por correo'><span class='avia_hidden_link_text'>Compartir por correo<\/span><\/a><\/li><\/ul><\/div><\/div>\n<div  style='height:50px' class='hr hr-invisible   avia-builder-el-8  el_after_av_social_share  el_before_av_comments_list '><span class='hr-inner ' ><span class='hr-inner-style'><\/span><\/span><\/div>\n<div  class='av-buildercomment  av-blog-meta-html-info-disabled av-blog-meta-tag-disabled  '><\/div>\n","protected":false},"excerpt":{"rendered":"","protected":false},"author":1,"featured_media":51859,"comment_status":"closed","ping_status":"closed","sticky":false,"template":"","format":"standard","meta":{"footnotes":""},"categories":[49],"tags":[],"class_list":["post-51858","post","type-post","status-publish","format-standard","has-post-thumbnail","hentry","category-educacion"],"jetpack_featured_media_url":"https:\/\/radiorevelacionfm.cl\/wp-content\/uploads\/2025\/03\/whatsapp-image-2025-03-26-at-3_optimized.43.09-pm-1-1.jpeg","_links":{"self":[{"href":"https:\/\/radiorevelacionfm.cl\/index.php?rest_route=\/wp\/v2\/posts\/51858","targetHints":{"allow":["GET"]}}],"collection":[{"href":"https:\/\/radiorevelacionfm.cl\/index.php?rest_route=\/wp\/v2\/posts"}],"about":[{"href":"https:\/\/radiorevelacionfm.cl\/index.php?rest_route=\/wp\/v2\/types\/post"}],"author":[{"embeddable":true,"href":"https:\/\/radiorevelacionfm.cl\/index.php?rest_route=\/wp\/v2\/users\/1"}],"replies":[{"embeddable":true,"href":"https:\/\/radiorevelacionfm.cl\/index.php?rest_route=%2Fwp%2Fv2%2Fcomments&post=51858"}],"version-history":[{"count":2,"href":"https:\/\/radiorevelacionfm.cl\/index.php?rest_route=\/wp\/v2\/posts\/51858\/revisions"}],"predecessor-version":[{"id":51861,"href":"https:\/\/radiorevelacionfm.cl\/index.php?rest_route=\/wp\/v2\/posts\/51858\/revisions\/51861"}],"wp:featuredmedia":[{"embeddable":true,"href":"https:\/\/radiorevelacionfm.cl\/index.php?rest_route=\/wp\/v2\/media\/51859"}],"wp:attachment":[{"href":"https:\/\/radiorevelacionfm.cl\/index.php?rest_route=%2Fwp%2Fv2%2Fmedia&parent=51858"}],"wp:term":[{"taxonomy":"category","embeddable":true,"href":"https:\/\/radiorevelacionfm.cl\/index.php?rest_route=%2Fwp%2Fv2%2Fcategories&post=51858"},{"taxonomy":"post_tag","embeddable":true,"href":"https:\/\/radiorevelacionfm.cl\/index.php?rest_route=%2Fwp%2Fv2%2Ftags&post=51858"}],"curies":[{"name":"wp","href":"https:\/\/api.w.org\/{rel}","templated":true}]}}