{"id":51854,"date":"2025-03-29T20:58:51","date_gmt":"2025-03-29T23:58:51","guid":{"rendered":"https:\/\/radiorevelacionfm.cl\/?p=51854"},"modified":"2025-03-29T20:58:51","modified_gmt":"2025-03-29T23:58:51","slug":"indh-evaluara-caso-de-vulneracion-de-derechos-humanos-en-alto-manihuales-por-contaminacion-minera","status":"publish","type":"post","link":"https:\/\/radiorevelacionfm.cl\/?p=51854","title":{"rendered":"INDH evaluar\u00e1 caso de vulneraci\u00f3n de derechos humanos en Alto Ma\u00f1ihuales por contaminaci\u00f3n minera"},"content":{"rendered":"<div class=\"flex_column av_one_full  flex_column_div av-zero-column-padding first  avia-builder-el-0  el_before_av_one_full  avia-builder-el-first  \" style='border-radius:0px; '><div  class='avia-image-container  av-styling-    avia-builder-el-1  avia-builder-el-no-sibling  avia-align-center '  itemprop=\"image\" itemscope=\"itemscope\" itemtype=\"https:\/\/schema.org\/ImageObject\"  ><div class='avia-image-container-inner'><div class='avia-image-overlay-wrap'><img decoding=\"async\" class='wp-image-51855 avia-img-lazy-loading-not-51855 avia_image' src=\"https:\/\/radiorevelacionfm.cl\/wp-content\/uploads\/2025\/03\/entrevista-con-directora-indh-1_optimized.jpg\" alt='' title='entrevista-con-directora-indh-(1)_optimized' height=\"600\" width=\"866\"  itemprop=\"thumbnailUrl\" srcset=\"https:\/\/radiorevelacionfm.cl\/wp-content\/uploads\/2025\/03\/entrevista-con-directora-indh-1_optimized.jpg 866w, https:\/\/radiorevelacionfm.cl\/wp-content\/uploads\/2025\/03\/entrevista-con-directora-indh-1_optimized-300x208.jpg 300w, https:\/\/radiorevelacionfm.cl\/wp-content\/uploads\/2025\/03\/entrevista-con-directora-indh-1_optimized-768x532.jpg 768w, https:\/\/radiorevelacionfm.cl\/wp-content\/uploads\/2025\/03\/entrevista-con-directora-indh-1_optimized-705x488.jpg 705w, https:\/\/radiorevelacionfm.cl\/wp-content\/uploads\/2025\/03\/entrevista-con-directora-indh-1_optimized-450x312.jpg 450w, https:\/\/radiorevelacionfm.cl\/wp-content\/uploads\/2025\/03\/entrevista-con-directora-indh-1_optimized-600x416.jpg 600w\" sizes=\"(max-width: 866px) 100vw, 866px\" \/><\/div><\/div><\/div><\/div><div class=\"flex_column av_one_full  flex_column_div av-zero-column-padding first  avia-builder-el-2  el_after_av_one_full  el_before_av_one_full  column-top-margin\" style='border-radius:0px; '><section class=\"av_textblock_section \"  itemscope=\"itemscope\" itemtype=\"https:\/\/schema.org\/BlogPosting\" itemprop=\"blogPost\" ><div class='avia_textblock  '   itemprop=\"text\" ><p style=\"text-align: center;\"><span style=\"font-size: 18pt;\"><b><span lang=\"ES-TRAD\">INDH evaluar\u00e1 caso de vulneraci\u00f3n de derechos humanos en Alto Ma\u00f1ihuales por contaminaci\u00f3n minera<\/span><\/b><\/span><\/p>\n<div id=\"gtx-trans\" style=\"position: absolute; left: -50px; top: 4.31534px;\">\n<div class=\"gtx-trans-icon\"><\/div>\n<\/div>\n<\/div><\/section><\/div><div class=\"flex_column av_one_full  flex_column_div av-zero-column-padding first  avia-builder-el-4  el_after_av_one_full  el_before_av_hr  column-top-margin\" style='border-radius:0px; '><section class=\"av_textblock_section \"  itemscope=\"itemscope\" itemtype=\"https:\/\/schema.org\/BlogPosting\" itemprop=\"blogPost\" ><div class='avia_textblock  '   itemprop=\"text\" ><p class=\"v1gmail-MsoListParagraph\" style=\"text-align: justify;\"><i><span lang=\"ES-TRAD\">En encuentro sostenido esta semana entre el dirigente regional Erwin Sandoval y la directora nacional Consuelo Contreras, se indic\u00f3 se pondr\u00e1n los antecedentes en conocimiento del Consejo de la instituci\u00f3n.<\/span><\/i><\/p>\n<p class=\"v1MsoNormal\" style=\"text-align: justify;\"><span lang=\"ES-TRAD\">Dentro de las pr\u00f3ximas semanas, la oficina regional del Instituto Nacional de Derechos Humanos (INDH) presentar\u00e1 ante el Consejo del organismo los antecedentes de la grave situaci\u00f3n que viven los habitantes de Alto Ma\u00f1ihuales tras a\u00f1os de exposici\u00f3n a contaminaci\u00f3n minera. As\u00ed lo confirm\u00f3 el presidente de la Corporaci\u00f3n Privada para el Desarrollo de Ays\u00e9n, Erwin Sandoval Gallardo, quien sostuvo un encuentro con la directora nacional Consuelo Contreras Largo durante una visita que \u00e9sta realizara este mi\u00e9rcoles a Puerto Ays\u00e9n.<\/span><\/p>\n<p class=\"v1MsoNormal\" style=\"text-align: justify;\"><span lang=\"ES-TRAD\">En la ocasi\u00f3n Sandoval le entreg\u00f3 los antecedentes a la directora, los cuales desde hace varios meses est\u00e1n ya en manos de la oficina regional, dirigida por Joaqu\u00edn Bizama Tiznado, quien tambi\u00e9n estuvo presente en la entrevista.<\/span><\/p>\n<p class=\"v1MsoNormal\" style=\"text-align: justify;\"><span lang=\"ES-TRAD\">\u00ab<i>Tuvimos conocimiento de la visita de la directora del INDH a Puerto Ays\u00e9n y decidimos esperarla a la salida de la actividad. Esto, dado que comprendemos que, m\u00e1s all\u00e1 de la vigilancia que la oficina regional ha mantenido, las acciones concretas que el instituto puede adoptar en la materia han de ser decididas en Santiago<\/i>\u00bb se\u00f1al\u00f3 el dirigente regional. \u00ab<i>Esperamos que, tal como comprometi\u00f3, la directora estudie detenidamente los antecedentes que pusimos en su conocimiento y pueda promover acciones tendientes a que los vecinos y vecinas de Alto Ma\u00f1ihuales vuelvan al pleno goce de sus derechos humanos hoy gravemente vulnerados<\/i>\u00bb indic\u00f3.<\/span><\/p>\n<p class=\"v1MsoNormal\" style=\"text-align: justify;\"><span lang=\"ES-TRAD\">En los \u00faltimos meses la contaminaci\u00f3n en Alto Ma\u00f1ihuales y los pasivos ambientales generados por Mina El Toqui, desde hace unos a\u00f1os propiedad de Sociedad Minera Pac\u00edfico del Sur SpA,<span class=\"v1gmail-Apple-converted-space\">\u00a0<\/span><a href=\"https:\/\/g5noticias.cl\/2025\/02\/18\/aysen-preocupacion-en-el-core-por-falta-de-monitoreo-de-contaminacion-minera-en-cuenca-de-alto-manihuales\/\" target=\"_blank\" rel=\"noopener noreferrer\">han cobrado relevancia p\u00fablica<\/a>, luego que el Consejo Regional de Ays\u00e9n decidiera conformar una comisi\u00f3n mixta para abordar la materia.\u00a0<span class=\"v1gmail-Apple-converted-space\">\u00a0<\/span>Y en paralelo, solicitar al Centro de Investigaci\u00f3n en Ecosistemas de la Patagonia (CIEP) que<span class=\"v1gmail-Apple-converted-space\">\u00a0<\/span><a href=\"https:\/\/www.elciudadano.com\/mineria\/contaminacion-minera-en-aysen-core-investigara-metales-pesados-en-rios-por-impacto-de-el-toqui\/03\/07\/\" target=\"_blank\" rel=\"noopener noreferrer\">actualice sus estudios h\u00eddricos de la cuenca del sector<\/a>: r\u00edos Ma\u00f1ihuales, Ays\u00e9n y El Toqui.<\/span><\/p>\n<p class=\"v1MsoNormal\" style=\"text-align: justify;\"><span lang=\"ES-TRAD\">Desde 2016, al menos,<span class=\"v1gmail-Apple-converted-space\">\u00a0<\/span><a href=\"https:\/\/mapaconflictos.indh.cl\/#\/conflicto\/12414\" target=\"_blank\" rel=\"noopener noreferrer\">el INDH tiene calificada la situaci\u00f3n de Alto Ma\u00f1ihuales como un conflicto de derechos humanos<\/a>, junto a los casos de<span class=\"v1gmail-Apple-converted-space\">\u00a0<\/span><a href=\"https:\/\/mapaconflictos.indh.cl\/#\/conflicto\/12410\" target=\"_blank\" rel=\"noopener noreferrer\">HidroAys\u00e9n<\/a><span class=\"v1gmail-Apple-converted-space\">\u00a0<\/span>y la<span class=\"v1gmail-Apple-converted-space\">\u00a0<\/span><a href=\"https:\/\/mapaconflictos.indh.cl\/#\/conflicto\/12411\" target=\"_blank\" rel=\"noopener noreferrer\">central hidroel\u00e9ctrica R\u00edo Cuervo<\/a>.<\/span><\/p>\n<\/div><\/section><\/div><div  style='height:50px' class='hr hr-invisible   avia-builder-el-6  el_after_av_one_full  el_before_av_social_share '><span class='hr-inner ' ><span class='hr-inner-style'><\/span><\/span><\/div><\/p>\n<div  class='av-social-sharing-box  avia-builder-el-7  el_after_av_hr  el_before_av_hr  '><div class='av-share-box'><h5 class='av-share-link-description av-no-toc '>Compartir esta noticia<\/h5><ul class='av-share-box-list noLightbox'><li class='av-share-link av-social-link-facebook' ><a target=\"_blank\" aria-label=\"Compartir en Facebook\" href='https:\/\/www.facebook.com\/sharer.php?u=https:\/\/radiorevelacionfm.cl\/?p=51854&#038;t=INDH%20evaluar%C3%A1%20caso%20de%20vulneraci%C3%B3n%20de%20derechos%20humanos%20en%20Alto%20Ma%C3%B1ihuales%20por%20contaminaci%C3%B3n%20minera' aria-hidden='false' data-av_icon='\ue8f3' data-av_iconfont='entypo-fontello' title='' data-avia-related-tooltip='Compartir en Facebook' rel=\"noopener\"><span class='avia_hidden_link_text'>Compartir en Facebook<\/span><\/a><\/li><li class='av-share-link av-social-link-twitter' ><a target=\"_blank\" aria-label=\"Compartir en Twitter\" href='https:\/\/twitter.com\/share?text=INDH%20evaluar%C3%A1%20caso%20de%20vulneraci%C3%B3n%20de%20derechos%20humanos%20en%20Alto%20Ma%C3%B1ihuales%20por%20contaminaci%C3%B3n%20minera&#038;url=https:\/\/radiorevelacionfm.cl\/?p=51854' aria-hidden='false' data-av_icon='\ue8f1' data-av_iconfont='entypo-fontello' title='' data-avia-related-tooltip='Compartir en Twitter' rel=\"noopener\"><span class='avia_hidden_link_text'>Compartir en Twitter<\/span><\/a><\/li><li class='av-share-link av-social-link-whatsapp' ><a target=\"_blank\" aria-label=\"Compartir en Whatsapp\" href='https:\/\/api.whatsapp.com\/send?text=https:\/\/radiorevelacionfm.cl\/?p=51854' aria-hidden='false' data-av_icon='\uf232' data-av_iconfont='entypo-fontello' title='' data-avia-related-tooltip='Compartir en Whatsapp' rel=\"noopener\"><span class='avia_hidden_link_text'>Compartir en Whatsapp<\/span><\/a><\/li><li class='av-share-link av-social-link-linkedin' ><a target=\"_blank\" aria-label=\"Compartir en LinkedIn\" href='https:\/\/linkedin.com\/shareArticle?mini=true&#038;title=INDH%20evaluar%C3%A1%20caso%20de%20vulneraci%C3%B3n%20de%20derechos%20humanos%20en%20Alto%20Ma%C3%B1ihuales%20por%20contaminaci%C3%B3n%20minera&#038;url=https:\/\/radiorevelacionfm.cl\/?p=51854' aria-hidden='false' data-av_icon='\ue8fc' data-av_iconfont='entypo-fontello' title='' data-avia-related-tooltip='Compartir en LinkedIn' rel=\"noopener\"><span class='avia_hidden_link_text'>Compartir en LinkedIn<\/span><\/a><\/li><li class='av-share-link av-social-link-mail' ><a  aria-label=\"Compartir por correo\" href='mailto:?subject=INDH%20evaluar%C3%A1%20caso%20de%20vulneraci%C3%B3n%20de%20derechos%20humanos%20en%20Alto%20Ma%C3%B1ihuales%20por%20contaminaci%C3%B3n%20minera&#038;body=https:\/\/radiorevelacionfm.cl\/?p=51854' aria-hidden='false' data-av_icon='\ue805' data-av_iconfont='entypo-fontello' title='' data-avia-related-tooltip='Compartir por correo'><span class='avia_hidden_link_text'>Compartir por correo<\/span><\/a><\/li><\/ul><\/div><\/div>\n<div  style='height:50px' class='hr hr-invisible   avia-builder-el-8  el_after_av_social_share  el_before_av_comments_list '><span class='hr-inner ' ><span class='hr-inner-style'><\/span><\/span><\/div>\n<div  class='av-buildercomment  av-blog-meta-html-info-disabled av-blog-meta-tag-disabled  '><\/div>\n","protected":false},"excerpt":{"rendered":"","protected":false},"author":1,"featured_media":51855,"comment_status":"closed","ping_status":"closed","sticky":false,"template":"","format":"standard","meta":{"footnotes":""},"categories":[39],"tags":[],"class_list":["post-51854","post","type-post","status-publish","format-standard","has-post-thumbnail","hentry","category-medio-ambiente"],"jetpack_featured_media_url":"https:\/\/radiorevelacionfm.cl\/wp-content\/uploads\/2025\/03\/entrevista-con-directora-indh-1_optimized.jpg","_links":{"self":[{"href":"https:\/\/radiorevelacionfm.cl\/index.php?rest_route=\/wp\/v2\/posts\/51854","targetHints":{"allow":["GET"]}}],"collection":[{"href":"https:\/\/radiorevelacionfm.cl\/index.php?rest_route=\/wp\/v2\/posts"}],"about":[{"href":"https:\/\/radiorevelacionfm.cl\/index.php?rest_route=\/wp\/v2\/types\/post"}],"author":[{"embeddable":true,"href":"https:\/\/radiorevelacionfm.cl\/index.php?rest_route=\/wp\/v2\/users\/1"}],"replies":[{"embeddable":true,"href":"https:\/\/radiorevelacionfm.cl\/index.php?rest_route=%2Fwp%2Fv2%2Fcomments&post=51854"}],"version-history":[{"count":2,"href":"https:\/\/radiorevelacionfm.cl\/index.php?rest_route=\/wp\/v2\/posts\/51854\/revisions"}],"predecessor-version":[{"id":51857,"href":"https:\/\/radiorevelacionfm.cl\/index.php?rest_route=\/wp\/v2\/posts\/51854\/revisions\/51857"}],"wp:featuredmedia":[{"embeddable":true,"href":"https:\/\/radiorevelacionfm.cl\/index.php?rest_route=\/wp\/v2\/media\/51855"}],"wp:attachment":[{"href":"https:\/\/radiorevelacionfm.cl\/index.php?rest_route=%2Fwp%2Fv2%2Fmedia&parent=51854"}],"wp:term":[{"taxonomy":"category","embeddable":true,"href":"https:\/\/radiorevelacionfm.cl\/index.php?rest_route=%2Fwp%2Fv2%2Fcategories&post=51854"},{"taxonomy":"post_tag","embeddable":true,"href":"https:\/\/radiorevelacionfm.cl\/index.php?rest_route=%2Fwp%2Fv2%2Ftags&post=51854"}],"curies":[{"name":"wp","href":"https:\/\/api.w.org\/{rel}","templated":true}]}}