{"id":51850,"date":"2025-03-29T20:37:51","date_gmt":"2025-03-29T23:37:51","guid":{"rendered":"https:\/\/radiorevelacionfm.cl\/?p=51850"},"modified":"2025-03-29T20:37:51","modified_gmt":"2025-03-29T23:37:51","slug":"un-sueno-por-cumplir-gobernador-santana-anuncia-construccion-de-un-estadio-para-isla-las-huichas","status":"publish","type":"post","link":"https:\/\/radiorevelacionfm.cl\/?p=51850","title":{"rendered":"Un sue\u00f1o por cumplir: Gobernador Santana anuncia construcci\u00f3n de un estadio para Isla Las Huichas"},"content":{"rendered":"<div class=\"flex_column av_one_full  flex_column_div av-zero-column-padding first  avia-builder-el-0  el_before_av_one_full  avia-builder-el-first  \" style='border-radius:0px; '><div  class='avia-image-container  av-styling-    avia-builder-el-1  avia-builder-el-no-sibling  avia-align-center '  itemprop=\"image\" itemscope=\"itemscope\" itemtype=\"https:\/\/schema.org\/ImageObject\"  ><div class='avia-image-container-inner'><div class='avia-image-overlay-wrap'><img decoding=\"async\" class='wp-image-51851 avia-img-lazy-loading-not-51851 avia_image' src=\"https:\/\/radiorevelacionfm.cl\/wp-content\/uploads\/2025\/03\/486035506_1108418297754627_2828119961918022322_n-1-1.jpg\" alt='' title='486035506_1108418297754627_2828119961918022322_n (1) (1)' height=\"600\" width=\"900\"  itemprop=\"thumbnailUrl\" srcset=\"https:\/\/radiorevelacionfm.cl\/wp-content\/uploads\/2025\/03\/486035506_1108418297754627_2828119961918022322_n-1-1.jpg 900w, https:\/\/radiorevelacionfm.cl\/wp-content\/uploads\/2025\/03\/486035506_1108418297754627_2828119961918022322_n-1-1-300x200.jpg 300w, https:\/\/radiorevelacionfm.cl\/wp-content\/uploads\/2025\/03\/486035506_1108418297754627_2828119961918022322_n-1-1-768x512.jpg 768w, https:\/\/radiorevelacionfm.cl\/wp-content\/uploads\/2025\/03\/486035506_1108418297754627_2828119961918022322_n-1-1-705x470.jpg 705w, https:\/\/radiorevelacionfm.cl\/wp-content\/uploads\/2025\/03\/486035506_1108418297754627_2828119961918022322_n-1-1-450x300.jpg 450w, https:\/\/radiorevelacionfm.cl\/wp-content\/uploads\/2025\/03\/486035506_1108418297754627_2828119961918022322_n-1-1-600x400.jpg 600w\" sizes=\"(max-width: 900px) 100vw, 900px\" \/><\/div><\/div><\/div><\/div><div class=\"flex_column av_one_full  flex_column_div av-zero-column-padding first  avia-builder-el-2  el_after_av_one_full  el_before_av_one_full  column-top-margin\" style='border-radius:0px; '><section class=\"av_textblock_section \"  itemscope=\"itemscope\" itemtype=\"https:\/\/schema.org\/BlogPosting\" itemprop=\"blogPost\" ><div class='avia_textblock  '   itemprop=\"text\" ><p style=\"text-align: center;\"><span style=\"font-size: 18pt;\"><strong>Un sue\u00f1o por cumplir: Gobernador Santana anuncia construcci\u00f3n de un estadio para Isla Las Huichas<\/strong><\/span><\/p>\n<div id=\"gtx-trans\" style=\"position: absolute; left: -50px; top: 4.31534px;\">\n<div class=\"gtx-trans-icon\"><\/div>\n<\/div>\n<\/div><\/section><\/div><div class=\"flex_column av_one_full  flex_column_div av-zero-column-padding first  avia-builder-el-4  el_after_av_one_full  el_before_av_hr  column-top-margin\" style='border-radius:0px; '><section class=\"av_textblock_section \"  itemscope=\"itemscope\" itemtype=\"https:\/\/schema.org\/BlogPosting\" itemprop=\"blogPost\" ><div class='avia_textblock  '   itemprop=\"text\" ><p style=\"text-align: justify;\"><em>En una ceremonia junto al Ministro del Deporte, Jaime Pizarro, el Gobernador Regional de Ays\u00e9n dio a conocer que se levantar\u00e1n diez nuevos recintos deportivos en la regi\u00f3n. Uno de los cuales es el tan esperado estadio para las comunidades de Puerto Aguirre, Estero Copa y Caleta Andrade, en la zona insular de la comuna de Ays\u00e9n.<\/em><\/p>\n<p style=\"text-align: justify;\">En el marco del comienzo del campeonato ANFA regional, el gobernador Marcelo Santana, realiz\u00f3 el anuncio esperado por muchos de los habitantes de Isla Las Huichas, adem\u00e1s de en otras localidades de la regi\u00f3n; la construcci\u00f3n de diez canchas sint\u00e9ticas para las comunidades algo m\u00e1s apartadas, para puedan tener un campo en condiciones para la pr\u00e1ctica del deporte rey y otros eventos.<\/p>\n<p style=\"text-align: justify;\">Al saber esta noticia el alcalde de Ays\u00e9n, Luis Mart\u00ednez, coment\u00f3 estar alegre, \u201cel anuncio que ha hecho el gobernador regional respecto a la construcci\u00f3n de diez nuevas infraestructuras deportivas en la regi\u00f3n. Esperamos antes de fin de a\u00f1o entrar al Ministerio de Desarrollo Social y Familia con el proyecto del estadio de Isla Las Huichas, que hemos puesto tambi\u00e9n en el PEDZE y poder financiarlo. As\u00ed que la esperanza es que tenemos que trabajar para que el estadio de Puerto Aguirre se haga realidad\u201d.<\/p>\n<p style=\"text-align: justify;\">Este recinto es una necesidad que por a\u00f1os han estado esperando los vecinos de la zona insular de Ays\u00e9n, ya que al tener un lugar preparado de \u00f3ptima manera para el juego, animar\u00e1 a los j\u00f3venes a que puedan practicar el deporte al aire libre, lo que es parte de una vida sana. Al igual que podr\u00e1 apaciguar el problema de los deportistas que tienen que viajar para poder participar de campeonatos o simplemente poder practicar su deporte favorito.<\/p>\n<p style=\"text-align: justify;\">Jorge Villegas, Director Ejecutivo de la Corporaci\u00f3n del Deporte y Recreaci\u00f3n de Ays\u00e9n expres\u00f3 que \u201csabemos la necesidad que tiene la localidad, exclusivamente los deportistas, as\u00ed que para nosotros es un tremendo aporte para que a futuro los futbolistas de la isla, no solamente en el \u00e1rea de deportes, en el \u00e1rea de la recreaci\u00f3n, se pueda tener un recinto acorde para los vecinos de la isla\u201d.<\/p>\n<p style=\"text-align: justify;\">De momento, en junto al anuncio se explic\u00f3 que los estadios tienen la garant\u00eda del gobernador que se construir\u00e1n en los pr\u00f3ximos cuatro a\u00f1os y estar\u00e1n dise\u00f1ados con est\u00e1ndares t\u00e9cnicos de calidad, materiales resistentes al clima y espacios multifuncionales para su uso en actividades culturales, recreativas y comunitarias; lo cual lo convertir\u00e1 en un punto \u00e1lgido de reuni\u00f3n para toda la comunidad.<\/p>\n<\/div><\/section><\/div><div  style='height:50px' class='hr hr-invisible   avia-builder-el-6  el_after_av_one_full  el_before_av_social_share '><span class='hr-inner ' ><span class='hr-inner-style'><\/span><\/span><\/div><\/p>\n<div  class='av-social-sharing-box  avia-builder-el-7  el_after_av_hr  el_before_av_hr  '><div class='av-share-box'><h5 class='av-share-link-description av-no-toc '>Compartir esta noticia<\/h5><ul class='av-share-box-list noLightbox'><li class='av-share-link av-social-link-facebook' ><a target=\"_blank\" aria-label=\"Compartir en Facebook\" href='https:\/\/www.facebook.com\/sharer.php?u=https:\/\/radiorevelacionfm.cl\/?p=51850&#038;t=Un%20sue%C3%B1o%20por%20cumplir%3A%20Gobernador%20Santana%20anuncia%20construcci%C3%B3n%20de%20un%20estadio%20para%20Isla%20Las%20Huichas' aria-hidden='false' data-av_icon='\ue8f3' data-av_iconfont='entypo-fontello' title='' data-avia-related-tooltip='Compartir en Facebook' rel=\"noopener\"><span class='avia_hidden_link_text'>Compartir en Facebook<\/span><\/a><\/li><li class='av-share-link av-social-link-twitter' ><a target=\"_blank\" aria-label=\"Compartir en Twitter\" href='https:\/\/twitter.com\/share?text=Un%20sue%C3%B1o%20por%20cumplir%3A%20Gobernador%20Santana%20anuncia%20construcci%C3%B3n%20de%20un%20estadio%20para%20Isla%20Las%20Huichas&#038;url=https:\/\/radiorevelacionfm.cl\/?p=51850' aria-hidden='false' data-av_icon='\ue8f1' data-av_iconfont='entypo-fontello' title='' data-avia-related-tooltip='Compartir en Twitter' rel=\"noopener\"><span class='avia_hidden_link_text'>Compartir en Twitter<\/span><\/a><\/li><li class='av-share-link av-social-link-whatsapp' ><a target=\"_blank\" aria-label=\"Compartir en Whatsapp\" href='https:\/\/api.whatsapp.com\/send?text=https:\/\/radiorevelacionfm.cl\/?p=51850' aria-hidden='false' data-av_icon='\uf232' data-av_iconfont='entypo-fontello' title='' data-avia-related-tooltip='Compartir en Whatsapp' rel=\"noopener\"><span class='avia_hidden_link_text'>Compartir en Whatsapp<\/span><\/a><\/li><li class='av-share-link av-social-link-linkedin' ><a target=\"_blank\" aria-label=\"Compartir en LinkedIn\" href='https:\/\/linkedin.com\/shareArticle?mini=true&#038;title=Un%20sue%C3%B1o%20por%20cumplir%3A%20Gobernador%20Santana%20anuncia%20construcci%C3%B3n%20de%20un%20estadio%20para%20Isla%20Las%20Huichas&#038;url=https:\/\/radiorevelacionfm.cl\/?p=51850' aria-hidden='false' data-av_icon='\ue8fc' data-av_iconfont='entypo-fontello' title='' data-avia-related-tooltip='Compartir en LinkedIn' rel=\"noopener\"><span class='avia_hidden_link_text'>Compartir en LinkedIn<\/span><\/a><\/li><li class='av-share-link av-social-link-mail' ><a  aria-label=\"Compartir por correo\" href='mailto:?subject=Un%20sue%C3%B1o%20por%20cumplir%3A%20Gobernador%20Santana%20anuncia%20construcci%C3%B3n%20de%20un%20estadio%20para%20Isla%20Las%20Huichas&#038;body=https:\/\/radiorevelacionfm.cl\/?p=51850' aria-hidden='false' data-av_icon='\ue805' data-av_iconfont='entypo-fontello' title='' data-avia-related-tooltip='Compartir por correo'><span class='avia_hidden_link_text'>Compartir por correo<\/span><\/a><\/li><\/ul><\/div><\/div>\n<div  style='height:50px' class='hr hr-invisible   avia-builder-el-8  el_after_av_social_share  el_before_av_comments_list '><span class='hr-inner ' ><span class='hr-inner-style'><\/span><\/span><\/div>\n<div  class='av-buildercomment  av-blog-meta-html-info-disabled av-blog-meta-tag-disabled  '><\/div>\n","protected":false},"excerpt":{"rendered":"","protected":false},"author":1,"featured_media":51851,"comment_status":"closed","ping_status":"closed","sticky":false,"template":"","format":"standard","meta":{"footnotes":""},"categories":[38],"tags":[],"class_list":["post-51850","post","type-post","status-publish","format-standard","has-post-thumbnail","hentry","category-regional"],"jetpack_featured_media_url":"https:\/\/radiorevelacionfm.cl\/wp-content\/uploads\/2025\/03\/486035506_1108418297754627_2828119961918022322_n-1-1.jpg","_links":{"self":[{"href":"https:\/\/radiorevelacionfm.cl\/index.php?rest_route=\/wp\/v2\/posts\/51850","targetHints":{"allow":["GET"]}}],"collection":[{"href":"https:\/\/radiorevelacionfm.cl\/index.php?rest_route=\/wp\/v2\/posts"}],"about":[{"href":"https:\/\/radiorevelacionfm.cl\/index.php?rest_route=\/wp\/v2\/types\/post"}],"author":[{"embeddable":true,"href":"https:\/\/radiorevelacionfm.cl\/index.php?rest_route=\/wp\/v2\/users\/1"}],"replies":[{"embeddable":true,"href":"https:\/\/radiorevelacionfm.cl\/index.php?rest_route=%2Fwp%2Fv2%2Fcomments&post=51850"}],"version-history":[{"count":2,"href":"https:\/\/radiorevelacionfm.cl\/index.php?rest_route=\/wp\/v2\/posts\/51850\/revisions"}],"predecessor-version":[{"id":51853,"href":"https:\/\/radiorevelacionfm.cl\/index.php?rest_route=\/wp\/v2\/posts\/51850\/revisions\/51853"}],"wp:featuredmedia":[{"embeddable":true,"href":"https:\/\/radiorevelacionfm.cl\/index.php?rest_route=\/wp\/v2\/media\/51851"}],"wp:attachment":[{"href":"https:\/\/radiorevelacionfm.cl\/index.php?rest_route=%2Fwp%2Fv2%2Fmedia&parent=51850"}],"wp:term":[{"taxonomy":"category","embeddable":true,"href":"https:\/\/radiorevelacionfm.cl\/index.php?rest_route=%2Fwp%2Fv2%2Fcategories&post=51850"},{"taxonomy":"post_tag","embeddable":true,"href":"https:\/\/radiorevelacionfm.cl\/index.php?rest_route=%2Fwp%2Fv2%2Ftags&post=51850"}],"curies":[{"name":"wp","href":"https:\/\/api.w.org\/{rel}","templated":true}]}}