{"id":51846,"date":"2025-03-29T20:28:28","date_gmt":"2025-03-29T23:28:28","guid":{"rendered":"https:\/\/radiorevelacionfm.cl\/?p=51846"},"modified":"2025-03-29T20:28:28","modified_gmt":"2025-03-29T23:28:28","slug":"prochile-aysen-reunio-a-empresarios-locales-para-impulsar-exportaciones-regionales","status":"publish","type":"post","link":"https:\/\/radiorevelacionfm.cl\/?p=51846","title":{"rendered":"ProChile Ays\u00e9n reuni\u00f3 a empresarios locales para impulsar exportaciones regionales"},"content":{"rendered":"<div class=\"flex_column av_one_full  flex_column_div av-zero-column-padding first  avia-builder-el-0  el_before_av_one_full  avia-builder-el-first  \" style='border-radius:0px; '><div  class='avia-image-container  av-styling-    avia-builder-el-1  avia-builder-el-no-sibling  avia-align-center '  itemprop=\"image\" itemscope=\"itemscope\" itemtype=\"https:\/\/schema.org\/ImageObject\"  ><div class='avia-image-container-inner'><div class='avia-image-overlay-wrap'><img decoding=\"async\" class='wp-image-51847 avia-img-lazy-loading-not-51847 avia_image' src=\"https:\/\/radiorevelacionfm.cl\/wp-content\/uploads\/2025\/03\/cre-aysen-1_optimized.jpeg\" alt='' title='cre-aysen-(1)_optimized' height=\"600\" width=\"1256\"  itemprop=\"thumbnailUrl\" srcset=\"https:\/\/radiorevelacionfm.cl\/wp-content\/uploads\/2025\/03\/cre-aysen-1_optimized.jpeg 1256w, https:\/\/radiorevelacionfm.cl\/wp-content\/uploads\/2025\/03\/cre-aysen-1_optimized-300x143.jpeg 300w, https:\/\/radiorevelacionfm.cl\/wp-content\/uploads\/2025\/03\/cre-aysen-1_optimized-1030x492.jpeg 1030w, https:\/\/radiorevelacionfm.cl\/wp-content\/uploads\/2025\/03\/cre-aysen-1_optimized-768x367.jpeg 768w, https:\/\/radiorevelacionfm.cl\/wp-content\/uploads\/2025\/03\/cre-aysen-1_optimized-705x337.jpeg 705w, https:\/\/radiorevelacionfm.cl\/wp-content\/uploads\/2025\/03\/cre-aysen-1_optimized-450x215.jpeg 450w, https:\/\/radiorevelacionfm.cl\/wp-content\/uploads\/2025\/03\/cre-aysen-1_optimized-600x287.jpeg 600w\" sizes=\"(max-width: 1256px) 100vw, 1256px\" \/><\/div><\/div><\/div><\/div><div class=\"flex_column av_one_full  flex_column_div av-zero-column-padding first  avia-builder-el-2  el_after_av_one_full  el_before_av_one_full  column-top-margin\" style='border-radius:0px; '><section class=\"av_textblock_section \"  itemscope=\"itemscope\" itemtype=\"https:\/\/schema.org\/BlogPosting\" itemprop=\"blogPost\" ><div class='avia_textblock  '   itemprop=\"text\" ><p style=\"text-align: center;\"><strong><span style=\"font-size: 18pt;\">ProChile Ays\u00e9n reuni\u00f3 a empresarios locales para impulsar exportaciones regionales\u00a0<\/span><\/strong><\/p>\n<div id=\"gtx-trans\" style=\"position: absolute; left: -50px; top: 4.31534px;\">\n<div class=\"gtx-trans-icon\"><\/div>\n<\/div>\n<\/div><\/section><\/div><div class=\"flex_column av_one_full  flex_column_div av-zero-column-padding first  avia-builder-el-4  el_after_av_one_full  el_before_av_hr  column-top-margin\" style='border-radius:0px; '><section class=\"av_textblock_section \"  itemscope=\"itemscope\" itemtype=\"https:\/\/schema.org\/BlogPosting\" itemprop=\"blogPost\" ><div class='avia_textblock  '   itemprop=\"text\" ><p style=\"text-align: justify;\"><em>En el Consejo Regional Exportador se destac\u00f3 el potencial de las industrias creativas y tambi\u00e9n de los destilados, para complementar la oferta de comercio exterior.\u00a0<\/em><\/p>\n<p style=\"text-align: justify;\">En la Oficina Regional de ProChile en Coyhaique se realiz\u00f3 el Consejo Regional Exportador, una instancia p\u00fablico-privada para evaluar junto a empresarios los distintos programas y herramientas que dispone la instituci\u00f3n para impulsar las exportaciones locales.<\/p>\n<p style=\"text-align: justify;\">La actividad que encabez\u00f3 el director regional de ProChile en Ays\u00e9n, Jaime Poblete, cont\u00f3 con la participaci\u00f3n de cuatro empresarios regionales: Paula Herrera de la empresa Firendly Wool (lana de oveja ovillada y textiles), Vahitiare Beltrami de Kaunaz (joyer\u00eda de autor) Yuliyan Popov de Vodka Kawesqar y Cristi\u00e1n Pailamilla de la empresa Bitter Onok.<\/p>\n<p style=\"text-align: justify;\">\u201cEn esta oportunidad contamos con dos empresas del sector industrias creativas y dos del sector bebidas alcoh\u00f3licas, que nos permiti\u00f3 realizar un interesante di\u00e1logo sobre las oportunidades que ofrece la Regi\u00f3n de Ays\u00e9n para la producci\u00f3n de bienes diferenciados, que tengan potencial y puedan ser atractivos para compradores extranjeros\u201d, indic\u00f3 Jaime Poblete.<\/p>\n<p style=\"text-align: justify;\">En este Consejo Regional Exportador se revel\u00f3 que pronto se comenzar\u00e1 a ejecutar un proyecto financiado con el FNDR del Gobierno Regional de Ays\u00e9n, que permitir\u00e1 desarrollar diversas iniciativas destinadas a promover las exportaciones regionales, incluyendo seminarios, talleres y participaci\u00f3n de empresas locales en misiones comerciales al extranjero y en ferias internacionales.<\/p>\n<p style=\"text-align: justify;\">\u201cEsta reuni\u00f3n nos ha permitido levantar inquietudes y requerimientos directamente desde los involucrados. Podemos de esta manera dirigir mejor los esfuerzos y afinar el dise\u00f1o de las actividades que tenemos programadas para los pr\u00f3ximos meses. Los detalles de este proyecto FNDR los daremos a conocer pronto junto al Gobernador Regional y su equipo\u201d, indic\u00f3 el director regional de ProChile en Ays\u00e9n.<\/p>\n<p style=\"text-align: justify;\">Una de las empresarias participantes, Vahitiare Beltrami, explic\u00f3 que \u201cse trat\u00f3 de una conversaci\u00f3n muy interesante, que nos permiti\u00f3 compartir con otras empresas regionales acerca de sus experiencias y de c\u00f3mo podemos comenzar a trabajar con ProChile, para podernos acercar al cliente internacional\u201d.<\/p>\n<p style=\"text-align: justify;\">Finalmente, Jaime Poblete, destac\u00f3 la oportunidad de dialogar con los empresarios locales y su convencimiento de que \u00abel trabajo coordinado con el Gobierno Regional es clave para potenciar la industria local, mirando las opciones de comercializar hacia el mundo\u201d.<\/p>\n<\/div><\/section><\/div><div  style='height:50px' class='hr hr-invisible   avia-builder-el-6  el_after_av_one_full  el_before_av_social_share '><span class='hr-inner ' ><span class='hr-inner-style'><\/span><\/span><\/div><\/p>\n<div  class='av-social-sharing-box  avia-builder-el-7  el_after_av_hr  el_before_av_hr  '><div class='av-share-box'><h5 class='av-share-link-description av-no-toc '>Compartir esta noticia<\/h5><ul class='av-share-box-list noLightbox'><li class='av-share-link av-social-link-facebook' ><a target=\"_blank\" aria-label=\"Compartir en Facebook\" href='https:\/\/www.facebook.com\/sharer.php?u=https:\/\/radiorevelacionfm.cl\/?p=51846&#038;t=ProChile%20Ays%C3%A9n%20reuni%C3%B3%20a%20empresarios%20locales%20para%20impulsar%20exportaciones%20regionales' aria-hidden='false' data-av_icon='\ue8f3' data-av_iconfont='entypo-fontello' title='' data-avia-related-tooltip='Compartir en Facebook' rel=\"noopener\"><span class='avia_hidden_link_text'>Compartir en Facebook<\/span><\/a><\/li><li class='av-share-link av-social-link-twitter' ><a target=\"_blank\" aria-label=\"Compartir en Twitter\" href='https:\/\/twitter.com\/share?text=ProChile%20Ays%C3%A9n%20reuni%C3%B3%20a%20empresarios%20locales%20para%20impulsar%20exportaciones%20regionales&#038;url=https:\/\/radiorevelacionfm.cl\/?p=51846' aria-hidden='false' data-av_icon='\ue8f1' data-av_iconfont='entypo-fontello' title='' data-avia-related-tooltip='Compartir en Twitter' rel=\"noopener\"><span class='avia_hidden_link_text'>Compartir en Twitter<\/span><\/a><\/li><li class='av-share-link av-social-link-whatsapp' ><a target=\"_blank\" aria-label=\"Compartir en Whatsapp\" href='https:\/\/api.whatsapp.com\/send?text=https:\/\/radiorevelacionfm.cl\/?p=51846' aria-hidden='false' data-av_icon='\uf232' data-av_iconfont='entypo-fontello' title='' data-avia-related-tooltip='Compartir en Whatsapp' rel=\"noopener\"><span class='avia_hidden_link_text'>Compartir en Whatsapp<\/span><\/a><\/li><li class='av-share-link av-social-link-linkedin' ><a target=\"_blank\" aria-label=\"Compartir en LinkedIn\" href='https:\/\/linkedin.com\/shareArticle?mini=true&#038;title=ProChile%20Ays%C3%A9n%20reuni%C3%B3%20a%20empresarios%20locales%20para%20impulsar%20exportaciones%20regionales&#038;url=https:\/\/radiorevelacionfm.cl\/?p=51846' aria-hidden='false' data-av_icon='\ue8fc' data-av_iconfont='entypo-fontello' title='' data-avia-related-tooltip='Compartir en LinkedIn' rel=\"noopener\"><span class='avia_hidden_link_text'>Compartir en LinkedIn<\/span><\/a><\/li><li class='av-share-link av-social-link-mail' ><a  aria-label=\"Compartir por correo\" href='mailto:?subject=ProChile%20Ays%C3%A9n%20reuni%C3%B3%20a%20empresarios%20locales%20para%20impulsar%20exportaciones%20regionales&#038;body=https:\/\/radiorevelacionfm.cl\/?p=51846' aria-hidden='false' data-av_icon='\ue805' data-av_iconfont='entypo-fontello' title='' data-avia-related-tooltip='Compartir por correo'><span class='avia_hidden_link_text'>Compartir por correo<\/span><\/a><\/li><\/ul><\/div><\/div>\n<div  style='height:50px' class='hr hr-invisible   avia-builder-el-8  el_after_av_social_share  el_before_av_comments_list '><span class='hr-inner ' ><span class='hr-inner-style'><\/span><\/span><\/div>\n<div  class='av-buildercomment  av-blog-meta-html-info-disabled av-blog-meta-tag-disabled  '><\/div>\n","protected":false},"excerpt":{"rendered":"","protected":false},"author":1,"featured_media":51847,"comment_status":"closed","ping_status":"closed","sticky":false,"template":"","format":"standard","meta":{"footnotes":""},"categories":[38],"tags":[],"class_list":["post-51846","post","type-post","status-publish","format-standard","has-post-thumbnail","hentry","category-regional"],"jetpack_featured_media_url":"https:\/\/radiorevelacionfm.cl\/wp-content\/uploads\/2025\/03\/cre-aysen-1_optimized.jpeg","_links":{"self":[{"href":"https:\/\/radiorevelacionfm.cl\/index.php?rest_route=\/wp\/v2\/posts\/51846","targetHints":{"allow":["GET"]}}],"collection":[{"href":"https:\/\/radiorevelacionfm.cl\/index.php?rest_route=\/wp\/v2\/posts"}],"about":[{"href":"https:\/\/radiorevelacionfm.cl\/index.php?rest_route=\/wp\/v2\/types\/post"}],"author":[{"embeddable":true,"href":"https:\/\/radiorevelacionfm.cl\/index.php?rest_route=\/wp\/v2\/users\/1"}],"replies":[{"embeddable":true,"href":"https:\/\/radiorevelacionfm.cl\/index.php?rest_route=%2Fwp%2Fv2%2Fcomments&post=51846"}],"version-history":[{"count":2,"href":"https:\/\/radiorevelacionfm.cl\/index.php?rest_route=\/wp\/v2\/posts\/51846\/revisions"}],"predecessor-version":[{"id":51849,"href":"https:\/\/radiorevelacionfm.cl\/index.php?rest_route=\/wp\/v2\/posts\/51846\/revisions\/51849"}],"wp:featuredmedia":[{"embeddable":true,"href":"https:\/\/radiorevelacionfm.cl\/index.php?rest_route=\/wp\/v2\/media\/51847"}],"wp:attachment":[{"href":"https:\/\/radiorevelacionfm.cl\/index.php?rest_route=%2Fwp%2Fv2%2Fmedia&parent=51846"}],"wp:term":[{"taxonomy":"category","embeddable":true,"href":"https:\/\/radiorevelacionfm.cl\/index.php?rest_route=%2Fwp%2Fv2%2Fcategories&post=51846"},{"taxonomy":"post_tag","embeddable":true,"href":"https:\/\/radiorevelacionfm.cl\/index.php?rest_route=%2Fwp%2Fv2%2Ftags&post=51846"}],"curies":[{"name":"wp","href":"https:\/\/api.w.org\/{rel}","templated":true}]}}