{"id":51842,"date":"2025-03-29T20:18:26","date_gmt":"2025-03-29T23:18:26","guid":{"rendered":"https:\/\/radiorevelacionfm.cl\/?p=51842"},"modified":"2025-03-29T20:18:26","modified_gmt":"2025-03-29T23:18:26","slug":"calisto-y-alcaldesa-de-tortel-coordinan-trabajo-en-conjunto-con-miras-a-mejorar-problemas-electricos-que-sufre-la-comuna","status":"publish","type":"post","link":"https:\/\/radiorevelacionfm.cl\/?p=51842","title":{"rendered":"Calisto y alcaldesa de Tortel coordinan trabajo en conjunto con miras a mejorar problemas el\u00e9ctricos que sufre la comuna"},"content":{"rendered":"<div class=\"flex_column av_one_full  flex_column_div av-zero-column-padding first  avia-builder-el-0  el_before_av_one_full  avia-builder-el-first  \" style='border-radius:0px; '><div  class='avia-image-container  av-styling-    avia-builder-el-1  avia-builder-el-no-sibling  avia-align-center '  itemprop=\"image\" itemscope=\"itemscope\" itemtype=\"https:\/\/schema.org\/ImageObject\"  ><div class='avia-image-container-inner'><div class='avia-image-overlay-wrap'><img decoding=\"async\" class='wp-image-51843 avia-img-lazy-loading-not-51843 avia_image' src=\"https:\/\/radiorevelacionfm.cl\/wp-content\/uploads\/2025\/03\/FOTO-REU-ALCALDESA-DE-TORTEL-1-1.jpeg\" alt='' title='FOTO REU ALCALDESA DE TORTEL (1) (1)' height=\"600\" width=\"800\"  itemprop=\"thumbnailUrl\" srcset=\"https:\/\/radiorevelacionfm.cl\/wp-content\/uploads\/2025\/03\/FOTO-REU-ALCALDESA-DE-TORTEL-1-1.jpeg 800w, https:\/\/radiorevelacionfm.cl\/wp-content\/uploads\/2025\/03\/FOTO-REU-ALCALDESA-DE-TORTEL-1-1-300x225.jpeg 300w, https:\/\/radiorevelacionfm.cl\/wp-content\/uploads\/2025\/03\/FOTO-REU-ALCALDESA-DE-TORTEL-1-1-768x576.jpeg 768w, https:\/\/radiorevelacionfm.cl\/wp-content\/uploads\/2025\/03\/FOTO-REU-ALCALDESA-DE-TORTEL-1-1-705x529.jpeg 705w, https:\/\/radiorevelacionfm.cl\/wp-content\/uploads\/2025\/03\/FOTO-REU-ALCALDESA-DE-TORTEL-1-1-450x338.jpeg 450w, https:\/\/radiorevelacionfm.cl\/wp-content\/uploads\/2025\/03\/FOTO-REU-ALCALDESA-DE-TORTEL-1-1-600x450.jpeg 600w\" sizes=\"(max-width: 800px) 100vw, 800px\" \/><\/div><\/div><\/div><\/div><div class=\"flex_column av_one_full  flex_column_div av-zero-column-padding first  avia-builder-el-2  el_after_av_one_full  el_before_av_one_full  column-top-margin\" style='border-radius:0px; '><section class=\"av_textblock_section \"  itemscope=\"itemscope\" itemtype=\"https:\/\/schema.org\/BlogPosting\" itemprop=\"blogPost\" ><div class='avia_textblock  '   itemprop=\"text\" ><p style=\"text-align: center;\"><span style=\"font-size: 18pt;\"><b>Calisto y alcaldesa de Tortel coordinan trabajo en conjunto con miras a mejorar problemas el\u00e9ctricos que sufre la comuna<\/b><\/span><\/p>\n<div id=\"gtx-trans\" style=\"position: absolute; left: -50px; top: 4.31534px;\">\n<div class=\"gtx-trans-icon\"><\/div>\n<\/div>\n<\/div><\/section><\/div><div class=\"flex_column av_one_full  flex_column_div av-zero-column-padding first  avia-builder-el-4  el_after_av_one_full  el_before_av_hr  column-top-margin\" style='border-radius:0px; '><section class=\"av_textblock_section \"  itemscope=\"itemscope\" itemtype=\"https:\/\/schema.org\/BlogPosting\" itemprop=\"blogPost\" ><div class='avia_textblock  '   itemprop=\"text\" ><p style=\"font-weight: 400; text-align: justify;\">Consciente de los serios problemas que tiene la localidad de Tortel con respecto a su suministro el\u00e9ctrico, el diputado Miguel \u00c1ngel Calisto se reuni\u00f3 con la Alcaldesa de dicha localidad, Marisela Jim\u00e9nez, se\u00f1alando que \u201ces necesario asegurar y estabilizar el sistema el\u00e9ctrico que alimenta a la localidad para evitar los constantes cortes de luz\u201d.<\/p>\n<p style=\"font-weight: 400; text-align: justify;\">Seg\u00fan el diputado Miguel \u00c1ngel Calisto, \u201cTortel tiene una carencia, un d\u00e9ficit permanente para poder sostener el tema el\u00e9ctrico y por eso es que ya se est\u00e1n levantando algunas iniciativas que son muy importantes para darle estabilidad al sistema. Vamos a sostener prontamente tambi\u00e9n una reuni\u00f3n con la empresa el\u00e9ctrica regional y esperamos poner todo el \u00e9nfasis en esa l\u00ednea\u201d.<\/p>\n<p style=\"font-weight: 400; text-align: justify;\">Calisto argument\u00f3 que \u201ctambi\u00e9n estamos tratando de apoyarla en algunos nexos con organizaciones internacionales que se dedican a los temas energ\u00e9ticos para que \u00a0puedan apoyar t\u00e9cnicamente en algunos dise\u00f1os y proyectos que son importantes para que la comuna pueda salir de la situaci\u00f3n que est\u00e1 y se pueda convertir realmente en una capital del turismo en la zona sur de nuestra regi\u00f3n\u201d.<\/p>\n<p style=\"font-weight: 400; text-align: justify;\">El legislador tuvo palabras de apoyo a la nueva alcaldesa, se\u00f1alando que \u201cestoy muy contento pro la reuni\u00f3n con la alcaldesa, de su desempe\u00f1o, de sus ganas. La vamos a apoyar, por supuesto, desde el Congreso Nacional con las gestiones con los ministros, con las autoridades de gobierno, para sacar adelante a Tortel porque esto es una tarea de todos\u201d.<\/p>\n<p style=\"font-weight: 400; text-align: justify;\">Por su parte, Marisela Jim\u00e9nez indic\u00f3 que \u201cagradecemos la recepci\u00f3n del Diputado Miguel \u00c1ngel Calisto. Tuvimos una conversaci\u00f3n muy agradable donde pudimos abordar diversos temas que hoy d\u00eda nos acongojan como Comuna de Tortel, principalmente nuestro sistema energ\u00e9tico de distribuci\u00f3n y generaci\u00f3n. Tomamos varios acuerdos, seguiremos conversando y agradecer tambi\u00e9n el apoyo que nos brind\u00f3 para poder seguir adelante y sacar estas iniciativas tan importantes para nuestra Comuna\u201d.<\/p>\n<p style=\"font-weight: 400; text-align: justify;\">Finalmente, se\u00f1al\u00f3 que necesitamos mejorar la estabilidad en realidad de la generaci\u00f3n el\u00e9ctrica. Diariamente sufrimos de microcortes, no tenemos una estabilidad, lo que genera diversos problemas para nuestra Comuna, as\u00ed como tambi\u00e9n para nuestros operadores tur\u00edsticos. Debemos mejorar desde ya y darle una soluci\u00f3n definitiva al tema energ\u00e9tico.<\/p>\n<\/div><\/section><\/div><div  style='height:50px' class='hr hr-invisible   avia-builder-el-6  el_after_av_one_full  el_before_av_social_share '><span class='hr-inner ' ><span class='hr-inner-style'><\/span><\/span><\/div><\/p>\n<div  class='av-social-sharing-box  avia-builder-el-7  el_after_av_hr  el_before_av_hr  '><div class='av-share-box'><h5 class='av-share-link-description av-no-toc '>Compartir esta noticia<\/h5><ul class='av-share-box-list noLightbox'><li class='av-share-link av-social-link-facebook' ><a target=\"_blank\" aria-label=\"Compartir en Facebook\" href='https:\/\/www.facebook.com\/sharer.php?u=https:\/\/radiorevelacionfm.cl\/?p=51842&#038;t=Calisto%20y%20alcaldesa%20de%20Tortel%20coordinan%20trabajo%20en%20conjunto%20con%20miras%20a%20mejorar%20problemas%20el%C3%A9ctricos%20que%20sufre%20la%20comuna' aria-hidden='false' data-av_icon='\ue8f3' data-av_iconfont='entypo-fontello' title='' data-avia-related-tooltip='Compartir en Facebook' rel=\"noopener\"><span class='avia_hidden_link_text'>Compartir en Facebook<\/span><\/a><\/li><li class='av-share-link av-social-link-twitter' ><a target=\"_blank\" aria-label=\"Compartir en Twitter\" href='https:\/\/twitter.com\/share?text=Calisto%20y%20alcaldesa%20de%20Tortel%20coordinan%20trabajo%20en%20conjunto%20con%20miras%20a%20mejorar%20problemas%20el%C3%A9ctricos%20que%20sufre%20la%20comuna&#038;url=https:\/\/radiorevelacionfm.cl\/?p=51842' aria-hidden='false' data-av_icon='\ue8f1' data-av_iconfont='entypo-fontello' title='' data-avia-related-tooltip='Compartir en Twitter' rel=\"noopener\"><span class='avia_hidden_link_text'>Compartir en Twitter<\/span><\/a><\/li><li class='av-share-link av-social-link-whatsapp' ><a target=\"_blank\" aria-label=\"Compartir en Whatsapp\" href='https:\/\/api.whatsapp.com\/send?text=https:\/\/radiorevelacionfm.cl\/?p=51842' aria-hidden='false' data-av_icon='\uf232' data-av_iconfont='entypo-fontello' title='' data-avia-related-tooltip='Compartir en Whatsapp' rel=\"noopener\"><span class='avia_hidden_link_text'>Compartir en Whatsapp<\/span><\/a><\/li><li class='av-share-link av-social-link-linkedin' ><a target=\"_blank\" aria-label=\"Compartir en LinkedIn\" href='https:\/\/linkedin.com\/shareArticle?mini=true&#038;title=Calisto%20y%20alcaldesa%20de%20Tortel%20coordinan%20trabajo%20en%20conjunto%20con%20miras%20a%20mejorar%20problemas%20el%C3%A9ctricos%20que%20sufre%20la%20comuna&#038;url=https:\/\/radiorevelacionfm.cl\/?p=51842' aria-hidden='false' data-av_icon='\ue8fc' data-av_iconfont='entypo-fontello' title='' data-avia-related-tooltip='Compartir en LinkedIn' rel=\"noopener\"><span class='avia_hidden_link_text'>Compartir en LinkedIn<\/span><\/a><\/li><li class='av-share-link av-social-link-mail' ><a  aria-label=\"Compartir por correo\" href='mailto:?subject=Calisto%20y%20alcaldesa%20de%20Tortel%20coordinan%20trabajo%20en%20conjunto%20con%20miras%20a%20mejorar%20problemas%20el%C3%A9ctricos%20que%20sufre%20la%20comuna&#038;body=https:\/\/radiorevelacionfm.cl\/?p=51842' aria-hidden='false' data-av_icon='\ue805' data-av_iconfont='entypo-fontello' title='' data-avia-related-tooltip='Compartir por correo'><span class='avia_hidden_link_text'>Compartir por correo<\/span><\/a><\/li><\/ul><\/div><\/div>\n<div  style='height:50px' class='hr hr-invisible   avia-builder-el-8  el_after_av_social_share  el_before_av_comments_list '><span class='hr-inner ' ><span class='hr-inner-style'><\/span><\/span><\/div>\n<div  class='av-buildercomment  av-blog-meta-html-info-disabled av-blog-meta-tag-disabled  '><\/div>\n","protected":false},"excerpt":{"rendered":"","protected":false},"author":1,"featured_media":51843,"comment_status":"closed","ping_status":"closed","sticky":false,"template":"","format":"standard","meta":{"footnotes":""},"categories":[35],"tags":[],"class_list":["post-51842","post","type-post","status-publish","format-standard","has-post-thumbnail","hentry","category-politica"],"jetpack_featured_media_url":"https:\/\/radiorevelacionfm.cl\/wp-content\/uploads\/2025\/03\/FOTO-REU-ALCALDESA-DE-TORTEL-1-1.jpeg","_links":{"self":[{"href":"https:\/\/radiorevelacionfm.cl\/index.php?rest_route=\/wp\/v2\/posts\/51842","targetHints":{"allow":["GET"]}}],"collection":[{"href":"https:\/\/radiorevelacionfm.cl\/index.php?rest_route=\/wp\/v2\/posts"}],"about":[{"href":"https:\/\/radiorevelacionfm.cl\/index.php?rest_route=\/wp\/v2\/types\/post"}],"author":[{"embeddable":true,"href":"https:\/\/radiorevelacionfm.cl\/index.php?rest_route=\/wp\/v2\/users\/1"}],"replies":[{"embeddable":true,"href":"https:\/\/radiorevelacionfm.cl\/index.php?rest_route=%2Fwp%2Fv2%2Fcomments&post=51842"}],"version-history":[{"count":2,"href":"https:\/\/radiorevelacionfm.cl\/index.php?rest_route=\/wp\/v2\/posts\/51842\/revisions"}],"predecessor-version":[{"id":51845,"href":"https:\/\/radiorevelacionfm.cl\/index.php?rest_route=\/wp\/v2\/posts\/51842\/revisions\/51845"}],"wp:featuredmedia":[{"embeddable":true,"href":"https:\/\/radiorevelacionfm.cl\/index.php?rest_route=\/wp\/v2\/media\/51843"}],"wp:attachment":[{"href":"https:\/\/radiorevelacionfm.cl\/index.php?rest_route=%2Fwp%2Fv2%2Fmedia&parent=51842"}],"wp:term":[{"taxonomy":"category","embeddable":true,"href":"https:\/\/radiorevelacionfm.cl\/index.php?rest_route=%2Fwp%2Fv2%2Fcategories&post=51842"},{"taxonomy":"post_tag","embeddable":true,"href":"https:\/\/radiorevelacionfm.cl\/index.php?rest_route=%2Fwp%2Fv2%2Ftags&post=51842"}],"curies":[{"name":"wp","href":"https:\/\/api.w.org\/{rel}","templated":true}]}}