{"id":51833,"date":"2025-03-29T19:53:08","date_gmt":"2025-03-29T22:53:08","guid":{"rendered":"https:\/\/radiorevelacionfm.cl\/?p=51833"},"modified":"2025-03-29T19:53:08","modified_gmt":"2025-03-29T22:53:08","slug":"se-inaugura-exposicion-de-tejidos-y-ceramicas-inspiradas-en-la-naturaleza-del-parque-nacional-cerro-castillo","status":"publish","type":"post","link":"https:\/\/radiorevelacionfm.cl\/?p=51833","title":{"rendered":"Se inaugura exposici\u00f3n de tejidos y cer\u00e1micas inspiradas en la naturaleza del Parque Nacional Cerro Castillo"},"content":{"rendered":"<div class=\"flex_column av_one_full  flex_column_div av-zero-column-padding first  avia-builder-el-0  el_before_av_one_full  avia-builder-el-first  \" style='border-radius:0px; '><div  class='avia-image-container  av-styling-    avia-builder-el-1  avia-builder-el-no-sibling  avia-align-center '  itemprop=\"image\" itemscope=\"itemscope\" itemtype=\"https:\/\/schema.org\/ImageObject\"  ><div class='avia-image-container-inner'><div class='avia-image-overlay-wrap'><img decoding=\"async\" class='wp-image-51835 avia-img-lazy-loading-not-51835 avia_image' src=\"https:\/\/radiorevelacionfm.cl\/wp-content\/uploads\/2025\/03\/artesanas-pncc-james-alfaro-1-1_optimized-1.jpg\" alt='' title='artesanas-pncc-james-alfaro-1-(1)_optimized (1)' height=\"600\" width=\"1065\"  itemprop=\"thumbnailUrl\" srcset=\"https:\/\/radiorevelacionfm.cl\/wp-content\/uploads\/2025\/03\/artesanas-pncc-james-alfaro-1-1_optimized-1.jpg 1065w, https:\/\/radiorevelacionfm.cl\/wp-content\/uploads\/2025\/03\/artesanas-pncc-james-alfaro-1-1_optimized-1-300x169.jpg 300w, https:\/\/radiorevelacionfm.cl\/wp-content\/uploads\/2025\/03\/artesanas-pncc-james-alfaro-1-1_optimized-1-1030x580.jpg 1030w, https:\/\/radiorevelacionfm.cl\/wp-content\/uploads\/2025\/03\/artesanas-pncc-james-alfaro-1-1_optimized-1-768x433.jpg 768w, https:\/\/radiorevelacionfm.cl\/wp-content\/uploads\/2025\/03\/artesanas-pncc-james-alfaro-1-1_optimized-1-705x397.jpg 705w, https:\/\/radiorevelacionfm.cl\/wp-content\/uploads\/2025\/03\/artesanas-pncc-james-alfaro-1-1_optimized-1-450x254.jpg 450w, https:\/\/radiorevelacionfm.cl\/wp-content\/uploads\/2025\/03\/artesanas-pncc-james-alfaro-1-1_optimized-1-600x338.jpg 600w\" sizes=\"(max-width: 1065px) 100vw, 1065px\" \/><\/div><\/div><\/div><\/div><div class=\"flex_column av_one_full  flex_column_div av-zero-column-padding first  avia-builder-el-2  el_after_av_one_full  el_before_av_one_full  column-top-margin\" style='border-radius:0px; '><section class=\"av_textblock_section \"  itemscope=\"itemscope\" itemtype=\"https:\/\/schema.org\/BlogPosting\" itemprop=\"blogPost\" ><div class='avia_textblock  '   itemprop=\"text\" ><p style=\"text-align: center;\"><span style=\"font-size: 18pt;\"><strong>Se inaugura exposici\u00f3n de tejidos y cer\u00e1micas inspiradas en la naturaleza del Parque Nacional Cerro Castillo<\/strong><\/span><\/p>\n<div id=\"gtx-trans\" style=\"position: absolute; left: -50px; top: 4.31534px;\">\n<div class=\"gtx-trans-icon\"><\/div>\n<\/div>\n<\/div><\/section><\/div><div class=\"flex_column av_one_full  flex_column_div av-zero-column-padding first  avia-builder-el-4  el_after_av_one_full  el_before_av_hr  column-top-margin\" style='border-radius:0px; '><section class=\"av_textblock_section \"  itemscope=\"itemscope\" itemtype=\"https:\/\/schema.org\/BlogPosting\" itemprop=\"blogPost\" ><div class='avia_textblock  '   itemprop=\"text\" ><p style=\"text-align: justify;\"><em>Con una exhibici\u00f3n abierta a la comunidad a realizarse del 28 al 30 de marzo en Villa Cerro Castillo, 19 artesanas y creadores locales dar\u00e1n a conocer el trabajo final de lo que fueron los talleres denominados \u201cArtesan\u00eda y Naturaleza, di\u00e1logos entre textiles y cer\u00e1micas inspirados en el Parque Nacional Cerro Castillo\u201d, donde el paisaje patag\u00f3nico fue su principal inspiraci\u00f3n.<\/em><\/p>\n<p style=\"text-align: justify;\">La iniciativa desarrollada por el \u00e1rea de vinculaci\u00f3n comunitaria de la <em>Fundaci\u00f3n Rewilding Chile<\/em>, en su programa <em>Amigos del Parque Nacional Cerro Castillo<\/em>, busc\u00f3 ense\u00f1ar y mejorar la t\u00e9cnica de tejedoras y vecinos interesados en la cer\u00e1mica, para fortalecer el sentido de orgullo con oficios ancestrales que son parte de la identidad de Cerro Castillo, as\u00ed como su conexi\u00f3n con la naturaleza de este parque nacional<strong>.<\/strong><\/p>\n<p style=\"text-align: justify;\">Por a\u00f1os, las mujeres de Villa Cerro Castillo han convivido con los palillos, una pr\u00e1ctica textil tan cotidiana y arraigada. La cer\u00e1mica tambi\u00e9n ha formado parte de la historia local. Ambos oficios fueron perfeccionados con la gu\u00eda de las maestras artesanas, Carolina Vargas y Eva Carrillo, y el resultado de este trabajo es una muestra que incluye chalecos patag\u00f3nicos, bufandas, cuencos tradicionales, fuentes y platos, donde el Parque Nacional Cerro Castillo se infunde en cada hebra y recoveco. Materias primas extra\u00eddas del R\u00edo Ib\u00e1\u00f1ez y elementos del bosque de lenga que rodea la Laguna Chiguay est\u00e1n incorporados en las cer\u00e1micas de esta colecci\u00f3n; las improntas de hojas y ramas son reconocibles en la superficie de platos y fuentes.<\/p>\n<p style=\"text-align: justify;\">Los talleres fueron facilitados por <em>Pulso Austral<\/em>, organizaci\u00f3n interdisciplinaria de mujeres arraigadas en la Regi\u00f3n de Ays\u00e9n, dedicada a crear puentes entre la cultura, el arte, la educaci\u00f3n y la ecolog\u00eda, con el fin de aportar al bienestar de las comunidades; junto a destacadas maestras tejedoras y ceramistas, quienes compartieron sus conocimientos con los participantes en estos encuentros realizados peri\u00f3dicamente en las instalaciones de <em>Ceramistas de la Patagonia<\/em>, quienes tambi\u00e9n formaron parte de las sesiones.<\/p>\n<p style=\"text-align: justify;\">\u201cEstos laboratorios fueron un impulso para construir comunidad en torno a los oficios. Permitieron abrir un espacio de encuentro entre artesanas y vecinos que buscaban aprender nuevas t\u00e9cnicas. Confluyeron personas de distintas agrupaciones, edades, experiencias y miradas, pero que comparten el amor por la naturaleza que habita en Villa Cerro Castillo. Trabajamos la cer\u00e1mica, reconectando con este oficio que algunas participantes hab\u00edan aprendido con artesanas de Ib\u00e1\u00f1ez hace algunas d\u00e9cadas, y despu\u00e9s de mucho tiempo volvi\u00f3 a encenderse el horno de la sede de artesanas. Otro grupo trabaj\u00f3 el tejido a palillo, perfeccionando nuevos puntos y dise\u00f1os. As\u00ed naci\u00f3 esta colecci\u00f3n de artesan\u00eda\u201d, coment\u00f3 la psic\u00f3loga y co-directora de Pulso Austral, Cecilia Moura.<\/p>\n<p style=\"text-align: justify;\">\u201cEs una alegr\u00eda ser parte de este tipo de proyectos donde se busca que las mujeres se re\u00fanan, y que vayan m\u00e1s all\u00e1 de lo que tejen habitualmente por utilidad, que salgan a\u00a0 inspirarse en el paisaje, en el territorio. Ser parte de ese proceso fue muy satisfactorio. Estoy muy contenta con el resultado\u201d, dice la maestra textilera, Carolina Vargas.<\/p>\n<p style=\"text-align: justify;\">\u201cParticipar en este taller de cer\u00e1mica y textil fue una experiencia profunda de conexi\u00f3n con la naturaleza. Todas las piezas que se elaboraron fueron inspiradas en el parque. Aprovecho de agradecer a las monitoras y a quienes lo hicieron posible, para m\u00ed fue una experiencia maravillosa\u201d, dijo la vecina participante, Alba Sandoval. \u201cA m\u00ed este proceso me sirvi\u00f3 mucho para relacionarme con otras personas, y aprender cosas nuevas\u201d, agreg\u00f3 Astrid Maureria, otra de las participantes del taller.<\/p>\n<p style=\"text-align: justify;\">Para la maestra ceramista, Eva Carrillo: \u201cLa experiencia que tuvimos en el Parque Nacional Cerro Castillo junto a las artesanas fue muy valiosa. Pudimos sacar muchas ideas del entorno y darles forma, transformarlas en un producto, llevarlo de lo natural a la greda. Espero que tengamos muchas m\u00e1s instancias donde podamos plasmar esta naturaleza en otro tipo de material como el cuero\u201d.<\/p>\n<p style=\"text-align: justify;\">Desde Rewilding Chile, valoran especialmente el poder transformador del arte, tanto en la vida de las personas como en la conservaci\u00f3n de nuestro entorno. \u00abPor medio de estos oficios se crea comunidad, y se refuerza la conexi\u00f3n con la naturaleza con enfoque en el Parque Nacional Cerro Castillo, resaltando la identidad del territorio y ofreciendo una oportunidad real para el desarrollo econ\u00f3mico local. Estas iniciativas no s\u00f3lo preservan las tradiciones culturales, sino que tambi\u00e9n refuerzan el orgullo y el sentido de pertenencia y arraigo de las personas con esta tierra\u201d, comenta Carolina Cerda, Directora del \u00e1rea de Vinculaci\u00f3n Comunitaria de la Fundaci\u00f3n Rewilding Chile.<\/p>\n<p style=\"text-align: justify;\">Se invita a la comunidad a la inauguraci\u00f3n de esta muestra, donde adem\u00e1s de la exhibici\u00f3n de las piezas de artesan\u00eda, habr\u00e1 un conversatorio, experimentaci\u00f3n de oficios y m\u00fasica en vivo. La exposici\u00f3n estar\u00e1 abierta al p\u00fablico entre el 28 y el 30 de marzo.<\/p>\n<\/div><\/section><\/div><div  style='height:50px' class='hr hr-invisible   avia-builder-el-6  el_after_av_one_full  el_before_av_social_share '><span class='hr-inner ' ><span class='hr-inner-style'><\/span><\/span><\/div><\/p>\n<div  class='av-social-sharing-box  avia-builder-el-7  el_after_av_hr  el_before_av_hr  '><div class='av-share-box'><h5 class='av-share-link-description av-no-toc '>Compartir esta noticia<\/h5><ul class='av-share-box-list noLightbox'><li class='av-share-link av-social-link-facebook' ><a target=\"_blank\" aria-label=\"Compartir en Facebook\" href='https:\/\/www.facebook.com\/sharer.php?u=https:\/\/radiorevelacionfm.cl\/?p=51833&#038;t=Se%20inaugura%20exposici%C3%B3n%20de%20tejidos%20y%20cer%C3%A1micas%20inspiradas%20en%20la%20naturaleza%20del%20Parque%20Nacional%20Cerro%20Castillo' aria-hidden='false' data-av_icon='\ue8f3' data-av_iconfont='entypo-fontello' title='' data-avia-related-tooltip='Compartir en Facebook' rel=\"noopener\"><span class='avia_hidden_link_text'>Compartir en Facebook<\/span><\/a><\/li><li class='av-share-link av-social-link-twitter' ><a target=\"_blank\" aria-label=\"Compartir en Twitter\" href='https:\/\/twitter.com\/share?text=Se%20inaugura%20exposici%C3%B3n%20de%20tejidos%20y%20cer%C3%A1micas%20inspiradas%20en%20la%20naturaleza%20del%20Parque%20Nacional%20Cerro%20Castillo&#038;url=https:\/\/radiorevelacionfm.cl\/?p=51833' aria-hidden='false' data-av_icon='\ue8f1' data-av_iconfont='entypo-fontello' title='' data-avia-related-tooltip='Compartir en Twitter' rel=\"noopener\"><span class='avia_hidden_link_text'>Compartir en Twitter<\/span><\/a><\/li><li class='av-share-link av-social-link-whatsapp' ><a target=\"_blank\" aria-label=\"Compartir en Whatsapp\" href='https:\/\/api.whatsapp.com\/send?text=https:\/\/radiorevelacionfm.cl\/?p=51833' aria-hidden='false' data-av_icon='\uf232' data-av_iconfont='entypo-fontello' title='' data-avia-related-tooltip='Compartir en Whatsapp' rel=\"noopener\"><span class='avia_hidden_link_text'>Compartir en Whatsapp<\/span><\/a><\/li><li class='av-share-link av-social-link-linkedin' ><a target=\"_blank\" aria-label=\"Compartir en LinkedIn\" href='https:\/\/linkedin.com\/shareArticle?mini=true&#038;title=Se%20inaugura%20exposici%C3%B3n%20de%20tejidos%20y%20cer%C3%A1micas%20inspiradas%20en%20la%20naturaleza%20del%20Parque%20Nacional%20Cerro%20Castillo&#038;url=https:\/\/radiorevelacionfm.cl\/?p=51833' aria-hidden='false' data-av_icon='\ue8fc' data-av_iconfont='entypo-fontello' title='' data-avia-related-tooltip='Compartir en LinkedIn' rel=\"noopener\"><span class='avia_hidden_link_text'>Compartir en LinkedIn<\/span><\/a><\/li><li class='av-share-link av-social-link-mail' ><a  aria-label=\"Compartir por correo\" href='mailto:?subject=Se%20inaugura%20exposici%C3%B3n%20de%20tejidos%20y%20cer%C3%A1micas%20inspiradas%20en%20la%20naturaleza%20del%20Parque%20Nacional%20Cerro%20Castillo&#038;body=https:\/\/radiorevelacionfm.cl\/?p=51833' aria-hidden='false' data-av_icon='\ue805' data-av_iconfont='entypo-fontello' title='' data-avia-related-tooltip='Compartir por correo'><span class='avia_hidden_link_text'>Compartir por correo<\/span><\/a><\/li><\/ul><\/div><\/div>\n<div  style='height:50px' class='hr hr-invisible   avia-builder-el-8  el_after_av_social_share  el_before_av_comments_list '><span class='hr-inner ' ><span class='hr-inner-style'><\/span><\/span><\/div>\n<div  class='av-buildercomment  av-blog-meta-html-info-disabled av-blog-meta-tag-disabled  '><\/div>\n","protected":false},"excerpt":{"rendered":"","protected":false},"author":1,"featured_media":51835,"comment_status":"closed","ping_status":"closed","sticky":false,"template":"","format":"standard","meta":{"footnotes":""},"categories":[38],"tags":[],"class_list":["post-51833","post","type-post","status-publish","format-standard","has-post-thumbnail","hentry","category-regional"],"jetpack_featured_media_url":"https:\/\/radiorevelacionfm.cl\/wp-content\/uploads\/2025\/03\/artesanas-pncc-james-alfaro-1-1_optimized-1.jpg","_links":{"self":[{"href":"https:\/\/radiorevelacionfm.cl\/index.php?rest_route=\/wp\/v2\/posts\/51833","targetHints":{"allow":["GET"]}}],"collection":[{"href":"https:\/\/radiorevelacionfm.cl\/index.php?rest_route=\/wp\/v2\/posts"}],"about":[{"href":"https:\/\/radiorevelacionfm.cl\/index.php?rest_route=\/wp\/v2\/types\/post"}],"author":[{"embeddable":true,"href":"https:\/\/radiorevelacionfm.cl\/index.php?rest_route=\/wp\/v2\/users\/1"}],"replies":[{"embeddable":true,"href":"https:\/\/radiorevelacionfm.cl\/index.php?rest_route=%2Fwp%2Fv2%2Fcomments&post=51833"}],"version-history":[{"count":2,"href":"https:\/\/radiorevelacionfm.cl\/index.php?rest_route=\/wp\/v2\/posts\/51833\/revisions"}],"predecessor-version":[{"id":51837,"href":"https:\/\/radiorevelacionfm.cl\/index.php?rest_route=\/wp\/v2\/posts\/51833\/revisions\/51837"}],"wp:featuredmedia":[{"embeddable":true,"href":"https:\/\/radiorevelacionfm.cl\/index.php?rest_route=\/wp\/v2\/media\/51835"}],"wp:attachment":[{"href":"https:\/\/radiorevelacionfm.cl\/index.php?rest_route=%2Fwp%2Fv2%2Fmedia&parent=51833"}],"wp:term":[{"taxonomy":"category","embeddable":true,"href":"https:\/\/radiorevelacionfm.cl\/index.php?rest_route=%2Fwp%2Fv2%2Fcategories&post=51833"},{"taxonomy":"post_tag","embeddable":true,"href":"https:\/\/radiorevelacionfm.cl\/index.php?rest_route=%2Fwp%2Fv2%2Ftags&post=51833"}],"curies":[{"name":"wp","href":"https:\/\/api.w.org\/{rel}","templated":true}]}}