{"id":51829,"date":"2025-03-29T19:39:13","date_gmt":"2025-03-29T22:39:13","guid":{"rendered":"https:\/\/radiorevelacionfm.cl\/?p=51829"},"modified":"2025-03-29T19:39:13","modified_gmt":"2025-03-29T22:39:13","slug":"delegado-regional-inspecciono-area-de-reposicion-de-puentes-palena-y-rosselot","status":"publish","type":"post","link":"https:\/\/radiorevelacionfm.cl\/?p=51829","title":{"rendered":"Delegado Regional inspeccion\u00f3 \u00e1rea de reposici\u00f3n de puentes Palena y Rosselot"},"content":{"rendered":"<div class=\"flex_column av_one_full  flex_column_div av-zero-column-padding first  avia-builder-el-0  el_before_av_one_full  avia-builder-el-first  \" style='border-radius:0px; '><div  class='avia-image-container  av-styling-    avia-builder-el-1  avia-builder-el-no-sibling  avia-align-center '  itemprop=\"image\" itemscope=\"itemscope\" itemtype=\"https:\/\/schema.org\/ImageObject\"  ><div class='avia-image-container-inner'><div class='avia-image-overlay-wrap'><img decoding=\"async\" class='wp-image-51830 avia-img-lazy-loading-not-51830 avia_image' src=\"https:\/\/radiorevelacionfm.cl\/wp-content\/uploads\/2025\/03\/img_9510-1_optimized.jpg\" alt='' title='img_9510-(1)_optimized' height=\"600\" width=\"803\"  itemprop=\"thumbnailUrl\" srcset=\"https:\/\/radiorevelacionfm.cl\/wp-content\/uploads\/2025\/03\/img_9510-1_optimized.jpg 803w, https:\/\/radiorevelacionfm.cl\/wp-content\/uploads\/2025\/03\/img_9510-1_optimized-300x224.jpg 300w, https:\/\/radiorevelacionfm.cl\/wp-content\/uploads\/2025\/03\/img_9510-1_optimized-768x574.jpg 768w, https:\/\/radiorevelacionfm.cl\/wp-content\/uploads\/2025\/03\/img_9510-1_optimized-705x527.jpg 705w, https:\/\/radiorevelacionfm.cl\/wp-content\/uploads\/2025\/03\/img_9510-1_optimized-450x336.jpg 450w, https:\/\/radiorevelacionfm.cl\/wp-content\/uploads\/2025\/03\/img_9510-1_optimized-600x448.jpg 600w\" sizes=\"(max-width: 803px) 100vw, 803px\" \/><\/div><\/div><\/div><\/div><div class=\"flex_column av_one_full  flex_column_div av-zero-column-padding first  avia-builder-el-2  el_after_av_one_full  el_before_av_one_full  column-top-margin\" style='border-radius:0px; '><section class=\"av_textblock_section \"  itemscope=\"itemscope\" itemtype=\"https:\/\/schema.org\/BlogPosting\" itemprop=\"blogPost\" ><div class='avia_textblock  '   itemprop=\"text\" ><p style=\"text-align: center;\"><span style=\"font-size: 18pt;\"><b>Delegado Regional inspeccion\u00f3 \u00e1rea de reposici\u00f3n de puentes Palena y Rosselot<\/b><\/span><\/p>\n<\/div><\/section><\/div><div class=\"flex_column av_one_full  flex_column_div av-zero-column-padding first  avia-builder-el-4  el_after_av_one_full  el_before_av_hr  column-top-margin\" style='border-radius:0px; '><section class=\"av_textblock_section \"  itemscope=\"itemscope\" itemtype=\"https:\/\/schema.org\/BlogPosting\" itemprop=\"blogPost\" ><div class='avia_textblock  '   itemprop=\"text\" ><p style=\"text-align: justify;\"><em>Las obras comenzar\u00e1n a mediados de este a\u00f1o, mediante una inversi\u00f3n del Ministerio de Obras P\u00fablicas de casi 80 mil millones de pesos.<\/em><\/p>\n<p style=\"text-align: justify;\">El sector donde el Ministerio de Obras P\u00fablicas materializar\u00e1 la reposici\u00f3n de los dos puentes de acceso y salida norte por la Ruta 7, recorri\u00f3 el Delegado Presidencial Regional de Ays\u00e9n, Jorge D\u00edaz Guzm\u00e1n.<\/p>\n<p style=\"text-align: justify;\">Se trata de los puentes Exequiel Gonz\u00e1lez, que tendr\u00e1 200 metros de longitud sobre el r\u00edo Palena, y Senador Sergio Sep\u00falveda, que tendr\u00e1 160 metros de extensi\u00f3n sobre el r\u00edo Rosselot, ambos con calzada doble v\u00eda, de nueve metros de ancho y pasillos de 1,5 metros cada uno.<\/p>\n<p style=\"text-align: justify;\">Las obras comenzar\u00e1n a mediados de este a\u00f1o, mediante una inversi\u00f3n p\u00fablica de casi 80 mil millones de pesos, a cargo de la constructora Belfi Sociedad An\u00f3nima, que tiene un plazo cercano a tres a\u00f1os para la reposici\u00f3n.<\/p>\n<p style=\"text-align: justify;\">Tras el recorrido junto al coordinador regional de Subdere, Rodolfo Elgueta, el Delegado Jorge D\u00edaz se\u00f1al\u00f3 que esta obra es esencial para la integraci\u00f3n y conectividad, al dinamizar el tr\u00e1nsito de personas y carga, adem\u00e1s de contribuir a la actividad econ\u00f3mica, al turismo y al empleo local.<\/p>\n<p style=\"text-align: justify;\">\u201cLa conectividad de la Ruta 7 requiere de una mayor infraestructura y por eso vamos a reponer estos dos puentes. Son m\u00e1s de 70 mil millones de pesos que se van a invertir y vamos a tener una ruta con dos pistas, para que la conectividad de las regiones de Los Lagos y Ays\u00e9n sea m\u00e1s expedita\u201d, subray\u00f3.<\/p>\n<p style=\"text-align: justify;\">De esta manera \u2013a\u00f1adi\u00f3-, \u201cla Ruta 7 o Carretera Austral, que tiene un total de 1.247 kil\u00f3metros, tendr\u00e1 un ingreso norte con una infraestructura mayor, lo que ser\u00e1 un aporte al desarrollo tur\u00edstico y del transporte de insumos que ingresan a la Regi\u00f3n de Ays\u00e9n\u201d.<\/p>\n<p style=\"text-align: justify;\">Los actuales puentes colgantes Exequiel Gonz\u00e1lez y Senador Sergio Sep\u00falveda se encuentran en operaci\u00f3n desde principio de la d\u00e9cada de los 90, con una sola v\u00eda de tr\u00e1nsito.<\/p>\n<p style=\"text-align: justify;\">Ambos se mantendr\u00e1n en operaci\u00f3n durante el per\u00edodo de ejecuci\u00f3n de las nuevas obras y se dejar\u00e1n habilitados por su valor patrimonial, en especial, para la localidad de La Junta, ubicada en las confluencias de los r\u00edos Rosselot y Palena, tambi\u00e9n conocido como El Pueblo del Encuentro en el acceso norte de la Regi\u00f3n de Ays\u00e9n.<\/p>\n<\/div><\/section><\/div><div  style='height:50px' class='hr hr-invisible   avia-builder-el-6  el_after_av_one_full  el_before_av_social_share '><span class='hr-inner ' ><span class='hr-inner-style'><\/span><\/span><\/div><\/p>\n<div  class='av-social-sharing-box  avia-builder-el-7  el_after_av_hr  el_before_av_hr  '><div class='av-share-box'><h5 class='av-share-link-description av-no-toc '>Compartir esta noticia<\/h5><ul class='av-share-box-list noLightbox'><li class='av-share-link av-social-link-facebook' ><a target=\"_blank\" aria-label=\"Compartir en Facebook\" href='https:\/\/www.facebook.com\/sharer.php?u=https:\/\/radiorevelacionfm.cl\/?p=51829&#038;t=Delegado%20Regional%20inspeccion%C3%B3%20%C3%A1rea%20de%20reposici%C3%B3n%20de%20puentes%20Palena%20y%20Rosselot' aria-hidden='false' data-av_icon='\ue8f3' data-av_iconfont='entypo-fontello' title='' data-avia-related-tooltip='Compartir en Facebook' rel=\"noopener\"><span class='avia_hidden_link_text'>Compartir en Facebook<\/span><\/a><\/li><li class='av-share-link av-social-link-twitter' ><a target=\"_blank\" aria-label=\"Compartir en Twitter\" href='https:\/\/twitter.com\/share?text=Delegado%20Regional%20inspeccion%C3%B3%20%C3%A1rea%20de%20reposici%C3%B3n%20de%20puentes%20Palena%20y%20Rosselot&#038;url=https:\/\/radiorevelacionfm.cl\/?p=51829' aria-hidden='false' data-av_icon='\ue8f1' data-av_iconfont='entypo-fontello' title='' data-avia-related-tooltip='Compartir en Twitter' rel=\"noopener\"><span class='avia_hidden_link_text'>Compartir en Twitter<\/span><\/a><\/li><li class='av-share-link av-social-link-whatsapp' ><a target=\"_blank\" aria-label=\"Compartir en Whatsapp\" href='https:\/\/api.whatsapp.com\/send?text=https:\/\/radiorevelacionfm.cl\/?p=51829' aria-hidden='false' data-av_icon='\uf232' data-av_iconfont='entypo-fontello' title='' data-avia-related-tooltip='Compartir en Whatsapp' rel=\"noopener\"><span class='avia_hidden_link_text'>Compartir en Whatsapp<\/span><\/a><\/li><li class='av-share-link av-social-link-linkedin' ><a target=\"_blank\" aria-label=\"Compartir en LinkedIn\" href='https:\/\/linkedin.com\/shareArticle?mini=true&#038;title=Delegado%20Regional%20inspeccion%C3%B3%20%C3%A1rea%20de%20reposici%C3%B3n%20de%20puentes%20Palena%20y%20Rosselot&#038;url=https:\/\/radiorevelacionfm.cl\/?p=51829' aria-hidden='false' data-av_icon='\ue8fc' data-av_iconfont='entypo-fontello' title='' data-avia-related-tooltip='Compartir en LinkedIn' rel=\"noopener\"><span class='avia_hidden_link_text'>Compartir en LinkedIn<\/span><\/a><\/li><li class='av-share-link av-social-link-mail' ><a  aria-label=\"Compartir por correo\" href='mailto:?subject=Delegado%20Regional%20inspeccion%C3%B3%20%C3%A1rea%20de%20reposici%C3%B3n%20de%20puentes%20Palena%20y%20Rosselot&#038;body=https:\/\/radiorevelacionfm.cl\/?p=51829' aria-hidden='false' data-av_icon='\ue805' data-av_iconfont='entypo-fontello' title='' data-avia-related-tooltip='Compartir por correo'><span class='avia_hidden_link_text'>Compartir por correo<\/span><\/a><\/li><\/ul><\/div><\/div>\n<div  style='height:50px' class='hr hr-invisible   avia-builder-el-8  el_after_av_social_share  el_before_av_comments_list '><span class='hr-inner ' ><span class='hr-inner-style'><\/span><\/span><\/div>\n<div  class='av-buildercomment  av-blog-meta-html-info-disabled av-blog-meta-tag-disabled  '><\/div>\n","protected":false},"excerpt":{"rendered":"","protected":false},"author":1,"featured_media":51830,"comment_status":"closed","ping_status":"closed","sticky":false,"template":"","format":"standard","meta":{"footnotes":""},"categories":[38],"tags":[],"class_list":["post-51829","post","type-post","status-publish","format-standard","has-post-thumbnail","hentry","category-regional"],"jetpack_featured_media_url":"https:\/\/radiorevelacionfm.cl\/wp-content\/uploads\/2025\/03\/img_9510-1_optimized.jpg","_links":{"self":[{"href":"https:\/\/radiorevelacionfm.cl\/index.php?rest_route=\/wp\/v2\/posts\/51829","targetHints":{"allow":["GET"]}}],"collection":[{"href":"https:\/\/radiorevelacionfm.cl\/index.php?rest_route=\/wp\/v2\/posts"}],"about":[{"href":"https:\/\/radiorevelacionfm.cl\/index.php?rest_route=\/wp\/v2\/types\/post"}],"author":[{"embeddable":true,"href":"https:\/\/radiorevelacionfm.cl\/index.php?rest_route=\/wp\/v2\/users\/1"}],"replies":[{"embeddable":true,"href":"https:\/\/radiorevelacionfm.cl\/index.php?rest_route=%2Fwp%2Fv2%2Fcomments&post=51829"}],"version-history":[{"count":2,"href":"https:\/\/radiorevelacionfm.cl\/index.php?rest_route=\/wp\/v2\/posts\/51829\/revisions"}],"predecessor-version":[{"id":51832,"href":"https:\/\/radiorevelacionfm.cl\/index.php?rest_route=\/wp\/v2\/posts\/51829\/revisions\/51832"}],"wp:featuredmedia":[{"embeddable":true,"href":"https:\/\/radiorevelacionfm.cl\/index.php?rest_route=\/wp\/v2\/media\/51830"}],"wp:attachment":[{"href":"https:\/\/radiorevelacionfm.cl\/index.php?rest_route=%2Fwp%2Fv2%2Fmedia&parent=51829"}],"wp:term":[{"taxonomy":"category","embeddable":true,"href":"https:\/\/radiorevelacionfm.cl\/index.php?rest_route=%2Fwp%2Fv2%2Fcategories&post=51829"},{"taxonomy":"post_tag","embeddable":true,"href":"https:\/\/radiorevelacionfm.cl\/index.php?rest_route=%2Fwp%2Fv2%2Ftags&post=51829"}],"curies":[{"name":"wp","href":"https:\/\/api.w.org\/{rel}","templated":true}]}}