{"id":51825,"date":"2025-03-29T22:38:24","date_gmt":"2025-03-30T01:38:24","guid":{"rendered":"https:\/\/radiorevelacionfm.cl\/?p=51825"},"modified":"2025-03-29T22:38:24","modified_gmt":"2025-03-30T01:38:24","slug":"mop-inicia-estudio-de-estado-de-embancamiento-del-rio-aysen","status":"publish","type":"post","link":"https:\/\/radiorevelacionfm.cl\/?p=51825","title":{"rendered":"MOP inicia estudio de estado de embancamiento del R\u00edo Ays\u00e9n"},"content":{"rendered":"<div class=\"flex_column av_one_full  flex_column_div av-zero-column-padding first  avia-builder-el-0  el_before_av_one_full  avia-builder-el-first  \" style='border-radius:0px; '><div  class='avia-image-container  av-styling-    avia-builder-el-1  avia-builder-el-no-sibling  avia-align-center '  itemprop=\"image\" itemscope=\"itemscope\" itemtype=\"https:\/\/schema.org\/ImageObject\"  ><div class='avia-image-container-inner'><div class='avia-image-overlay-wrap'><img decoding=\"async\" class='wp-image-51826 avia-img-lazy-loading-not-51826 avia_image' src=\"https:\/\/radiorevelacionfm.cl\/wp-content\/uploads\/2025\/03\/IMG_3846-1-1.jpg\" alt='' title='IMG_3846 (1) (1)' height=\"600\" width=\"900\"  itemprop=\"thumbnailUrl\" srcset=\"https:\/\/radiorevelacionfm.cl\/wp-content\/uploads\/2025\/03\/IMG_3846-1-1.jpg 900w, https:\/\/radiorevelacionfm.cl\/wp-content\/uploads\/2025\/03\/IMG_3846-1-1-300x200.jpg 300w, https:\/\/radiorevelacionfm.cl\/wp-content\/uploads\/2025\/03\/IMG_3846-1-1-768x512.jpg 768w, https:\/\/radiorevelacionfm.cl\/wp-content\/uploads\/2025\/03\/IMG_3846-1-1-705x470.jpg 705w, https:\/\/radiorevelacionfm.cl\/wp-content\/uploads\/2025\/03\/IMG_3846-1-1-450x300.jpg 450w, https:\/\/radiorevelacionfm.cl\/wp-content\/uploads\/2025\/03\/IMG_3846-1-1-600x400.jpg 600w\" sizes=\"(max-width: 900px) 100vw, 900px\" \/><\/div><\/div><\/div><\/div><div class=\"flex_column av_one_full  flex_column_div av-zero-column-padding first  avia-builder-el-2  el_after_av_one_full  el_before_av_one_full  column-top-margin\" style='border-radius:0px; '><section class=\"av_textblock_section \"  itemscope=\"itemscope\" itemtype=\"https:\/\/schema.org\/BlogPosting\" itemprop=\"blogPost\" ><div class='avia_textblock  '   itemprop=\"text\" ><p style=\"text-align: center;\"><strong><span style=\"font-size: 18pt;\">MOP inicia estudio de estado de embancamiento del R\u00edo Ays\u00e9n<\/span><\/strong><\/p>\n<div id=\"gtx-trans\" style=\"position: absolute; left: -50px; top: 4.31534px;\">\n<div class=\"gtx-trans-icon\"><\/div>\n<\/div>\n<\/div><\/section><\/div><\/p>\n<div class=\"flex_column av_one_full  flex_column_div av-zero-column-padding first  avia-builder-el-4  el_after_av_one_full  el_before_av_hr  column-top-margin\" style='border-radius:0px; '><section class=\"av_textblock_section \"  itemscope=\"itemscope\" itemtype=\"https:\/\/schema.org\/BlogPosting\" itemprop=\"blogPost\" ><div class='avia_textblock  '   itemprop=\"text\" ><p style=\"text-align: justify;\">La Secretaria Regional Ministerial de Obras P\u00fablicas, Paloma Jara Vald\u00e9s, inform\u00f3 que un equipo t\u00e9cnico de la Direcci\u00f3n Regional de Obras Portuarias del MOP fue a Puerto Ays\u00e9n a verificar e instalar en el R\u00edo Ays\u00e9n estaciones topogr\u00e1ficas que permitir\u00e1n obtener datos e informaci\u00f3n batim\u00e9trica respecto de la actual situaci\u00f3n y el estado de embancamiento que hoy presenta el R\u00edo Ays\u00e9n a trav\u00e9s de mediciones del fondo del rio en sector La Barra.<\/p>\n<p style=\"text-align: justify;\">Para la SEREMI del MOP Paloma Jara Vald\u00e9s estos trabajos que se est\u00e1n desarrollando en el R\u00edo Ays\u00e9n tienen como objetivo conocer qu\u00e9 tan embancado se encuentra el r\u00edo en este momento. \u201cEs importante que sepamos cu\u00e1l es la situaci\u00f3n actual, para que en el futuro podamos habilitar nuevas rutas de navegaci\u00f3n. Este es un compromiso que hizo nuestro Director General de Obras P\u00fablicas (DGOP), Boris Olgu\u00edn, cuando visit\u00f3 la regi\u00f3n y que estamos cumpliendo, dando as\u00ed paso a las primeras etapas que son conocer cu\u00e1l es la situaci\u00f3n de embancamiento para luego poder continuar con los estudios de Prefactibilidad y de ingenier\u00eda con el objetivo de habilitar v\u00edas de navegaci\u00f3n, regularizando algo que ha sido muy ansiado por las comunidades aleda\u00f1as al r\u00edo Ays\u00e9n y tambi\u00e9n para las personas que trabajan en turismo, en la salmonicultura y pesca artesanal, que es poder recuperar este r\u00edo como un r\u00edo navegable\u201d.<\/p>\n<p style=\"text-align: justify;\">Estos son los primeros trabajos comprometidos con las personas usuarias que navegan por el R\u00edo Ays\u00e9n, con el objetivo de obtener informaci\u00f3n base que permita al Ministerio de Obras P\u00fablicas visualizar los pr\u00f3ximos pasos a seguir para el desarrollo de nuevos estudios en el mediano plazo, que definan una soluci\u00f3n de ingenier\u00eda que habilite v\u00edas de navegaci\u00f3n en cumplimiento con la normativa ambiental y mar\u00edtima vigente en el pa\u00eds.<\/p>\n<p style=\"text-align: justify;\">En la d\u00e9cada de los a\u00f1os sesenta comenz\u00f3 el embancamiento del R\u00edo Ays\u00e9n,\u00a0producto\u00a0de los sedimentos arrastrados desde su cauce superior, impidiendo la llegada hasta el muelle de embarcaciones de mayor calado, que antes navegaban sin mayores problemas. Este embancamiento ha sido progresivo. Sin embargo, actualmente las principales actividades regionales como la industria salmonera, pesquera, ecoturismo y en menor medida la pesca deportiva y de conectividad de pasajeros, utilizan esta v\u00eda de navegaci\u00f3n como medio para desarrollar sus actividades.<\/p>\n<p style=\"text-align: justify;\">El alto nivel embancamiento de sedimentos, dificulta la navegaci\u00f3n de las embarcaciones, principalmente las relacionadas con la pesca artesanal, disminuyendo el accionar y el flujo de estas hacia donde desembarcan sus capturas y\/o quedan varadas en el lecho del r\u00edo. Sin embargo, el problema no solo es atingente al r\u00edo, sino tambi\u00e9n al track de salida por la barra que limita la navegaci\u00f3n.<\/p>\n<p style=\"text-align: justify;\">En este contexto, la Direcci\u00f3n Regional de Obras Portuarias del MOP ha realizado varios estudios tendientes a mejorar la navegaci\u00f3n del R\u00edo Ays\u00e9n y de un brazo de este denominado Estero de Aguas Muertas. Se han desarrollado estudios de Prefactibilidad en el a\u00f1o 2006 y 2008 y un estudio de Dise\u00f1o el a\u00f1o 2009 al 2012.<\/p>\n<p style=\"text-align: justify;\">Cabe se\u00f1alar que, la normativa ambiental ha sido actualizada en nuestro pa\u00eds, considerando el efecto que causa la ejecuci\u00f3n de las obras de dragado en los r\u00edos y desembocaduras. Se analiz\u00f3 territorialmente el sector del R\u00edo Ays\u00e9n y se pudo determinar que el \u00e1rea a intervenir corresponde al R\u00edo Ays\u00e9n y sus tributarios, los cuales forman parte del Inventario Nacional de Humedales, lo que debe ser considerado dentro de los pr\u00f3ximos estudios a realizar.<\/p>\n<\/div><\/section><\/div>\n<div  style='height:50px' class='hr hr-invisible   avia-builder-el-6  el_after_av_one_full  el_before_av_social_share '><span class='hr-inner ' ><span class='hr-inner-style'><\/span><\/span><\/div>\n<div  class='av-social-sharing-box  avia-builder-el-7  el_after_av_hr  el_before_av_hr  '><div class='av-share-box'><h5 class='av-share-link-description av-no-toc '>Compartir esta noticia<\/h5><ul class='av-share-box-list noLightbox'><li class='av-share-link av-social-link-facebook' ><a target=\"_blank\" aria-label=\"Compartir en Facebook\" href='https:\/\/www.facebook.com\/sharer.php?u=https:\/\/radiorevelacionfm.cl\/?p=51825&#038;t=MOP%20inicia%20estudio%20de%20estado%20de%20embancamiento%20del%20R%C3%ADo%20Ays%C3%A9n' aria-hidden='false' data-av_icon='\ue8f3' data-av_iconfont='entypo-fontello' title='' data-avia-related-tooltip='Compartir en Facebook' rel=\"noopener\"><span class='avia_hidden_link_text'>Compartir en Facebook<\/span><\/a><\/li><li class='av-share-link av-social-link-twitter' ><a target=\"_blank\" aria-label=\"Compartir en Twitter\" href='https:\/\/twitter.com\/share?text=MOP%20inicia%20estudio%20de%20estado%20de%20embancamiento%20del%20R%C3%ADo%20Ays%C3%A9n&#038;url=https:\/\/radiorevelacionfm.cl\/?p=51825' aria-hidden='false' data-av_icon='\ue8f1' data-av_iconfont='entypo-fontello' title='' data-avia-related-tooltip='Compartir en Twitter' rel=\"noopener\"><span class='avia_hidden_link_text'>Compartir en Twitter<\/span><\/a><\/li><li class='av-share-link av-social-link-whatsapp' ><a target=\"_blank\" aria-label=\"Compartir en Whatsapp\" href='https:\/\/api.whatsapp.com\/send?text=https:\/\/radiorevelacionfm.cl\/?p=51825' aria-hidden='false' data-av_icon='\uf232' data-av_iconfont='entypo-fontello' title='' data-avia-related-tooltip='Compartir en Whatsapp' rel=\"noopener\"><span class='avia_hidden_link_text'>Compartir en Whatsapp<\/span><\/a><\/li><li class='av-share-link av-social-link-linkedin' ><a target=\"_blank\" aria-label=\"Compartir en LinkedIn\" href='https:\/\/linkedin.com\/shareArticle?mini=true&#038;title=MOP%20inicia%20estudio%20de%20estado%20de%20embancamiento%20del%20R%C3%ADo%20Ays%C3%A9n&#038;url=https:\/\/radiorevelacionfm.cl\/?p=51825' aria-hidden='false' data-av_icon='\ue8fc' data-av_iconfont='entypo-fontello' title='' data-avia-related-tooltip='Compartir en LinkedIn' rel=\"noopener\"><span class='avia_hidden_link_text'>Compartir en LinkedIn<\/span><\/a><\/li><li class='av-share-link av-social-link-mail' ><a  aria-label=\"Compartir por correo\" href='mailto:?subject=MOP%20inicia%20estudio%20de%20estado%20de%20embancamiento%20del%20R%C3%ADo%20Ays%C3%A9n&#038;body=https:\/\/radiorevelacionfm.cl\/?p=51825' aria-hidden='false' data-av_icon='\ue805' data-av_iconfont='entypo-fontello' title='' data-avia-related-tooltip='Compartir por correo'><span class='avia_hidden_link_text'>Compartir por correo<\/span><\/a><\/li><\/ul><\/div><\/div>\n<div  style='height:50px' class='hr hr-invisible   avia-builder-el-8  el_after_av_social_share  el_before_av_comments_list '><span class='hr-inner ' ><span class='hr-inner-style'><\/span><\/span><\/div>\n<div  class='av-buildercomment  av-blog-meta-html-info-disabled av-blog-meta-tag-disabled  '><\/div>\n","protected":false},"excerpt":{"rendered":"","protected":false},"author":1,"featured_media":51826,"comment_status":"closed","ping_status":"closed","sticky":false,"template":"","format":"standard","meta":{"footnotes":""},"categories":[38],"tags":[],"class_list":["post-51825","post","type-post","status-publish","format-standard","has-post-thumbnail","hentry","category-regional"],"jetpack_featured_media_url":"https:\/\/radiorevelacionfm.cl\/wp-content\/uploads\/2025\/03\/IMG_3846-1-1.jpg","_links":{"self":[{"href":"https:\/\/radiorevelacionfm.cl\/index.php?rest_route=\/wp\/v2\/posts\/51825","targetHints":{"allow":["GET"]}}],"collection":[{"href":"https:\/\/radiorevelacionfm.cl\/index.php?rest_route=\/wp\/v2\/posts"}],"about":[{"href":"https:\/\/radiorevelacionfm.cl\/index.php?rest_route=\/wp\/v2\/types\/post"}],"author":[{"embeddable":true,"href":"https:\/\/radiorevelacionfm.cl\/index.php?rest_route=\/wp\/v2\/users\/1"}],"replies":[{"embeddable":true,"href":"https:\/\/radiorevelacionfm.cl\/index.php?rest_route=%2Fwp%2Fv2%2Fcomments&post=51825"}],"version-history":[{"count":2,"href":"https:\/\/radiorevelacionfm.cl\/index.php?rest_route=\/wp\/v2\/posts\/51825\/revisions"}],"predecessor-version":[{"id":51886,"href":"https:\/\/radiorevelacionfm.cl\/index.php?rest_route=\/wp\/v2\/posts\/51825\/revisions\/51886"}],"wp:featuredmedia":[{"embeddable":true,"href":"https:\/\/radiorevelacionfm.cl\/index.php?rest_route=\/wp\/v2\/media\/51826"}],"wp:attachment":[{"href":"https:\/\/radiorevelacionfm.cl\/index.php?rest_route=%2Fwp%2Fv2%2Fmedia&parent=51825"}],"wp:term":[{"taxonomy":"category","embeddable":true,"href":"https:\/\/radiorevelacionfm.cl\/index.php?rest_route=%2Fwp%2Fv2%2Fcategories&post=51825"},{"taxonomy":"post_tag","embeddable":true,"href":"https:\/\/radiorevelacionfm.cl\/index.php?rest_route=%2Fwp%2Fv2%2Ftags&post=51825"}],"curies":[{"name":"wp","href":"https:\/\/api.w.org\/{rel}","templated":true}]}}