{"id":51819,"date":"2025-03-28T18:17:05","date_gmt":"2025-03-28T21:17:05","guid":{"rendered":"https:\/\/radiorevelacionfm.cl\/?p=51819"},"modified":"2025-03-28T18:17:05","modified_gmt":"2025-03-28T21:17:05","slug":"corfo-aysen-despliega-su-trabajo-en-terreno-en-chile-chico-para-fortalecer-el-desarrollo-productivo-de-la-provincia-general-carrera","status":"publish","type":"post","link":"https:\/\/radiorevelacionfm.cl\/?p=51819","title":{"rendered":"Corfo Ays\u00e9n despliega su trabajo en terreno en Chile Chico para fortalecer el desarrollo productivo de la provincia General Carrera"},"content":{"rendered":"<div class=\"flex_column av_one_full  flex_column_div av-zero-column-padding first  avia-builder-el-0  el_before_av_one_full  avia-builder-el-first  \" style='border-radius:0px; '><div  class='avia-image-container  av-styling-    avia-builder-el-1  avia-builder-el-no-sibling  avia-align-center '  itemprop=\"image\" itemscope=\"itemscope\" itemtype=\"https:\/\/schema.org\/ImageObject\"  ><div class='avia-image-container-inner'><div class='avia-image-overlay-wrap'><img decoding=\"async\" class='wp-image-51820 avia-img-lazy-loading-not-51820 avia_image' src=\"https:\/\/radiorevelacionfm.cl\/wp-content\/uploads\/2025\/03\/09_uapa_chch-2_optimized.jpg\" alt='' title='09_uapa_chch-2_optimized' height=\"600\" width=\"1065\"  itemprop=\"thumbnailUrl\" srcset=\"https:\/\/radiorevelacionfm.cl\/wp-content\/uploads\/2025\/03\/09_uapa_chch-2_optimized.jpg 1065w, https:\/\/radiorevelacionfm.cl\/wp-content\/uploads\/2025\/03\/09_uapa_chch-2_optimized-300x169.jpg 300w, https:\/\/radiorevelacionfm.cl\/wp-content\/uploads\/2025\/03\/09_uapa_chch-2_optimized-1030x580.jpg 1030w, https:\/\/radiorevelacionfm.cl\/wp-content\/uploads\/2025\/03\/09_uapa_chch-2_optimized-768x433.jpg 768w, https:\/\/radiorevelacionfm.cl\/wp-content\/uploads\/2025\/03\/09_uapa_chch-2_optimized-705x397.jpg 705w, https:\/\/radiorevelacionfm.cl\/wp-content\/uploads\/2025\/03\/09_uapa_chch-2_optimized-450x254.jpg 450w, https:\/\/radiorevelacionfm.cl\/wp-content\/uploads\/2025\/03\/09_uapa_chch-2_optimized-600x338.jpg 600w\" sizes=\"(max-width: 1065px) 100vw, 1065px\" \/><\/div><\/div><\/div><\/div><div class=\"flex_column av_one_full  flex_column_div av-zero-column-padding first  avia-builder-el-2  el_after_av_one_full  el_before_av_one_full  column-top-margin\" style='border-radius:0px; '><section class=\"av_textblock_section \"  itemscope=\"itemscope\" itemtype=\"https:\/\/schema.org\/BlogPosting\" itemprop=\"blogPost\" ><div class='avia_textblock  '   itemprop=\"text\" ><p style=\"text-align: center;\"><span style=\"font-size: 18pt;\"><b>Corfo Ays\u00e9n despliega su trabajo en terreno en Chile Chico para fortalecer el desarrollo productivo de la provincia General Carrera<\/b><\/span><\/p>\n<div id=\"gtx-trans\" style=\"position: absolute; left: -50px; top: 4.31534px;\">\n<div class=\"gtx-trans-icon\"><\/div>\n<\/div>\n<\/div><\/section><\/div><div class=\"flex_column av_one_full  flex_column_div av-zero-column-padding first  avia-builder-el-4  el_after_av_one_full  el_before_av_hr  column-top-margin\" style='border-radius:0px; '><section class=\"av_textblock_section \"  itemscope=\"itemscope\" itemtype=\"https:\/\/schema.org\/BlogPosting\" itemprop=\"blogPost\" ><div class='avia_textblock  '   itemprop=\"text\" ><p style=\"text-align: justify;\">En una intensa agenda de tres d\u00edas, el equipo de Corfo Ays\u00e9n visit\u00f3 la comuna de Chile Chico con el objetivo de fortalecer el v\u00ednculo directo con emprendedores, autoridades locales y actores del ecosistema productivo de la provincia General Carrera. La gira, encabezada por el director Humberto Mar\u00edn, permiti\u00f3 conocer de primera fuente los avances de diversos proyectos cofinanciados por la corporaci\u00f3n y recoger las necesidades espec\u00edficas del territorio.<\/p>\n<p style=\"text-align: justify;\">\u201cQueremos que las herramientas de Corfo lleguen efectivamente a todos los rincones de la regi\u00f3n. Estar en terreno nos permite ajustar nuestra oferta program\u00e1tica, apoyar a quienes est\u00e1n innovando desde la Patagonia profunda y dar a conocer el nuevo modelo de gesti\u00f3n descentralizada que opera desde el Comit\u00e9 de Desarrollo Productivo\u201d, se\u00f1al\u00f3 el director Humberto Mar\u00edn durante la visita.<\/p>\n<p style=\"text-align: justify;\">Agreg\u00f3 que, con este despliegue territorial, Corfo Ays\u00e9n reafirma su compromiso con una pol\u00edtica p\u00fablica m\u00e1s cercana, \u00e1gil y conectada con los desaf\u00edos de las comunidades del sur austral. \u201cNuestro desaf\u00edo es seguir generando condiciones habilitantes para que el emprendimiento y la innovaci\u00f3n florezcan en todos los rincones de la regi\u00f3n\u201d, indic\u00f3.<\/p>\n<p style=\"text-align: justify;\"><strong>INNOVACI\u00d3N DESDE EL TERRITORIO<\/strong><\/p>\n<p style=\"text-align: justify;\">Entre los hitos m\u00e1s destacados, se encuentra la visita al proyecto \u201cDesarrollo de espumante de cerezas a partir de descarte de fruta de exportaci\u00f3n\u201d, que busca revalorizar la producci\u00f3n local con un enfoque en la econom\u00eda circular y una aplicaci\u00f3n web basada en inteligencia artificial generativa que personaliza experiencias tur\u00edsticas para visitantes de la regi\u00f3n.<\/p>\n<p style=\"text-align: justify;\">Otro de los emprendimientos visitados fue UAPA Natural, una empresa de alimentos saludables liderada por Cristian Sald\u00eda Trevi\u00f1o, que elabora jugos 100% naturales a partir de fruta local sin aditivos ni conservantes. Con el apoyo de Corfo, a trav\u00e9s del programa Innova Regi\u00f3n, est\u00e1 desarrollando el proyecto \u201cGreen Pack Patagonia\u201d, que desarrolla envases reciclables adaptados a zonas aisladas, ha sido clave para enfrentar uno de sus principales desaf\u00edos: el alto costo de los envases y su transporte hacia Chile Chico. \u201cCorfo nos est\u00e1 apoyando en mejorar una brecha que es el envase. Para nosotros, el costo del envase y del env\u00edo hasta Chile Chico es determinante en el valor final del producto. Lo que buscamos es generar un envase sostenible, producido localmente y de bajo costo, para que m\u00e1s personas puedan acceder a los jugos naturales que elaboramos\u201d, explic\u00f3 Cristian Sald\u00eda.<\/p>\n<p style=\"text-align: justify;\">Adem\u00e1s, se revisaron en terreno proyectos financiados a trav\u00e9s del instrumento DFL-15, como la adquisici\u00f3n de un cami\u00f3n para distribuci\u00f3n de agua purificada, la ampliaci\u00f3n de una cervecer\u00eda local y el fortalecimiento de un minimarket con nuevas tecnolog\u00edas. Estas iniciativas dan cuenta del impacto del programa, que en los \u00faltimos tres a\u00f1os ha financiado 74 proyectos en la provincia por un total de $430 millones de pesos, apalancando m\u00e1s de $2.150 millones en inversi\u00f3n privada.<\/p>\n<p style=\"text-align: justify;\">Otra de las actividades desarrolladas fue el cierre provincial del programa regional Acelera, ejecutado en las provincias de Ays\u00e9n, Capit\u00e1n Prat y General Carrera con el apoyo de FUDEA UFRO y Lorma Consultores. Al respecto, el director destac\u00f3 que esta iniciativa permiti\u00f3 a los emprendedores de estos territorios vivir un proceso de capacitaci\u00f3n metodol\u00f3gica para fortalecer sus negocios. V\u00edctor Quinteros, de Cerveza Rebeli\u00f3n de Chile Chico, valor\u00f3 el acompa\u00f1amiento t\u00e9cnico recibido: \u201cLa informaci\u00f3n fue s\u00faper interesante, entretenida y din\u00e1mica\u201d. A su juicio, estas instancias permiten confirmar que \u201cno est\u00e1s tan loco haciendo algo aislado en una parte tan alejada\u201d. Para \u00e9l, la clave est\u00e1 en \u201cel cooperativismo y la econom\u00eda del bien com\u00fan\u201d.<\/p>\n<p style=\"text-align: justify;\"><strong>IMPACTO PROVINCIAL<\/strong><\/p>\n<p style=\"text-align: justify;\">Entre los a\u00f1os 2023 y 2025, Corfo ha destinado m\u00e1s de $1.302 millones de pesos a la provincia General Carrera, a trav\u00e9s de programas orientados a fortalecer su desarrollo econ\u00f3mico y social. Esta inversi\u00f3n se ha materializado en iniciativas de bienes p\u00fablicos, proyectos para la reactivaci\u00f3n econ\u00f3mica, fomento a la inversi\u00f3n productiva y el impulso a la innovaci\u00f3n regional, contribuyendo a dinamizar sectores estrat\u00e9gicos como el turismo, la agroindustria, la econom\u00eda circular y los alimentos con valor agregado. Destacando proyectos como el dise\u00f1o del futuro Geoparque Chelenko y el programa \u201cTurismo Cero Impacto\u201d, que promueven una visi\u00f3n de desarrollo sostenible, con identidad territorial y respeto por el entorno.<\/p>\n<\/div><\/section><\/div><div  style='height:50px' class='hr hr-invisible   avia-builder-el-6  el_after_av_one_full  el_before_av_social_share '><span class='hr-inner ' ><span class='hr-inner-style'><\/span><\/span><\/div><\/p>\n<div  class='av-social-sharing-box  avia-builder-el-7  el_after_av_hr  el_before_av_hr  '><div class='av-share-box'><h5 class='av-share-link-description av-no-toc '>Compartir esta noticia<\/h5><ul class='av-share-box-list noLightbox'><li class='av-share-link av-social-link-facebook' ><a target=\"_blank\" aria-label=\"Compartir en Facebook\" href='https:\/\/www.facebook.com\/sharer.php?u=https:\/\/radiorevelacionfm.cl\/?p=51819&#038;t=Corfo%20Ays%C3%A9n%20despliega%20su%20trabajo%20en%20terreno%20en%20Chile%20Chico%20para%20fortalecer%20el%20desarrollo%20productivo%20de%20la%20provincia%20General%20Carrera' aria-hidden='false' data-av_icon='\ue8f3' data-av_iconfont='entypo-fontello' title='' data-avia-related-tooltip='Compartir en Facebook' rel=\"noopener\"><span class='avia_hidden_link_text'>Compartir en Facebook<\/span><\/a><\/li><li class='av-share-link av-social-link-twitter' ><a target=\"_blank\" aria-label=\"Compartir en Twitter\" href='https:\/\/twitter.com\/share?text=Corfo%20Ays%C3%A9n%20despliega%20su%20trabajo%20en%20terreno%20en%20Chile%20Chico%20para%20fortalecer%20el%20desarrollo%20productivo%20de%20la%20provincia%20General%20Carrera&#038;url=https:\/\/radiorevelacionfm.cl\/?p=51819' aria-hidden='false' data-av_icon='\ue8f1' data-av_iconfont='entypo-fontello' title='' data-avia-related-tooltip='Compartir en Twitter' rel=\"noopener\"><span class='avia_hidden_link_text'>Compartir en Twitter<\/span><\/a><\/li><li class='av-share-link av-social-link-whatsapp' ><a target=\"_blank\" aria-label=\"Compartir en Whatsapp\" href='https:\/\/api.whatsapp.com\/send?text=https:\/\/radiorevelacionfm.cl\/?p=51819' aria-hidden='false' data-av_icon='\uf232' data-av_iconfont='entypo-fontello' title='' data-avia-related-tooltip='Compartir en Whatsapp' rel=\"noopener\"><span class='avia_hidden_link_text'>Compartir en Whatsapp<\/span><\/a><\/li><li class='av-share-link av-social-link-linkedin' ><a target=\"_blank\" aria-label=\"Compartir en LinkedIn\" href='https:\/\/linkedin.com\/shareArticle?mini=true&#038;title=Corfo%20Ays%C3%A9n%20despliega%20su%20trabajo%20en%20terreno%20en%20Chile%20Chico%20para%20fortalecer%20el%20desarrollo%20productivo%20de%20la%20provincia%20General%20Carrera&#038;url=https:\/\/radiorevelacionfm.cl\/?p=51819' aria-hidden='false' data-av_icon='\ue8fc' data-av_iconfont='entypo-fontello' title='' data-avia-related-tooltip='Compartir en LinkedIn' rel=\"noopener\"><span class='avia_hidden_link_text'>Compartir en LinkedIn<\/span><\/a><\/li><li class='av-share-link av-social-link-mail' ><a  aria-label=\"Compartir por correo\" href='mailto:?subject=Corfo%20Ays%C3%A9n%20despliega%20su%20trabajo%20en%20terreno%20en%20Chile%20Chico%20para%20fortalecer%20el%20desarrollo%20productivo%20de%20la%20provincia%20General%20Carrera&#038;body=https:\/\/radiorevelacionfm.cl\/?p=51819' aria-hidden='false' data-av_icon='\ue805' data-av_iconfont='entypo-fontello' title='' data-avia-related-tooltip='Compartir por correo'><span class='avia_hidden_link_text'>Compartir por correo<\/span><\/a><\/li><\/ul><\/div><\/div>\n<div  style='height:50px' class='hr hr-invisible   avia-builder-el-8  el_after_av_social_share  el_before_av_comments_list '><span class='hr-inner ' ><span class='hr-inner-style'><\/span><\/span><\/div>\n<div  class='av-buildercomment  av-blog-meta-html-info-disabled av-blog-meta-tag-disabled  '><\/div>\n","protected":false},"excerpt":{"rendered":"","protected":false},"author":1,"featured_media":51820,"comment_status":"closed","ping_status":"closed","sticky":false,"template":"","format":"standard","meta":{"footnotes":""},"categories":[38],"tags":[],"class_list":["post-51819","post","type-post","status-publish","format-standard","has-post-thumbnail","hentry","category-regional"],"jetpack_featured_media_url":"https:\/\/radiorevelacionfm.cl\/wp-content\/uploads\/2025\/03\/09_uapa_chch-2_optimized.jpg","_links":{"self":[{"href":"https:\/\/radiorevelacionfm.cl\/index.php?rest_route=\/wp\/v2\/posts\/51819","targetHints":{"allow":["GET"]}}],"collection":[{"href":"https:\/\/radiorevelacionfm.cl\/index.php?rest_route=\/wp\/v2\/posts"}],"about":[{"href":"https:\/\/radiorevelacionfm.cl\/index.php?rest_route=\/wp\/v2\/types\/post"}],"author":[{"embeddable":true,"href":"https:\/\/radiorevelacionfm.cl\/index.php?rest_route=\/wp\/v2\/users\/1"}],"replies":[{"embeddable":true,"href":"https:\/\/radiorevelacionfm.cl\/index.php?rest_route=%2Fwp%2Fv2%2Fcomments&post=51819"}],"version-history":[{"count":2,"href":"https:\/\/radiorevelacionfm.cl\/index.php?rest_route=\/wp\/v2\/posts\/51819\/revisions"}],"predecessor-version":[{"id":51823,"href":"https:\/\/radiorevelacionfm.cl\/index.php?rest_route=\/wp\/v2\/posts\/51819\/revisions\/51823"}],"wp:featuredmedia":[{"embeddable":true,"href":"https:\/\/radiorevelacionfm.cl\/index.php?rest_route=\/wp\/v2\/media\/51820"}],"wp:attachment":[{"href":"https:\/\/radiorevelacionfm.cl\/index.php?rest_route=%2Fwp%2Fv2%2Fmedia&parent=51819"}],"wp:term":[{"taxonomy":"category","embeddable":true,"href":"https:\/\/radiorevelacionfm.cl\/index.php?rest_route=%2Fwp%2Fv2%2Fcategories&post=51819"},{"taxonomy":"post_tag","embeddable":true,"href":"https:\/\/radiorevelacionfm.cl\/index.php?rest_route=%2Fwp%2Fv2%2Ftags&post=51819"}],"curies":[{"name":"wp","href":"https:\/\/api.w.org\/{rel}","templated":true}]}}