{"id":51815,"date":"2025-03-28T17:56:14","date_gmt":"2025-03-28T20:56:14","guid":{"rendered":"https:\/\/radiorevelacionfm.cl\/?p=51815"},"modified":"2025-03-28T17:56:14","modified_gmt":"2025-03-28T20:56:14","slug":"estudiantes-ayseninos-plantan-arboles-nativos-en-reserva-nacional-rio-simpson","status":"publish","type":"post","link":"https:\/\/radiorevelacionfm.cl\/?p=51815","title":{"rendered":"Estudiantes ayseninos plantan \u00e1rboles nativos en Reserva Nacional R\u00edo Simpson"},"content":{"rendered":"<div class=\"flex_column av_one_full  flex_column_div av-zero-column-padding first  avia-builder-el-0  el_before_av_one_full  avia-builder-el-first  \" style='border-radius:0px; '><div  class='avia-image-container  av-styling-    avia-builder-el-1  avia-builder-el-no-sibling  avia-align-center '  itemprop=\"image\" itemscope=\"itemscope\" itemtype=\"https:\/\/schema.org\/ImageObject\"  ><div class='avia-image-container-inner'><div class='avia-image-overlay-wrap'><img decoding=\"async\" class='wp-image-51816 avia-img-lazy-loading-not-51816 avia_image' src=\"https:\/\/radiorevelacionfm.cl\/wp-content\/uploads\/2025\/03\/img_1294_optimized-2.jpg\" alt='' title='img_1294_optimized-2' height=\"600\" width=\"900\"  itemprop=\"thumbnailUrl\" srcset=\"https:\/\/radiorevelacionfm.cl\/wp-content\/uploads\/2025\/03\/img_1294_optimized-2.jpg 900w, https:\/\/radiorevelacionfm.cl\/wp-content\/uploads\/2025\/03\/img_1294_optimized-2-300x200.jpg 300w, https:\/\/radiorevelacionfm.cl\/wp-content\/uploads\/2025\/03\/img_1294_optimized-2-768x512.jpg 768w, https:\/\/radiorevelacionfm.cl\/wp-content\/uploads\/2025\/03\/img_1294_optimized-2-705x470.jpg 705w, https:\/\/radiorevelacionfm.cl\/wp-content\/uploads\/2025\/03\/img_1294_optimized-2-450x300.jpg 450w, https:\/\/radiorevelacionfm.cl\/wp-content\/uploads\/2025\/03\/img_1294_optimized-2-600x400.jpg 600w\" sizes=\"(max-width: 900px) 100vw, 900px\" \/><\/div><\/div><\/div><\/div><div class=\"flex_column av_one_full  flex_column_div av-zero-column-padding first  avia-builder-el-2  el_after_av_one_full  el_before_av_one_full  column-top-margin\" style='border-radius:0px; '><section class=\"av_textblock_section \"  itemscope=\"itemscope\" itemtype=\"https:\/\/schema.org\/BlogPosting\" itemprop=\"blogPost\" ><div class='avia_textblock  '   itemprop=\"text\" ><p style=\"text-align: center;\"><strong><span style=\"font-size: 18pt;\">Estudiantes ayseninos plantan \u00e1rboles nativos en Reserva Nacional R\u00edo Simpson<\/span><\/strong><\/p>\n<div id=\"gtx-trans\" style=\"position: absolute; left: -50px; top: 4.31534px;\">\n<div class=\"gtx-trans-icon\"><\/div>\n<\/div>\n<\/div><\/section><\/div><div class=\"flex_column av_one_full  flex_column_div av-zero-column-padding first  avia-builder-el-4  el_after_av_one_full  el_before_av_hr  column-top-margin\" style='border-radius:0px; '><section class=\"av_textblock_section \"  itemscope=\"itemscope\" itemtype=\"https:\/\/schema.org\/BlogPosting\" itemprop=\"blogPost\" ><div class='avia_textblock  '   itemprop=\"text\" ><p style=\"text-align: justify;\"><em>En una colaboraci\u00f3n entre la Municipalidad de Ays\u00e9n y la CONAF, 20 alumnos del colegio Sagrada Familia aprendieron y ayudaron a la mejor\u00eda de un sitio protegido ic\u00f3nico de la comuna de Ays\u00e9n.<\/em><\/p>\n<p style=\"text-align: justify;\">En el d\u00eda internacional de los bosques, j\u00f3venes del Colegio Sagrada Familia fueron invitados por la Oficina Local de la Ni\u00f1ez y la Direcci\u00f3n de Aseo Ornato y Medio Ambiente para participar de una jornada de reflexi\u00f3n y acci\u00f3n para el cuidado del ecosistema m\u00e1s presente en la regi\u00f3n.<\/p>\n<p style=\"text-align: justify;\">La actividad se realiz\u00f3 en Reserva Nacional R\u00edo Simpson, aproximadamente en el kil\u00f3metro 35 del camino que une Puerto Ays\u00e9n y Coyhaique, lugar que el equipo de DAOMA prepar\u00f3 previamente junto a la OLN para conducir a los estudiantes por un sendero y luego llevarlos a un sitio para plantar varios \u00e1rboles preparados para ser plantados en el terreno de CONAF.<\/p>\n<p style=\"text-align: justify;\">El director de la Direcci\u00f3n de Aseo Ornato y Medio Ambiente de la Municipalidad de Ays\u00e9n, Jorge Hurtado, coment\u00f3 que \u201cla idea de esta actividad es fomentar de cierto modo y crear conciencia del medio ambiente para todos en la comuna, nos encontramos desarrollando esta actividad con j\u00f3venes en el cual se est\u00e1 desarrollando la conservaci\u00f3n de los bosques\u201d.<\/p>\n<p style=\"text-align: justify;\">Previo a la plantaci\u00f3n, la OLN prepar\u00f3 una ruta con cuatro estaciones, donde apreciaron los \u00e1rboles y se recitaron varios mantras, para cargar de energ\u00eda positiva a los brotes nativos, al igual que a los estudiantes.<\/p>\n<p style=\"text-align: justify;\">Marcelo Osses, uno de los alumnos invitados, expres\u00f3 que \u201cme pareci\u00f3 muy entretenida esta intervenci\u00f3n, principalmente interesante la manera en la que nos ayudan a conectar con la naturaleza que nos rodeaba y c\u00f3mo transmitir nuestros sentimientos al \u00e1rbol que vamos a plantar, lo cual fue lo que m\u00e1s me gust\u00f3. Es muy significativo pensar que uno deja una parte de s\u00ed en este lugar, es una sensaci\u00f3n muy bonita\u201d.<\/p>\n<p style=\"text-align: justify;\">Para varios de los j\u00f3venes esta fue la primera vez que pudieron ellos mismos plantar un \u00e1rbol, por lo cual fue una experiencia nueva y que desean repetir, adem\u00e1s que fue una manera de aprender sobre la flora local y conocer m\u00e1s de la naturaleza inmersa en la comuna y la regi\u00f3n.<\/p>\n<p style=\"text-align: justify;\">El Seremi de Medio Ambiente de Ays\u00e9n, Yoal D\u00edaz, tambi\u00e9n estuvo presente en esta actividad y coment\u00f3 estar \u201ccontentos de que se realicen este tipo de eventos en conjunto con los establecimientos, con la CONAF, la Municipalidad de Ays\u00e9n; lo cual habla del trabajo colaborativo de esta participaci\u00f3n amplia respecto a la conmemoraci\u00f3n que estamos viviendo en el marco del Mes del Clima. Esto tambi\u00e9n ayuda a visibilizar y concientizar a la comunidad respecto al valor y la importancia del bosque nativo y estos ecosistemas tan fr\u00e1giles. Por lo tanto, estas acciones son las que invitan y convocan a que m\u00e1s ciudadanos y ciudadanas de Ays\u00e9n y de otras localidades de nuestra regi\u00f3n se hagan parte tambi\u00e9n de la acci\u00f3n ambiental y queremos que se repitan constantemente\u201d.<\/p>\n<\/div><\/section><\/div><div  style='height:50px' class='hr hr-invisible   avia-builder-el-6  el_after_av_one_full  el_before_av_social_share '><span class='hr-inner ' ><span class='hr-inner-style'><\/span><\/span><\/div><\/p>\n<div  class='av-social-sharing-box  avia-builder-el-7  el_after_av_hr  el_before_av_hr  '><div class='av-share-box'><h5 class='av-share-link-description av-no-toc '>Compartir esta noticia<\/h5><ul class='av-share-box-list noLightbox'><li class='av-share-link av-social-link-facebook' ><a target=\"_blank\" aria-label=\"Compartir en Facebook\" href='https:\/\/www.facebook.com\/sharer.php?u=https:\/\/radiorevelacionfm.cl\/?p=51815&#038;t=Estudiantes%20ayseninos%20plantan%20%C3%A1rboles%20nativos%20en%20Reserva%20Nacional%20R%C3%ADo%20Simpson' aria-hidden='false' data-av_icon='\ue8f3' data-av_iconfont='entypo-fontello' title='' data-avia-related-tooltip='Compartir en Facebook' rel=\"noopener\"><span class='avia_hidden_link_text'>Compartir en Facebook<\/span><\/a><\/li><li class='av-share-link av-social-link-twitter' ><a target=\"_blank\" aria-label=\"Compartir en Twitter\" href='https:\/\/twitter.com\/share?text=Estudiantes%20ayseninos%20plantan%20%C3%A1rboles%20nativos%20en%20Reserva%20Nacional%20R%C3%ADo%20Simpson&#038;url=https:\/\/radiorevelacionfm.cl\/?p=51815' aria-hidden='false' data-av_icon='\ue8f1' data-av_iconfont='entypo-fontello' title='' data-avia-related-tooltip='Compartir en Twitter' rel=\"noopener\"><span class='avia_hidden_link_text'>Compartir en Twitter<\/span><\/a><\/li><li class='av-share-link av-social-link-whatsapp' ><a target=\"_blank\" aria-label=\"Compartir en Whatsapp\" href='https:\/\/api.whatsapp.com\/send?text=https:\/\/radiorevelacionfm.cl\/?p=51815' aria-hidden='false' data-av_icon='\uf232' data-av_iconfont='entypo-fontello' title='' data-avia-related-tooltip='Compartir en Whatsapp' rel=\"noopener\"><span class='avia_hidden_link_text'>Compartir en Whatsapp<\/span><\/a><\/li><li class='av-share-link av-social-link-linkedin' ><a target=\"_blank\" aria-label=\"Compartir en LinkedIn\" href='https:\/\/linkedin.com\/shareArticle?mini=true&#038;title=Estudiantes%20ayseninos%20plantan%20%C3%A1rboles%20nativos%20en%20Reserva%20Nacional%20R%C3%ADo%20Simpson&#038;url=https:\/\/radiorevelacionfm.cl\/?p=51815' aria-hidden='false' data-av_icon='\ue8fc' data-av_iconfont='entypo-fontello' title='' data-avia-related-tooltip='Compartir en LinkedIn' rel=\"noopener\"><span class='avia_hidden_link_text'>Compartir en LinkedIn<\/span><\/a><\/li><li class='av-share-link av-social-link-mail' ><a  aria-label=\"Compartir por correo\" href='mailto:?subject=Estudiantes%20ayseninos%20plantan%20%C3%A1rboles%20nativos%20en%20Reserva%20Nacional%20R%C3%ADo%20Simpson&#038;body=https:\/\/radiorevelacionfm.cl\/?p=51815' aria-hidden='false' data-av_icon='\ue805' data-av_iconfont='entypo-fontello' title='' data-avia-related-tooltip='Compartir por correo'><span class='avia_hidden_link_text'>Compartir por correo<\/span><\/a><\/li><\/ul><\/div><\/div>\n<div  style='height:50px' class='hr hr-invisible   avia-builder-el-8  el_after_av_social_share  el_before_av_comments_list '><span class='hr-inner ' ><span class='hr-inner-style'><\/span><\/span><\/div>\n<div  class='av-buildercomment  av-blog-meta-html-info-disabled av-blog-meta-tag-disabled  '><\/div>\n","protected":false},"excerpt":{"rendered":"","protected":false},"author":1,"featured_media":51816,"comment_status":"closed","ping_status":"closed","sticky":false,"template":"","format":"standard","meta":{"footnotes":""},"categories":[38],"tags":[],"class_list":["post-51815","post","type-post","status-publish","format-standard","has-post-thumbnail","hentry","category-regional"],"jetpack_featured_media_url":"https:\/\/radiorevelacionfm.cl\/wp-content\/uploads\/2025\/03\/img_1294_optimized-2.jpg","_links":{"self":[{"href":"https:\/\/radiorevelacionfm.cl\/index.php?rest_route=\/wp\/v2\/posts\/51815","targetHints":{"allow":["GET"]}}],"collection":[{"href":"https:\/\/radiorevelacionfm.cl\/index.php?rest_route=\/wp\/v2\/posts"}],"about":[{"href":"https:\/\/radiorevelacionfm.cl\/index.php?rest_route=\/wp\/v2\/types\/post"}],"author":[{"embeddable":true,"href":"https:\/\/radiorevelacionfm.cl\/index.php?rest_route=\/wp\/v2\/users\/1"}],"replies":[{"embeddable":true,"href":"https:\/\/radiorevelacionfm.cl\/index.php?rest_route=%2Fwp%2Fv2%2Fcomments&post=51815"}],"version-history":[{"count":2,"href":"https:\/\/radiorevelacionfm.cl\/index.php?rest_route=\/wp\/v2\/posts\/51815\/revisions"}],"predecessor-version":[{"id":51818,"href":"https:\/\/radiorevelacionfm.cl\/index.php?rest_route=\/wp\/v2\/posts\/51815\/revisions\/51818"}],"wp:featuredmedia":[{"embeddable":true,"href":"https:\/\/radiorevelacionfm.cl\/index.php?rest_route=\/wp\/v2\/media\/51816"}],"wp:attachment":[{"href":"https:\/\/radiorevelacionfm.cl\/index.php?rest_route=%2Fwp%2Fv2%2Fmedia&parent=51815"}],"wp:term":[{"taxonomy":"category","embeddable":true,"href":"https:\/\/radiorevelacionfm.cl\/index.php?rest_route=%2Fwp%2Fv2%2Fcategories&post=51815"},{"taxonomy":"post_tag","embeddable":true,"href":"https:\/\/radiorevelacionfm.cl\/index.php?rest_route=%2Fwp%2Fv2%2Ftags&post=51815"}],"curies":[{"name":"wp","href":"https:\/\/api.w.org\/{rel}","templated":true}]}}