{"id":51805,"date":"2025-03-27T08:55:56","date_gmt":"2025-03-27T11:55:56","guid":{"rendered":"https:\/\/radiorevelacionfm.cl\/?p=51805"},"modified":"2025-03-27T08:55:56","modified_gmt":"2025-03-27T11:55:56","slug":"preuniversitario-del-campus-patagonia-uach-cuenta-con-vacantes-completas","status":"publish","type":"post","link":"https:\/\/radiorevelacionfm.cl\/?p=51805","title":{"rendered":"Preuniversitario del Campus Patagonia UACh cuenta con vacantes completas"},"content":{"rendered":"<div class=\"flex_column av_one_full  flex_column_div av-zero-column-padding first  avia-builder-el-0  el_before_av_one_full  avia-builder-el-first  \" style='border-radius:0px; '><div  class='avia-image-container  av-styling-    avia-builder-el-1  avia-builder-el-no-sibling  avia-align-center '  itemprop=\"image\" itemscope=\"itemscope\" itemtype=\"https:\/\/schema.org\/ImageObject\"  ><div class='avia-image-container-inner'><div class='avia-image-overlay-wrap'><img decoding=\"async\" class='wp-image-51806 avia-img-lazy-loading-not-51806 avia_image' src=\"https:\/\/radiorevelacionfm.cl\/wp-content\/uploads\/2025\/03\/preuniversitario2-2-2.jpeg\" alt='' title='preuniversitario2-2-2' height=\"600\" width=\"800\"  itemprop=\"thumbnailUrl\" srcset=\"https:\/\/radiorevelacionfm.cl\/wp-content\/uploads\/2025\/03\/preuniversitario2-2-2.jpeg 800w, https:\/\/radiorevelacionfm.cl\/wp-content\/uploads\/2025\/03\/preuniversitario2-2-2-300x225.jpeg 300w, https:\/\/radiorevelacionfm.cl\/wp-content\/uploads\/2025\/03\/preuniversitario2-2-2-768x576.jpeg 768w, https:\/\/radiorevelacionfm.cl\/wp-content\/uploads\/2025\/03\/preuniversitario2-2-2-705x529.jpeg 705w, https:\/\/radiorevelacionfm.cl\/wp-content\/uploads\/2025\/03\/preuniversitario2-2-2-450x338.jpeg 450w, https:\/\/radiorevelacionfm.cl\/wp-content\/uploads\/2025\/03\/preuniversitario2-2-2-600x450.jpeg 600w\" sizes=\"(max-width: 800px) 100vw, 800px\" \/><\/div><\/div><\/div><\/div><div class=\"flex_column av_one_full  flex_column_div av-zero-column-padding first  avia-builder-el-2  el_after_av_one_full  el_before_av_one_full  column-top-margin\" style='border-radius:0px; '><section class=\"av_textblock_section \"  itemscope=\"itemscope\" itemtype=\"https:\/\/schema.org\/BlogPosting\" itemprop=\"blogPost\" ><div class='avia_textblock  '   itemprop=\"text\" ><p style=\"text-align: center;\"><strong><span style=\"font-size: 18pt;\">Preuniversitario del Campus Patagonia UACh cuenta con vacantes completas<\/span><\/strong><\/p>\n<div id=\"gtx-trans\" style=\"position: absolute; left: -50px; top: 4.31534px;\">\n<div class=\"gtx-trans-icon\"><\/div>\n<\/div>\n<\/div><\/section><\/div><div class=\"flex_column av_one_full  flex_column_div av-zero-column-padding first  avia-builder-el-4  el_after_av_one_full  el_before_av_hr  column-top-margin\" style='border-radius:0px; '><section class=\"av_textblock_section \"  itemscope=\"itemscope\" itemtype=\"https:\/\/schema.org\/BlogPosting\" itemprop=\"blogPost\" ><div class='avia_textblock  '   itemprop=\"text\" ><p style=\"text-align: justify;\">Esta alternativa de preparaci\u00f3n presencial para la PAES, se ha convertido en una de las m\u00e1s requeridas por los y las estudiantes de la regi\u00f3n de Ays\u00e9n.<\/p>\n<p style=\"text-align: justify;\">En pleno desarrollo est\u00e1n las clases del preuniversitario intensivo ofrecido por el Campus Patagonia en Coyhaique, convirti\u00e9ndose en la alternativa preferida de los y las estudiantes de ense\u00f1anza media de la regi\u00f3n de Ays\u00e9n, interesados en rendir la PAES e ingresar a la educaci\u00f3n superior.<\/p>\n<p style=\"text-align: justify;\">Con una excelente planta acad\u00e9mica y comprometidos estudiantes, las clases se iniciaron el 10 de marzo con m\u00e1s de 50 matriculados en los planes de estudio humanista o cient\u00edfico, de acuerdo a los requerimientos de cada carrera de inter\u00e9s.<\/p>\n<p style=\"text-align: justify;\">El director del Campus Patagonia, Prof. Mario Brito, destac\u00f3 el trabajo efectuado por el equipo de la macrounidad para concretar esta iniciativa, \u201cestamos muy satisfechos con el trabajo acad\u00e9mico de nuestro preuniversitario. Nos conecta con una necesidad muy sentida de parte de las y los estudiantes de ense\u00f1anza media, a la fecha podemos exhibir, aparte de una muy buena matr\u00edcula, muy buenos resultados en las pruebas de acceso a la educaci\u00f3n superior, que es lo que espera cada estudiante al enfrentar este desaf\u00edo, estudiar una carrera que est\u00e9 dentro de sus expectativas\u201d.<\/p>\n<p style=\"text-align: justify;\">Este primer periodo de clases culminar\u00e1 en el mes de junio, previo a la PAES de invierno y se replicar\u00e1 a partir del mes de julio, para quienes se interesen en rendir esta prueba de acceso a la educaci\u00f3n superior en el mes de diciembre de este a\u00f1o.<\/p>\n<p style=\"text-align: justify;\">La opci\u00f3n de contar con un preuniversitario intensivo presencial en Coyhaique y con una amplia variedad de alternativas de planes para elegir, es coordinada por laUnidad de Educaci\u00f3n Continua del Campus Patagonia.<\/p>\n<\/div><\/section><\/div><div  style='height:50px' class='hr hr-invisible   avia-builder-el-6  el_after_av_one_full  el_before_av_social_share '><span class='hr-inner ' ><span class='hr-inner-style'><\/span><\/span><\/div><\/p>\n<div  class='av-social-sharing-box  avia-builder-el-7  el_after_av_hr  el_before_av_hr  '><div class='av-share-box'><h5 class='av-share-link-description av-no-toc '>Compartir esta noticia<\/h5><ul class='av-share-box-list noLightbox'><li class='av-share-link av-social-link-facebook' ><a target=\"_blank\" aria-label=\"Compartir en Facebook\" href='https:\/\/www.facebook.com\/sharer.php?u=https:\/\/radiorevelacionfm.cl\/?p=51805&#038;t=Preuniversitario%20del%20Campus%20Patagonia%20UACh%20cuenta%20con%20vacantes%20completas' aria-hidden='false' data-av_icon='\ue8f3' data-av_iconfont='entypo-fontello' title='' data-avia-related-tooltip='Compartir en Facebook' rel=\"noopener\"><span class='avia_hidden_link_text'>Compartir en Facebook<\/span><\/a><\/li><li class='av-share-link av-social-link-twitter' ><a target=\"_blank\" aria-label=\"Compartir en Twitter\" href='https:\/\/twitter.com\/share?text=Preuniversitario%20del%20Campus%20Patagonia%20UACh%20cuenta%20con%20vacantes%20completas&#038;url=https:\/\/radiorevelacionfm.cl\/?p=51805' aria-hidden='false' data-av_icon='\ue8f1' data-av_iconfont='entypo-fontello' title='' data-avia-related-tooltip='Compartir en Twitter' rel=\"noopener\"><span class='avia_hidden_link_text'>Compartir en Twitter<\/span><\/a><\/li><li class='av-share-link av-social-link-whatsapp' ><a target=\"_blank\" aria-label=\"Compartir en Whatsapp\" href='https:\/\/api.whatsapp.com\/send?text=https:\/\/radiorevelacionfm.cl\/?p=51805' aria-hidden='false' data-av_icon='\uf232' data-av_iconfont='entypo-fontello' title='' data-avia-related-tooltip='Compartir en Whatsapp' rel=\"noopener\"><span class='avia_hidden_link_text'>Compartir en Whatsapp<\/span><\/a><\/li><li class='av-share-link av-social-link-linkedin' ><a target=\"_blank\" aria-label=\"Compartir en LinkedIn\" href='https:\/\/linkedin.com\/shareArticle?mini=true&#038;title=Preuniversitario%20del%20Campus%20Patagonia%20UACh%20cuenta%20con%20vacantes%20completas&#038;url=https:\/\/radiorevelacionfm.cl\/?p=51805' aria-hidden='false' data-av_icon='\ue8fc' data-av_iconfont='entypo-fontello' title='' data-avia-related-tooltip='Compartir en LinkedIn' rel=\"noopener\"><span class='avia_hidden_link_text'>Compartir en LinkedIn<\/span><\/a><\/li><li class='av-share-link av-social-link-mail' ><a  aria-label=\"Compartir por correo\" href='mailto:?subject=Preuniversitario%20del%20Campus%20Patagonia%20UACh%20cuenta%20con%20vacantes%20completas&#038;body=https:\/\/radiorevelacionfm.cl\/?p=51805' aria-hidden='false' data-av_icon='\ue805' data-av_iconfont='entypo-fontello' title='' data-avia-related-tooltip='Compartir por correo'><span class='avia_hidden_link_text'>Compartir por correo<\/span><\/a><\/li><\/ul><\/div><\/div>\n<div  style='height:50px' class='hr hr-invisible   avia-builder-el-8  el_after_av_social_share  el_before_av_comments_list '><span class='hr-inner ' ><span class='hr-inner-style'><\/span><\/span><\/div>\n<div  class='av-buildercomment  av-blog-meta-html-info-disabled av-blog-meta-tag-disabled  '><\/div>\n","protected":false},"excerpt":{"rendered":"","protected":false},"author":1,"featured_media":51806,"comment_status":"open","ping_status":"open","sticky":false,"template":"","format":"standard","meta":{"footnotes":""},"categories":[49],"tags":[],"class_list":["post-51805","post","type-post","status-publish","format-standard","has-post-thumbnail","hentry","category-educacion"],"jetpack_featured_media_url":"https:\/\/radiorevelacionfm.cl\/wp-content\/uploads\/2025\/03\/preuniversitario2-2-2.jpeg","_links":{"self":[{"href":"https:\/\/radiorevelacionfm.cl\/index.php?rest_route=\/wp\/v2\/posts\/51805","targetHints":{"allow":["GET"]}}],"collection":[{"href":"https:\/\/radiorevelacionfm.cl\/index.php?rest_route=\/wp\/v2\/posts"}],"about":[{"href":"https:\/\/radiorevelacionfm.cl\/index.php?rest_route=\/wp\/v2\/types\/post"}],"author":[{"embeddable":true,"href":"https:\/\/radiorevelacionfm.cl\/index.php?rest_route=\/wp\/v2\/users\/1"}],"replies":[{"embeddable":true,"href":"https:\/\/radiorevelacionfm.cl\/index.php?rest_route=%2Fwp%2Fv2%2Fcomments&post=51805"}],"version-history":[{"count":1,"href":"https:\/\/radiorevelacionfm.cl\/index.php?rest_route=\/wp\/v2\/posts\/51805\/revisions"}],"predecessor-version":[{"id":51807,"href":"https:\/\/radiorevelacionfm.cl\/index.php?rest_route=\/wp\/v2\/posts\/51805\/revisions\/51807"}],"wp:featuredmedia":[{"embeddable":true,"href":"https:\/\/radiorevelacionfm.cl\/index.php?rest_route=\/wp\/v2\/media\/51806"}],"wp:attachment":[{"href":"https:\/\/radiorevelacionfm.cl\/index.php?rest_route=%2Fwp%2Fv2%2Fmedia&parent=51805"}],"wp:term":[{"taxonomy":"category","embeddable":true,"href":"https:\/\/radiorevelacionfm.cl\/index.php?rest_route=%2Fwp%2Fv2%2Fcategories&post=51805"},{"taxonomy":"post_tag","embeddable":true,"href":"https:\/\/radiorevelacionfm.cl\/index.php?rest_route=%2Fwp%2Fv2%2Ftags&post=51805"}],"curies":[{"name":"wp","href":"https:\/\/api.w.org\/{rel}","templated":true}]}}