{"id":51799,"date":"2025-03-28T17:26:24","date_gmt":"2025-03-28T20:26:24","guid":{"rendered":"https:\/\/radiorevelacionfm.cl\/?p=51799"},"modified":"2025-03-28T17:26:24","modified_gmt":"2025-03-28T20:26:24","slug":"pdi-y-fiscalia-desarrollan-jornada-de-capacitacion-sobre-entrevista-investigativa-videograbada","status":"publish","type":"post","link":"https:\/\/radiorevelacionfm.cl\/?p=51799","title":{"rendered":"PDI y Fiscal\u00eda desarrollan jornada de capacitaci\u00f3n sobre Entrevista Investigativa Videograbada"},"content":{"rendered":"<div class=\"flex_column av_one_full  flex_column_div av-zero-column-padding first  avia-builder-el-0  el_before_av_one_full  avia-builder-el-first  \" style='border-radius:0px; '><div  class='avia-image-container  av-styling-    avia-builder-el-1  avia-builder-el-no-sibling  avia-align-center '  itemprop=\"image\" itemscope=\"itemscope\" itemtype=\"https:\/\/schema.org\/ImageObject\"  ><div class='avia-image-container-inner'><div class='avia-image-overlay-wrap'><img decoding=\"async\" class='wp-image-51800 avia-img-lazy-loading-not-51800 avia_image' src=\"https:\/\/radiorevelacionfm.cl\/wp-content\/uploads\/2025\/03\/img_8805-copy-2_optimized.jpg\" alt='' title='img_8805-copy-2_optimized' height=\"600\" width=\"1067\"  itemprop=\"thumbnailUrl\" srcset=\"https:\/\/radiorevelacionfm.cl\/wp-content\/uploads\/2025\/03\/img_8805-copy-2_optimized.jpg 1067w, https:\/\/radiorevelacionfm.cl\/wp-content\/uploads\/2025\/03\/img_8805-copy-2_optimized-300x169.jpg 300w, https:\/\/radiorevelacionfm.cl\/wp-content\/uploads\/2025\/03\/img_8805-copy-2_optimized-1030x579.jpg 1030w, https:\/\/radiorevelacionfm.cl\/wp-content\/uploads\/2025\/03\/img_8805-copy-2_optimized-768x432.jpg 768w, https:\/\/radiorevelacionfm.cl\/wp-content\/uploads\/2025\/03\/img_8805-copy-2_optimized-705x396.jpg 705w, https:\/\/radiorevelacionfm.cl\/wp-content\/uploads\/2025\/03\/img_8805-copy-2_optimized-450x253.jpg 450w, https:\/\/radiorevelacionfm.cl\/wp-content\/uploads\/2025\/03\/img_8805-copy-2_optimized-600x337.jpg 600w\" sizes=\"(max-width: 1067px) 100vw, 1067px\" \/><\/div><\/div><\/div><\/div><div class=\"flex_column av_one_full  flex_column_div av-zero-column-padding first  avia-builder-el-2  el_after_av_one_full  el_before_av_one_full  column-top-margin\" style='border-radius:0px; '><section class=\"av_textblock_section \"  itemscope=\"itemscope\" itemtype=\"https:\/\/schema.org\/BlogPosting\" itemprop=\"blogPost\" ><div class='avia_textblock  '   itemprop=\"text\" ><p style=\"text-align: center;\"><strong><span style=\"font-size: 18pt;\">PDI y Fiscal\u00eda desarrollan jornada de capacitaci\u00f3n sobre Entrevista Investigativa Videograbada<\/span><\/strong><\/p>\n<div id=\"gtx-trans\" style=\"position: absolute; left: -50px; top: 4.31534px;\">\n<div class=\"gtx-trans-icon\"><\/div>\n<\/div>\n<\/div><\/section><\/div><div class=\"flex_column av_one_full  flex_column_div av-zero-column-padding first  avia-builder-el-4  el_after_av_one_full  el_before_av_hr  column-top-margin\" style='border-radius:0px; '><section class=\"av_textblock_section \"  itemscope=\"itemscope\" itemtype=\"https:\/\/schema.org\/BlogPosting\" itemprop=\"blogPost\" ><div class='avia_textblock  '   itemprop=\"text\" ><p style=\"text-align: justify;\">Durante la ma\u00f1ana de este martes 25 de marzo, m\u00e1s de 30 detectives y funcionarios de la Regi\u00f3n Policial de Ays\u00e9n participaron en la \u201cJornada Interinstitucional de la Ley N\u00b021.057 y otras medidas de resguardo a v\u00edctimas\u201d, iniciativa coordinada por la Plana Mayor Regional Coyhaique y la Unidad de Atenci\u00f3n de V\u00edctimas y Testigos (URAVIT) de la Fiscal\u00eda Regional de Ays\u00e9n.<\/p>\n<p style=\"text-align: justify;\">La actividad acad\u00e9mica, que cont\u00f3 con la participaci\u00f3n del jefe de la Regi\u00f3n Policial de Ays\u00e9n, prefecto inspector Javier Valenzuela Riquelme, tuvo como finalidad capacitar a los funcionarios policiales encargados de la atenci\u00f3n de p\u00fablico en las guardias de los complejos policiales de la Polic\u00eda de Investigaciones en la Regi\u00f3n de Ays\u00e9n en torno a la Ley N\u00b021.057 sobre Entrevista Investigativa Videograbada, primeros auxilios psicol\u00f3gicos en casos de denuncias y primera acogida a v\u00edctimas de delitos, entre otros aspectos.<\/p>\n<p style=\"text-align: justify;\">Fue as\u00ed que la jornada cont\u00f3 con la exposici\u00f3n de la inspectora Catalina Mendoza Soto, entrevistadora acreditada de la PDI, quien abord\u00f3 los cambios que este marco normativo gener\u00f3 dentro de la instituci\u00f3n para evitar la victimizaci\u00f3n de ni\u00f1os, ni\u00f1as y adolescentes y su experiencia como entrevistadora de la Ley N\u00b021.057. Del mismo modo, el fiscal jefe de la Fiscal\u00eda Local de Coyhaique, Luis Contreras Alfaro, expuso sobre la importancia de la entrevista investigativa videograbada como diligencia dentro de una investigaci\u00f3n penal y la importancia del relato de la v\u00edctima. Por su parte, Ra\u00fal Reyes Jim\u00e9nez, profesional de la URAVIT, present\u00f3 a los asistentes sobre la primera acogida o primeros auxilios psicol\u00f3gicos y el perfil del agresor sexual. Finalmente, Olivia Tapia Quezada, jefa de la URAVIT, se refiri\u00f3 a distintos aspectos del trabajo especializado de esta unidad en beneficio de las v\u00edctimas y testigos dentro del proceso de enjuiciamiento penal, desde que se inicia con una denuncia y termina con la sentencia condenatoria en un juicio oral.<\/p>\n<p style=\"text-align: justify;\">Sobre el desarrollo de la jornada, el jefe de la Plana Mayor y coordinador regional PDI de la Ley N\u00b021.057, comisario Erwin Cea Gonz\u00e1lez, se\u00f1al\u00f3 que \u201cen el esp\u00edritu de colaboraci\u00f3n y cooperaci\u00f3n que mantenemos constantemente con la Fiscal\u00eda Regional de Ays\u00e9n, esta jornada nos permiti\u00f3 ponernos al d\u00eda respecto la Ley N\u00b021.057, la actualizaci\u00f3n de las t\u00e9cnicas que se ocupan en la actualidad en estas entrevistas, pero principalmente poder potenciar y desarrollar una buena atenci\u00f3n de p\u00fablico, que es algo muy importante para nosotros. Es de suma importancia que tanto nuestros oficiales investigadores y nuestro personal que nos apoya en los servicios de guardia conozca respecto de la importancia de la primera acogida, como tambi\u00e9n la importancia que tiene para evitar la victimizaci\u00f3n secundaria\u201d.<\/p>\n<p style=\"text-align: justify;\">Esta jornada de capacitaci\u00f3n permiti\u00f3 \u201cponer al tanto a los funcionarios de aspectos fundamentales en el primer acercamiento que tenemos con las v\u00edctimas, principalmente, ni\u00f1os, ni\u00f1as y adolescentes que pueden haber sido v\u00edctimas de delitos sexuales y otros delitos graves\u201d, finaliz\u00f3 el comisario Cea.<\/p>\n<p style=\"text-align: justify;\">Por su parte, el fiscal Luis Contreras Alfaro valor\u00f3 el desarrollo de este tipo de iniciativas y coment\u00f3 que \u201cse llev\u00f3 a cabo una actividad que desde el punto de vista acad\u00e9mico y de interrelaci\u00f3n con las polic\u00edas, es muy significativa para el Ministerio P\u00fablico\u201d.<\/p>\n<p style=\"text-align: justify;\">Lo anterior, porque \u201cpermite exponer en un \u00e1mbito acad\u00e9mico, ciertos aspectos relacionados con temas que nos interesan. En este caso en particular, el tema convocado es la entrevista videograbada que, de acuerdo a la presentaci\u00f3n, permiti\u00f3 exponer ciertas visiones respecto de esta diligencia, pero, adem\u00e1s, c\u00f3mo obtener mejor provecho, desde el punto de vista investigativo, para lograr mejor nuestros objetivos\u201d.<\/p>\n<p style=\"text-align: justify;\">Finalmente, una vez terminadas las presentaciones el equipo de la Unidad de Atenci\u00f3n de V\u00edctimas y Testigos de la Fiscal\u00eda Regional de Ays\u00e9n visit\u00f3 la sala de Entrevista Investigativa Videograbada que ser\u00e1 pr\u00f3ximamente inaugurada en el Complejo Policial Coyhaique de la PDI para complementar y fortalecer el sistema judicial regional en beneficio de la protecci\u00f3n de los derechos y la dignidad de los ni\u00f1os, ni\u00f1as y adolescentes.<\/p>\n<\/div><\/section><\/div><div  style='height:50px' class='hr hr-invisible   avia-builder-el-6  el_after_av_one_full  el_before_av_social_share '><span class='hr-inner ' ><span class='hr-inner-style'><\/span><\/span><\/div><\/p>\n<div  class='av-social-sharing-box  avia-builder-el-7  el_after_av_hr  el_before_av_hr  '><div class='av-share-box'><h5 class='av-share-link-description av-no-toc '>Compartir esta noticia<\/h5><ul class='av-share-box-list noLightbox'><li class='av-share-link av-social-link-facebook' ><a target=\"_blank\" aria-label=\"Compartir en Facebook\" href='https:\/\/www.facebook.com\/sharer.php?u=https:\/\/radiorevelacionfm.cl\/?p=51799&#038;t=PDI%20y%20Fiscal%C3%ADa%20desarrollan%20jornada%20de%20capacitaci%C3%B3n%20sobre%20Entrevista%20Investigativa%20Videograbada' aria-hidden='false' data-av_icon='\ue8f3' data-av_iconfont='entypo-fontello' title='' data-avia-related-tooltip='Compartir en Facebook' rel=\"noopener\"><span class='avia_hidden_link_text'>Compartir en Facebook<\/span><\/a><\/li><li class='av-share-link av-social-link-twitter' ><a target=\"_blank\" aria-label=\"Compartir en Twitter\" href='https:\/\/twitter.com\/share?text=PDI%20y%20Fiscal%C3%ADa%20desarrollan%20jornada%20de%20capacitaci%C3%B3n%20sobre%20Entrevista%20Investigativa%20Videograbada&#038;url=https:\/\/radiorevelacionfm.cl\/?p=51799' aria-hidden='false' data-av_icon='\ue8f1' data-av_iconfont='entypo-fontello' title='' data-avia-related-tooltip='Compartir en Twitter' rel=\"noopener\"><span class='avia_hidden_link_text'>Compartir en Twitter<\/span><\/a><\/li><li class='av-share-link av-social-link-whatsapp' ><a target=\"_blank\" aria-label=\"Compartir en Whatsapp\" href='https:\/\/api.whatsapp.com\/send?text=https:\/\/radiorevelacionfm.cl\/?p=51799' aria-hidden='false' data-av_icon='\uf232' data-av_iconfont='entypo-fontello' title='' data-avia-related-tooltip='Compartir en Whatsapp' rel=\"noopener\"><span class='avia_hidden_link_text'>Compartir en Whatsapp<\/span><\/a><\/li><li class='av-share-link av-social-link-linkedin' ><a target=\"_blank\" aria-label=\"Compartir en LinkedIn\" href='https:\/\/linkedin.com\/shareArticle?mini=true&#038;title=PDI%20y%20Fiscal%C3%ADa%20desarrollan%20jornada%20de%20capacitaci%C3%B3n%20sobre%20Entrevista%20Investigativa%20Videograbada&#038;url=https:\/\/radiorevelacionfm.cl\/?p=51799' aria-hidden='false' data-av_icon='\ue8fc' data-av_iconfont='entypo-fontello' title='' data-avia-related-tooltip='Compartir en LinkedIn' rel=\"noopener\"><span class='avia_hidden_link_text'>Compartir en LinkedIn<\/span><\/a><\/li><li class='av-share-link av-social-link-mail' ><a  aria-label=\"Compartir por correo\" href='mailto:?subject=PDI%20y%20Fiscal%C3%ADa%20desarrollan%20jornada%20de%20capacitaci%C3%B3n%20sobre%20Entrevista%20Investigativa%20Videograbada&#038;body=https:\/\/radiorevelacionfm.cl\/?p=51799' aria-hidden='false' data-av_icon='\ue805' data-av_iconfont='entypo-fontello' title='' data-avia-related-tooltip='Compartir por correo'><span class='avia_hidden_link_text'>Compartir por correo<\/span><\/a><\/li><\/ul><\/div><\/div>\n<div  style='height:50px' class='hr hr-invisible   avia-builder-el-8  el_after_av_social_share  el_before_av_comments_list '><span class='hr-inner ' ><span class='hr-inner-style'><\/span><\/span><\/div>\n<div  class='av-buildercomment  av-blog-meta-html-info-disabled av-blog-meta-tag-disabled  '><\/div>\n","protected":false},"excerpt":{"rendered":"","protected":false},"author":1,"featured_media":51800,"comment_status":"open","ping_status":"open","sticky":false,"template":"","format":"standard","meta":{"footnotes":""},"categories":[55],"tags":[],"class_list":["post-51799","post","type-post","status-publish","format-standard","has-post-thumbnail","hentry","category-justicia"],"jetpack_featured_media_url":"https:\/\/radiorevelacionfm.cl\/wp-content\/uploads\/2025\/03\/img_8805-copy-2_optimized.jpg","_links":{"self":[{"href":"https:\/\/radiorevelacionfm.cl\/index.php?rest_route=\/wp\/v2\/posts\/51799","targetHints":{"allow":["GET"]}}],"collection":[{"href":"https:\/\/radiorevelacionfm.cl\/index.php?rest_route=\/wp\/v2\/posts"}],"about":[{"href":"https:\/\/radiorevelacionfm.cl\/index.php?rest_route=\/wp\/v2\/types\/post"}],"author":[{"embeddable":true,"href":"https:\/\/radiorevelacionfm.cl\/index.php?rest_route=\/wp\/v2\/users\/1"}],"replies":[{"embeddable":true,"href":"https:\/\/radiorevelacionfm.cl\/index.php?rest_route=%2Fwp%2Fv2%2Fcomments&post=51799"}],"version-history":[{"count":2,"href":"https:\/\/radiorevelacionfm.cl\/index.php?rest_route=\/wp\/v2\/posts\/51799\/revisions"}],"predecessor-version":[{"id":51814,"href":"https:\/\/radiorevelacionfm.cl\/index.php?rest_route=\/wp\/v2\/posts\/51799\/revisions\/51814"}],"wp:featuredmedia":[{"embeddable":true,"href":"https:\/\/radiorevelacionfm.cl\/index.php?rest_route=\/wp\/v2\/media\/51800"}],"wp:attachment":[{"href":"https:\/\/radiorevelacionfm.cl\/index.php?rest_route=%2Fwp%2Fv2%2Fmedia&parent=51799"}],"wp:term":[{"taxonomy":"category","embeddable":true,"href":"https:\/\/radiorevelacionfm.cl\/index.php?rest_route=%2Fwp%2Fv2%2Fcategories&post=51799"},{"taxonomy":"post_tag","embeddable":true,"href":"https:\/\/radiorevelacionfm.cl\/index.php?rest_route=%2Fwp%2Fv2%2Ftags&post=51799"}],"curies":[{"name":"wp","href":"https:\/\/api.w.org\/{rel}","templated":true}]}}