{"id":51793,"date":"2025-03-26T22:52:53","date_gmt":"2025-03-27T01:52:53","guid":{"rendered":"https:\/\/radiorevelacionfm.cl\/?p=51793"},"modified":"2025-03-26T22:52:53","modified_gmt":"2025-03-27T01:52:53","slug":"agrecach-y-gobierno-regional-avanzan-en-soluciones-para-el-transporte-de-carga-en-aysen","status":"publish","type":"post","link":"https:\/\/radiorevelacionfm.cl\/?p=51793","title":{"rendered":"AGRECACh y Gobierno Regional avanzan en soluciones para el transporte de carga en Ays\u00e9n"},"content":{"rendered":"<div class=\"flex_column av_one_full  flex_column_div av-zero-column-padding first  avia-builder-el-0  el_before_av_one_full  avia-builder-el-first  \" style='border-radius:0px; '><div  class='avia-image-container  av-styling-    avia-builder-el-1  avia-builder-el-no-sibling  avia-align-center '  itemprop=\"image\" itemscope=\"itemscope\" itemtype=\"https:\/\/schema.org\/ImageObject\"  ><div class='avia-image-container-inner'><div class='avia-image-overlay-wrap'><img decoding=\"async\" class='wp-image-51794 avia-img-lazy-loading-not-51794 avia_image' src=\"https:\/\/radiorevelacionfm.cl\/wp-content\/uploads\/2025\/03\/01-2-2_optimized.jpeg\" alt='' title='01-2-2_optimized' height=\"600\" width=\"842\"  itemprop=\"thumbnailUrl\" srcset=\"https:\/\/radiorevelacionfm.cl\/wp-content\/uploads\/2025\/03\/01-2-2_optimized.jpeg 842w, https:\/\/radiorevelacionfm.cl\/wp-content\/uploads\/2025\/03\/01-2-2_optimized-300x214.jpeg 300w, https:\/\/radiorevelacionfm.cl\/wp-content\/uploads\/2025\/03\/01-2-2_optimized-768x547.jpeg 768w, https:\/\/radiorevelacionfm.cl\/wp-content\/uploads\/2025\/03\/01-2-2_optimized-260x185.jpeg 260w, https:\/\/radiorevelacionfm.cl\/wp-content\/uploads\/2025\/03\/01-2-2_optimized-705x502.jpeg 705w, https:\/\/radiorevelacionfm.cl\/wp-content\/uploads\/2025\/03\/01-2-2_optimized-450x321.jpeg 450w, https:\/\/radiorevelacionfm.cl\/wp-content\/uploads\/2025\/03\/01-2-2_optimized-600x428.jpeg 600w\" sizes=\"(max-width: 842px) 100vw, 842px\" \/><\/div><\/div><\/div><\/div><div class=\"flex_column av_one_full  flex_column_div av-zero-column-padding first  avia-builder-el-2  el_after_av_one_full  el_before_av_one_full  column-top-margin\" style='border-radius:0px; '><section class=\"av_textblock_section \"  itemscope=\"itemscope\" itemtype=\"https:\/\/schema.org\/BlogPosting\" itemprop=\"blogPost\" ><div class='avia_textblock  '   itemprop=\"text\" ><p style=\"text-align: center;\"><strong><span style=\"font-size: 18pt;\">AGRECACh y Gobierno Regional avanzan en soluciones para el transporte de carga en Ays\u00e9n<\/span><\/strong><\/p>\n<div id=\"gtx-trans\" style=\"position: absolute; left: -50px; top: 4.31534px;\">\n<div class=\"gtx-trans-icon\"><\/div>\n<\/div>\n<\/div><\/section><\/div><div class=\"flex_column av_one_full  flex_column_div av-zero-column-padding first  avia-builder-el-4  el_after_av_one_full  el_before_av_hr  column-top-margin\" style='border-radius:0px; '><section class=\"av_textblock_section \"  itemscope=\"itemscope\" itemtype=\"https:\/\/schema.org\/BlogPosting\" itemprop=\"blogPost\" ><div class='avia_textblock  '   itemprop=\"text\" ><p style=\"text-align: justify;\">En una reuni\u00f3n clave sostenida ayer en el Gobierno Regional de Ays\u00e9n, el Gobernador Marcelo Santana y su equipo de asesores se reunieron con representantes de la Asociaci\u00f3n Gremial de Transporte de Carga de Ays\u00e9n y Chacabuco (AGRECACh) para dar seguimiento a los compromisos establecidos en el primer encuentro de enero. El objetivo principal fue evaluar los avances en conectividad, ordenamiento vial y apoyo al sector transportista, reafirmando el trabajo conjunto entre la administraci\u00f3n regional y el gremio.<\/p>\n<p style=\"text-align: justify;\">Durante la reuni\u00f3n, se abordaron temas estrat\u00e9gicos para el desarrollo del transporte de carga en la regi\u00f3n, destacando:<\/p>\n<p style=\"text-align: justify;\">Ordenamiento del flujo de carga pesada en la comuna de Ays\u00e9n, con propuestas de soluciones en conjunto con el municipio y la comunidad, mejoras en conectividad y subsidios de transporte, esenciales para optimizar el abastecimiento y reducir costos log\u00edsticos, habilitaci\u00f3n de un \u00e1rea de estacionamiento para camiones, un proyecto clave para mejorar las condiciones de trabajo del gremio y por \u00faltimo, la participaci\u00f3n de AGRECACh en la reuni\u00f3n de gobernadores en Chait\u00e9n, donde se abordar\u00e1n temas como la conectividad Chile por Chile, la Carretera Austral y las rutas bimodales.<\/p>\n<p style=\"text-align: justify;\">El Gobernador Marcelo Santana valor\u00f3 el trabajo conjunto con AGRECACh y destac\u00f3 el impacto positivo de estas iniciativas: \u201cestamos trabajando desde hace un tiempo con AGRECACh en poder ordenar el flujo de carga pesada hacia la comuna de Ays\u00e9n, particularmente hacia puerto Ays\u00e9n y Puerto Chacabuco, estamos buscando la forma de apoyar al municipio con todo lo que es el tr\u00e1nsito de carga pesada en la zona urbana, as\u00ed que esperamos plantearles soluciones en conjunto con el gremio a la municipalidad de Ays\u00e9n, a los vecinos finalmente para evitar los malos ratos, y bridar servicios a quienes trabajan en este rubro tan importante para la econom\u00eda de nuestra regi\u00f3n, y adem\u00e1s aprovechamos la reuni\u00f3n para hablar sobre nuestro encuentro de gobernadores que tendremos esta semana en Chait\u00e9n para ver todo lo que tiene que ver con la conectividad Chile por Chile, carretera Austral, Subsidios de transporte, Ferries, uso de las rutas bimodales donde tambi\u00e9n AGRECACh nos va a acompa\u00f1ar en esa importante reuni\u00f3n que se desarrollar\u00e1 en la d\u00e9cima regi\u00f3n.\u201d<\/p>\n<p style=\"text-align: justify;\">Por su parte, el presidente de AGRECACh, Conrado Redlich, expres\u00f3 su satisfacci\u00f3n por los avances logrados: \u201cestamos muy contentos como gremio por la recepci\u00f3n y el apoyo del Gobernador regional y su equipo, hemos ido acortando los plazos, sabemos que este tipo de proyectos no se pueden realizar de un dia para otro, pero avanzamos en esta jornada y esperamos en la siguiente reuni\u00f3n en 20 dias m\u00e1s podamos definir los plazos de trabajo, y por ello estamos muy satisfechos como AGRECACh por lo que se est\u00e1 haciendo, queremos lograr algo para nuestra comuna y tambi\u00e9n para la regi\u00f3n, este proyecto representa un Hito, el poder tener un lugar donde aparcar los camiones de carga, para nuestros colegas que andan en ruta y vienen a trabajar en el abastecimiento de nuestra regi\u00f3n\u201d.<\/p>\n<p style=\"text-align: justify;\">La reuni\u00f3n reafirm\u00f3 el compromiso del Gobierno Regional y AGRECACh de seguir avanzando en soluciones concretas para fortalecer el transporte de carga en Ays\u00e9n, consolidando una alianza clave para el desarrollo log\u00edstico y econ\u00f3mico de la regi\u00f3n.<\/p>\n<\/div><\/section><\/div><div  style='height:50px' class='hr hr-invisible   avia-builder-el-6  el_after_av_one_full  el_before_av_social_share '><span class='hr-inner ' ><span class='hr-inner-style'><\/span><\/span><\/div><\/p>\n<div  class='av-social-sharing-box  avia-builder-el-7  el_after_av_hr  el_before_av_hr  '><div class='av-share-box'><h5 class='av-share-link-description av-no-toc '>Compartir esta noticia<\/h5><ul class='av-share-box-list noLightbox'><li class='av-share-link av-social-link-facebook' ><a target=\"_blank\" aria-label=\"Compartir en Facebook\" href='https:\/\/www.facebook.com\/sharer.php?u=https:\/\/radiorevelacionfm.cl\/?p=51793&#038;t=AGRECACh%20y%20Gobierno%20Regional%20avanzan%20en%20soluciones%20para%20el%20transporte%20de%20carga%20en%20Ays%C3%A9n' aria-hidden='false' data-av_icon='\ue8f3' data-av_iconfont='entypo-fontello' title='' data-avia-related-tooltip='Compartir en Facebook' rel=\"noopener\"><span class='avia_hidden_link_text'>Compartir en Facebook<\/span><\/a><\/li><li class='av-share-link av-social-link-twitter' ><a target=\"_blank\" aria-label=\"Compartir en Twitter\" href='https:\/\/twitter.com\/share?text=AGRECACh%20y%20Gobierno%20Regional%20avanzan%20en%20soluciones%20para%20el%20transporte%20de%20carga%20en%20Ays%C3%A9n&#038;url=https:\/\/radiorevelacionfm.cl\/?p=51793' aria-hidden='false' data-av_icon='\ue8f1' data-av_iconfont='entypo-fontello' title='' data-avia-related-tooltip='Compartir en Twitter' rel=\"noopener\"><span class='avia_hidden_link_text'>Compartir en Twitter<\/span><\/a><\/li><li class='av-share-link av-social-link-whatsapp' ><a target=\"_blank\" aria-label=\"Compartir en Whatsapp\" href='https:\/\/api.whatsapp.com\/send?text=https:\/\/radiorevelacionfm.cl\/?p=51793' aria-hidden='false' data-av_icon='\uf232' data-av_iconfont='entypo-fontello' title='' data-avia-related-tooltip='Compartir en Whatsapp' rel=\"noopener\"><span class='avia_hidden_link_text'>Compartir en Whatsapp<\/span><\/a><\/li><li class='av-share-link av-social-link-linkedin' ><a target=\"_blank\" aria-label=\"Compartir en LinkedIn\" href='https:\/\/linkedin.com\/shareArticle?mini=true&#038;title=AGRECACh%20y%20Gobierno%20Regional%20avanzan%20en%20soluciones%20para%20el%20transporte%20de%20carga%20en%20Ays%C3%A9n&#038;url=https:\/\/radiorevelacionfm.cl\/?p=51793' aria-hidden='false' data-av_icon='\ue8fc' data-av_iconfont='entypo-fontello' title='' data-avia-related-tooltip='Compartir en LinkedIn' rel=\"noopener\"><span class='avia_hidden_link_text'>Compartir en LinkedIn<\/span><\/a><\/li><li class='av-share-link av-social-link-mail' ><a  aria-label=\"Compartir por correo\" href='mailto:?subject=AGRECACh%20y%20Gobierno%20Regional%20avanzan%20en%20soluciones%20para%20el%20transporte%20de%20carga%20en%20Ays%C3%A9n&#038;body=https:\/\/radiorevelacionfm.cl\/?p=51793' aria-hidden='false' data-av_icon='\ue805' data-av_iconfont='entypo-fontello' title='' data-avia-related-tooltip='Compartir por correo'><span class='avia_hidden_link_text'>Compartir por correo<\/span><\/a><\/li><\/ul><\/div><\/div>\n<div  style='height:50px' class='hr hr-invisible   avia-builder-el-8  el_after_av_social_share  el_before_av_comments_list '><span class='hr-inner ' ><span class='hr-inner-style'><\/span><\/span><\/div>\n<div  class='av-buildercomment  av-blog-meta-html-info-disabled av-blog-meta-tag-disabled  '><\/div>\n","protected":false},"excerpt":{"rendered":"","protected":false},"author":1,"featured_media":51794,"comment_status":"open","ping_status":"open","sticky":false,"template":"","format":"standard","meta":{"footnotes":""},"categories":[38],"tags":[],"class_list":["post-51793","post","type-post","status-publish","format-standard","has-post-thumbnail","hentry","category-regional"],"jetpack_featured_media_url":"https:\/\/radiorevelacionfm.cl\/wp-content\/uploads\/2025\/03\/01-2-2_optimized.jpeg","_links":{"self":[{"href":"https:\/\/radiorevelacionfm.cl\/index.php?rest_route=\/wp\/v2\/posts\/51793","targetHints":{"allow":["GET"]}}],"collection":[{"href":"https:\/\/radiorevelacionfm.cl\/index.php?rest_route=\/wp\/v2\/posts"}],"about":[{"href":"https:\/\/radiorevelacionfm.cl\/index.php?rest_route=\/wp\/v2\/types\/post"}],"author":[{"embeddable":true,"href":"https:\/\/radiorevelacionfm.cl\/index.php?rest_route=\/wp\/v2\/users\/1"}],"replies":[{"embeddable":true,"href":"https:\/\/radiorevelacionfm.cl\/index.php?rest_route=%2Fwp%2Fv2%2Fcomments&post=51793"}],"version-history":[{"count":1,"href":"https:\/\/radiorevelacionfm.cl\/index.php?rest_route=\/wp\/v2\/posts\/51793\/revisions"}],"predecessor-version":[{"id":51795,"href":"https:\/\/radiorevelacionfm.cl\/index.php?rest_route=\/wp\/v2\/posts\/51793\/revisions\/51795"}],"wp:featuredmedia":[{"embeddable":true,"href":"https:\/\/radiorevelacionfm.cl\/index.php?rest_route=\/wp\/v2\/media\/51794"}],"wp:attachment":[{"href":"https:\/\/radiorevelacionfm.cl\/index.php?rest_route=%2Fwp%2Fv2%2Fmedia&parent=51793"}],"wp:term":[{"taxonomy":"category","embeddable":true,"href":"https:\/\/radiorevelacionfm.cl\/index.php?rest_route=%2Fwp%2Fv2%2Fcategories&post=51793"},{"taxonomy":"post_tag","embeddable":true,"href":"https:\/\/radiorevelacionfm.cl\/index.php?rest_route=%2Fwp%2Fv2%2Ftags&post=51793"}],"curies":[{"name":"wp","href":"https:\/\/api.w.org\/{rel}","templated":true}]}}