{"id":51790,"date":"2025-03-26T20:30:21","date_gmt":"2025-03-26T23:30:21","guid":{"rendered":"https:\/\/radiorevelacionfm.cl\/?p=51790"},"modified":"2025-03-26T20:30:21","modified_gmt":"2025-03-26T23:30:21","slug":"aysen-lanza-proyecto-gastronomico-sostenible-para-impulsar-el-turismo-y-la-identidad-local","status":"publish","type":"post","link":"https:\/\/radiorevelacionfm.cl\/?p=51790","title":{"rendered":"Ays\u00e9n lanza proyecto gastron\u00f3mico sostenible para impulsar el turismo y la identidad local"},"content":{"rendered":"<div class=\"flex_column av_one_full  flex_column_div av-zero-column-padding first  avia-builder-el-0  el_before_av_one_full  avia-builder-el-first  \" style='border-radius:0px; '><div  class='avia-image-container  av-styling-    avia-builder-el-1  avia-builder-el-no-sibling  avia-align-center '  itemprop=\"image\" itemscope=\"itemscope\" itemtype=\"https:\/\/schema.org\/ImageObject\"  ><div class='avia-image-container-inner'><div class='avia-image-overlay-wrap'><img decoding=\"async\" class='wp-image-51791 avia-img-lazy-loading-not-51791 avia_image' src=\"https:\/\/radiorevelacionfm.cl\/wp-content\/uploads\/2025\/03\/03_Ceremonia-Aventura-del-Salmon-2-2-2.jpg\" alt='' title='03_Ceremonia Aventura del Salmon 2-2-2' height=\"600\" width=\"833\"  itemprop=\"thumbnailUrl\" srcset=\"https:\/\/radiorevelacionfm.cl\/wp-content\/uploads\/2025\/03\/03_Ceremonia-Aventura-del-Salmon-2-2-2.jpg 833w, https:\/\/radiorevelacionfm.cl\/wp-content\/uploads\/2025\/03\/03_Ceremonia-Aventura-del-Salmon-2-2-2-300x216.jpg 300w, https:\/\/radiorevelacionfm.cl\/wp-content\/uploads\/2025\/03\/03_Ceremonia-Aventura-del-Salmon-2-2-2-768x553.jpg 768w, https:\/\/radiorevelacionfm.cl\/wp-content\/uploads\/2025\/03\/03_Ceremonia-Aventura-del-Salmon-2-2-2-705x508.jpg 705w, https:\/\/radiorevelacionfm.cl\/wp-content\/uploads\/2025\/03\/03_Ceremonia-Aventura-del-Salmon-2-2-2-450x324.jpg 450w, https:\/\/radiorevelacionfm.cl\/wp-content\/uploads\/2025\/03\/03_Ceremonia-Aventura-del-Salmon-2-2-2-600x432.jpg 600w\" sizes=\"(max-width: 833px) 100vw, 833px\" \/><\/div><\/div><\/div><\/div><div class=\"flex_column av_one_full  flex_column_div av-zero-column-padding first  avia-builder-el-2  el_after_av_one_full  el_before_av_one_full  column-top-margin\" style='border-radius:0px; '><section class=\"av_textblock_section \"  itemscope=\"itemscope\" itemtype=\"https:\/\/schema.org\/BlogPosting\" itemprop=\"blogPost\" ><div class='avia_textblock  '   itemprop=\"text\" ><p style=\"text-align: center;\"><span style=\"font-size: 18pt;\"><b>Ays\u00e9n lanza proyecto gastron\u00f3mico sostenible para impulsar el turismo y la identidad local<\/b><\/span><\/p>\n<div id=\"gtx-trans\" style=\"position: absolute; left: -50px; top: 4.31534px;\">\n<div class=\"gtx-trans-icon\"><\/div>\n<\/div>\n<\/div><\/section><\/div><div class=\"flex_column av_one_full  flex_column_div av-zero-column-padding first  avia-builder-el-4  el_after_av_one_full  el_before_av_hr  column-top-margin\" style='border-radius:0px; '><section class=\"av_textblock_section \"  itemscope=\"itemscope\" itemtype=\"https:\/\/schema.org\/BlogPosting\" itemprop=\"blogPost\" ><div class='avia_textblock  '   itemprop=\"text\" ><div>\n<p style=\"text-align: justify;\"><em>Con apoyo del Comit\u00e9 de Desarrollo Productivo de Corfo Ays\u00e9n, el programa \u201cGastronom\u00eda Sustentable\u201d beneficiar\u00e1 a 30 emprendimientos locales mediante innovaci\u00f3n culinaria y est\u00e1ndares internacionales de sostenibilidad.<\/em><\/p>\n<p style=\"text-align: justify;\">Con la participaci\u00f3n de actores p\u00fablicos y privados, se realiz\u00f3 el lanzamiento del Programa de Difusi\u00f3n Tecnol\u00f3gica \u201cGastronom\u00eda Sustentable\u201d, una iniciativa impulsada por Corfo Ays\u00e9n y ejecutado por Guazzini Consultores, y que cuenta con el apoyo de la C\u00e1mara de turismo de Puerto Ays\u00e9n y el Consejo del Salm\u00f3n. El proyecto busca mejorar la competitividad y sostenibilidad de 30 emprendimientos tur\u00edsticos y gastron\u00f3micos mediante la aplicaci\u00f3n de metodolog\u00edas de econom\u00eda circular, fortaleciendo as\u00ed la identidad culinaria local y promoviendo a Ays\u00e9n como un destino tur\u00edstico con sello propio.<\/p>\n<p style=\"text-align: justify;\">Este programa forma parte de las iniciativas priorizadas por el Comit\u00e9 de Desarrollo Productivo (CDP) de Ays\u00e9n durante 2024, instancia estrat\u00e9gica que ha permitido avanzar en la descentralizaci\u00f3n efectiva de las pol\u00edticas p\u00fablicas, dotando a la regi\u00f3n de herramientas para tomar decisiones pertinentes a su territorio. La iniciativa contempla talleres, asistencia t\u00e9cnica y la entrega de soluciones tecnol\u00f3gicas para optimizar procesos relacionados con el uso del agua, energ\u00eda y materias primas, as\u00ed como la gesti\u00f3n de residuos, integrando est\u00e1ndares globales del Consejo Global de Turismo Sostenible (GSTC).<\/p>\n<p style=\"text-align: justify;\">Desde Corfo Ays\u00e9n, su director Humberto Mar\u00edn recalc\u00f3 el compromiso institucional con el desarrollo econ\u00f3mico sostenible. \u201cEste proyecto aborda dos sectores fundamentales para Ays\u00e9n: el turismo y la salmonicultura. Queremos generar identidad gastron\u00f3mica regional, entregar valor agregado a nuestros productos y fortalecer la econom\u00eda del litoral. Invitamos a todas y todos quienes est\u00e1n vinculados al rubro a aprovechar esta oportunidad de crecimiento conjunto, con foco en la innovaci\u00f3n y la sustentabilidad\u201d.<\/p>\n<p style=\"text-align: justify;\">La alianza entre turismo y salmonicultura fue destacada como una oportunidad estrat\u00e9gica para el desarrollo regional. Claudio Montecinos, director de Sernatur, valor\u00f3 el enfoque colaborativo del programa, subrayando que \u201ces fundamental articular esfuerzos entre los sectores p\u00fablico y privado para diversificar la oferta tur\u00edstica con identidad local y criterios de sostenibilidad\u201d. En esa l\u00ednea, Loreto Seguel, presidenta ejecutiva del Consejo del Salm\u00f3n, enfatiz\u00f3 que \u201cesta es una alianza virtuosa que impulsa a Ays\u00e9n como un referente de gastronom\u00eda sustentable, integrando tecnolog\u00edas innovadoras y resaltando el aporte de la salmonicultura, que representa m\u00e1s del 26% del PIB regional, como motor de progreso para las comunidades locales\u201d. Ambos coincidieron en la importancia de posicionar a Ays\u00e9n como un destino que ofrezca experiencias \u00fanicas y sostenibles, con base en sus ventajas comparativas y riqueza territorial.<\/p>\n<p style=\"text-align: justify;\">Para quienes participan directamente del rubro tur\u00edstico, este programa representa una oportunidad concreta de crecimiento y consolidaci\u00f3n. Edgardo Avello, presidente de la C\u00e1mara de Turismo de Puerto Ays\u00e9n, destac\u00f3 que \u201cel paso de una etapa piloto a una segunda versi\u00f3n demuestra la madurez de esta alianza, que nos permite desarrollar mejores productos, capacitarnos y construir una ruta gastron\u00f3mica propia\u201d. Por su parte, Lorena Pladellorens, emprendedora de Ecoturismo La Pancha, valor\u00f3 la posibilidad de incorporar valor agregado al salm\u00f3n como recurso local. \u201cNos est\u00e1n entregando herramientas reales para mejorar nuestra oferta, ojal\u00e1 incluso generar una carta com\u00fan que posicione a Ays\u00e9n como un destino donde tambi\u00e9n se viene a comer salm\u00f3n\u201d. Ambos coincidieron en que el \u00e9xito del proyecto depende del compromiso colectivo de emprendedores, instituciones y la comunidad para desarrollar un destino competitivo y con identidad.<\/p>\n<p style=\"text-align: justify;\">El desaf\u00edo de construir una identidad gastron\u00f3mica regional con enfoque sostenible fue tambi\u00e9n abordado por Jaime Guazzini, director ejecutivo de Guazzini Consultores, quien destac\u00f3 que el objetivo del programa es transferir conocimientos, capacidades y herramientas concretas a los emprendimientos beneficiarios. \u201cQueremos que los productos gastron\u00f3micos de Ays\u00e9n tengan un sello propio, basado en la econom\u00eda circular y en la articulaci\u00f3n entre turismo y salmonicultura. As\u00ed se fortalece la competitividad del destino y se abre la puerta a nuevos mercados\u201d, se\u00f1al\u00f3. Esta mirada se alinea con la visi\u00f3n de Humberto Mar\u00edn, director de Corfo Ays\u00e9n, quien subray\u00f3 que \u201cla colaboraci\u00f3n entre el mundo p\u00fablico, privado y la academia es clave para consolidar una oferta tur\u00edstica con identidad local y valor agregado, que potencie la econom\u00eda regional desde sus propias fortalezas\u201d, concluy\u00f3.<\/p>\n<p style=\"text-align: justify;\">\n<\/div>\n<\/div><\/section><\/div><div  style='height:50px' class='hr hr-invisible   avia-builder-el-6  el_after_av_one_full  el_before_av_social_share '><span class='hr-inner ' ><span class='hr-inner-style'><\/span><\/span><\/div><\/p>\n<div  class='av-social-sharing-box  avia-builder-el-7  el_after_av_hr  el_before_av_hr  '><div class='av-share-box'><h5 class='av-share-link-description av-no-toc '>Compartir esta noticia<\/h5><ul class='av-share-box-list noLightbox'><li class='av-share-link av-social-link-facebook' ><a target=\"_blank\" aria-label=\"Compartir en Facebook\" href='https:\/\/www.facebook.com\/sharer.php?u=https:\/\/radiorevelacionfm.cl\/?p=51790&#038;t=Ays%C3%A9n%20lanza%20proyecto%20gastron%C3%B3mico%20sostenible%20para%20impulsar%20el%20turismo%20y%20la%20identidad%20local' aria-hidden='false' data-av_icon='\ue8f3' data-av_iconfont='entypo-fontello' title='' data-avia-related-tooltip='Compartir en Facebook' rel=\"noopener\"><span class='avia_hidden_link_text'>Compartir en Facebook<\/span><\/a><\/li><li class='av-share-link av-social-link-twitter' ><a target=\"_blank\" aria-label=\"Compartir en Twitter\" href='https:\/\/twitter.com\/share?text=Ays%C3%A9n%20lanza%20proyecto%20gastron%C3%B3mico%20sostenible%20para%20impulsar%20el%20turismo%20y%20la%20identidad%20local&#038;url=https:\/\/radiorevelacionfm.cl\/?p=51790' aria-hidden='false' data-av_icon='\ue8f1' data-av_iconfont='entypo-fontello' title='' data-avia-related-tooltip='Compartir en Twitter' rel=\"noopener\"><span class='avia_hidden_link_text'>Compartir en Twitter<\/span><\/a><\/li><li class='av-share-link av-social-link-whatsapp' ><a target=\"_blank\" aria-label=\"Compartir en Whatsapp\" href='https:\/\/api.whatsapp.com\/send?text=https:\/\/radiorevelacionfm.cl\/?p=51790' aria-hidden='false' data-av_icon='\uf232' data-av_iconfont='entypo-fontello' title='' data-avia-related-tooltip='Compartir en Whatsapp' rel=\"noopener\"><span class='avia_hidden_link_text'>Compartir en Whatsapp<\/span><\/a><\/li><li class='av-share-link av-social-link-linkedin' ><a target=\"_blank\" aria-label=\"Compartir en LinkedIn\" href='https:\/\/linkedin.com\/shareArticle?mini=true&#038;title=Ays%C3%A9n%20lanza%20proyecto%20gastron%C3%B3mico%20sostenible%20para%20impulsar%20el%20turismo%20y%20la%20identidad%20local&#038;url=https:\/\/radiorevelacionfm.cl\/?p=51790' aria-hidden='false' data-av_icon='\ue8fc' data-av_iconfont='entypo-fontello' title='' data-avia-related-tooltip='Compartir en LinkedIn' rel=\"noopener\"><span class='avia_hidden_link_text'>Compartir en LinkedIn<\/span><\/a><\/li><li class='av-share-link av-social-link-mail' ><a  aria-label=\"Compartir por correo\" href='mailto:?subject=Ays%C3%A9n%20lanza%20proyecto%20gastron%C3%B3mico%20sostenible%20para%20impulsar%20el%20turismo%20y%20la%20identidad%20local&#038;body=https:\/\/radiorevelacionfm.cl\/?p=51790' aria-hidden='false' data-av_icon='\ue805' data-av_iconfont='entypo-fontello' title='' data-avia-related-tooltip='Compartir por correo'><span class='avia_hidden_link_text'>Compartir por correo<\/span><\/a><\/li><\/ul><\/div><\/div>\n<div  style='height:50px' class='hr hr-invisible   avia-builder-el-8  el_after_av_social_share  el_before_av_comments_list '><span class='hr-inner ' ><span class='hr-inner-style'><\/span><\/span><\/div>\n<div  class='av-buildercomment  av-blog-meta-html-info-disabled av-blog-meta-tag-disabled  '><\/div>\n","protected":false},"excerpt":{"rendered":"","protected":false},"author":1,"featured_media":51791,"comment_status":"open","ping_status":"open","sticky":false,"template":"","format":"standard","meta":{"footnotes":""},"categories":[38],"tags":[],"class_list":["post-51790","post","type-post","status-publish","format-standard","has-post-thumbnail","hentry","category-regional"],"jetpack_featured_media_url":"https:\/\/radiorevelacionfm.cl\/wp-content\/uploads\/2025\/03\/03_Ceremonia-Aventura-del-Salmon-2-2-2.jpg","_links":{"self":[{"href":"https:\/\/radiorevelacionfm.cl\/index.php?rest_route=\/wp\/v2\/posts\/51790","targetHints":{"allow":["GET"]}}],"collection":[{"href":"https:\/\/radiorevelacionfm.cl\/index.php?rest_route=\/wp\/v2\/posts"}],"about":[{"href":"https:\/\/radiorevelacionfm.cl\/index.php?rest_route=\/wp\/v2\/types\/post"}],"author":[{"embeddable":true,"href":"https:\/\/radiorevelacionfm.cl\/index.php?rest_route=\/wp\/v2\/users\/1"}],"replies":[{"embeddable":true,"href":"https:\/\/radiorevelacionfm.cl\/index.php?rest_route=%2Fwp%2Fv2%2Fcomments&post=51790"}],"version-history":[{"count":1,"href":"https:\/\/radiorevelacionfm.cl\/index.php?rest_route=\/wp\/v2\/posts\/51790\/revisions"}],"predecessor-version":[{"id":51792,"href":"https:\/\/radiorevelacionfm.cl\/index.php?rest_route=\/wp\/v2\/posts\/51790\/revisions\/51792"}],"wp:featuredmedia":[{"embeddable":true,"href":"https:\/\/radiorevelacionfm.cl\/index.php?rest_route=\/wp\/v2\/media\/51791"}],"wp:attachment":[{"href":"https:\/\/radiorevelacionfm.cl\/index.php?rest_route=%2Fwp%2Fv2%2Fmedia&parent=51790"}],"wp:term":[{"taxonomy":"category","embeddable":true,"href":"https:\/\/radiorevelacionfm.cl\/index.php?rest_route=%2Fwp%2Fv2%2Fcategories&post=51790"},{"taxonomy":"post_tag","embeddable":true,"href":"https:\/\/radiorevelacionfm.cl\/index.php?rest_route=%2Fwp%2Fv2%2Ftags&post=51790"}],"curies":[{"name":"wp","href":"https:\/\/api.w.org\/{rel}","templated":true}]}}